{"id":424603,"date":"2025-09-28T21:21:28","date_gmt":"2025-09-28T21:21:28","guid":{"rendered":"https:\/\/www.europesays.com\/fr\/424603\/"},"modified":"2025-09-28T21:21:28","modified_gmt":"2025-09-28T21:21:28","slug":"jaime-beaucoup-lire-les-tombes-la-romanciere-francaise-valerie-peronnet-sest-inspiree-doka-pour-la-maison-poussiere","status":"publish","type":"post","link":"https:\/\/www.europesays.com\/fr\/424603\/","title":{"rendered":"\u00abJ\u2019aime beaucoup lire les tombes\u00bb: la romanci\u00e8re fran\u00e7aise Val\u00e9rie P\u00e9ronnet s\u2019est inspir\u00e9e d\u2019Oka pour \u00abLa maison poussi\u00e8re\u00bb"},"content":{"rendered":"<p><strong>Romanci\u00e8re fran\u00e7aise et journaliste ind\u00e9pendante, Val\u00e9rie P\u00e9ronnet a imagin\u00e9 l\u2019histoire d\u2019une maison pos\u00e9e sur le bord d\u2019une autoroute \u00e0 huit voies de Montr\u00e9al dans ce roman r\u00e9\u00e9dit\u00e9 chez Flammarion Qu\u00e9bec. Tandis qu\u2019une Fran\u00e7aise y emm\u00e9nage et entreprend de la r\u00e9nover, les secrets des anciens occupants se d\u00e9voilent.<\/strong><\/p>\n<p>                <a class=\"fancybox\" rel=\"group noopener\" href=\"https:\/\/m1.quebecormedia.com\/emp\/emp\/403a0ba0-81f2-11f0-8d60-17f564e02a5a_ORIGINAL.jpg?impolicy=crop-resize&amp;x=0&amp;y=0&amp;w=1200&amp;h=1884&amp;width=1400\" target=\"_blank\"><\/p>\n<p>                  <img decoding=\"async\"  src=\"https:\/\/www.europesays.com\/fr\/wp-content\/uploads\/2025\/09\/403a0ba0-81f2-11f0-8d60-17f564e02a5a_ORIGINAL.jpg\" class=\"story-img\" alt=\"\u00abLa maison poussi\u00e8re\u00bb, de Val\u00e9rie P\u00e9ronnet, est \u00e9dit\u00e9 chez Flammarion Qu\u00e9bec.\"\/><br \/>\n                <\/a><\/p>\n<p>                    \u00abLa maison poussi\u00e8re\u00bb, de Val\u00e9rie P\u00e9ronnet, est \u00e9dit\u00e9 chez Flammarion Qu\u00e9bec.<\/p>\n<p>                    \u00a9 \u00c9ditions Flammarion Qu\u00e9bec<\/p>\n<p>Pos\u00e9e sur le bord d\u2019une autoroute \u00e0 huit voies, sur l\u2019\u00eele de Montr\u00e9al, la maison poussi\u00e8re semble r\u00e9sister encore et toujours \u00e0 l\u2019urbanisation. Un hiver, une inconnue d\u00e9cide d\u2019y emm\u00e9nager. La vieille b\u00e2tisse bleue, toute surprise, se questionne: comment se fait-il qu\u2019une Fran\u00e7aise apparaisse entre ses murs, apr\u00e8s tant d\u2019ann\u00e9es d\u2019abandon et de solitude?<\/p>\n<p>Les souvenirs anciens s\u2019effacent sous les nouvelles couches de peinture. Pourtant, deux s\u0153urs ont longtemps habit\u00e9 dans cette fameuse maison poussi\u00e8re: \u00c9merencienne et Dumontine.<\/p>\n<p>  <strong>Un livre ch\u00e9ri<\/strong><\/p>\n<p>\u00abCette maison poussi\u00e8re est un vrai cadeau pour moi\u00bb, dit Val\u00e9rie P\u00e9ronnet en entrevue. \u00abC\u2019est vraiment un livre ch\u00e9ri parce qu\u2019il se passe \u00e0 Montr\u00e9al et que moi, depuis la pand\u00e9mie, je n\u2019y suis pas retourn\u00e9e. J\u2019avais l\u2019habitude et le bonheur d\u2019y aller tr\u00e8s r\u00e9guli\u00e8rement. \u00c7a me manque beaucoup. Je trouve \u00e7a extraordinaire que ma Maison retourne chez elle!\u00bb<\/p>\n<p>Val\u00e9rie P\u00e9ronnet fr\u00e9quente la ville depuis 35 ans. \u00abJ\u2019ai eu une bourse de l\u2019Office franco-qu\u00e9b\u00e9cois pour la jeunesse et je suis venue il y a 35 ans faire un voyage avec une amie photographe. On est all\u00e9es jusqu\u2019\u00e0 Mingan pour rencontrer des Montagnais.\u00bb<\/p>\n<p>Apr\u00e8s ce premier voyage, suivi d\u2019une exposition de photos, elle est revenue presque tous les ans, retrouvant avec bonheur son amie Madeleine Bourgeois, responsable des programmes d\u2019\u00e9change \u00e0 l\u2019OFQJ.<\/p>\n<p>  <strong>\u00abSors-moi d\u2019ici!\u00bb<\/strong><\/p>\n<p>\u00ab\u00c0 chaque fois qu\u2019on prenait le boulevard M\u00e9tropolitain pour aller au centre-ville de Montr\u00e9al, on passait devant cette maison pos\u00e9e au bord du boulevard M\u00e9tropolitain. \u00c0 chaque fois que je passais devant cette maison, j\u2019avais l\u2019impression qu\u2019elle me disait: \u201cAu secours! Sors-moi d\u2019ici!\u201d J\u2019ai fini par lui inventer une histoire.\u00bb<\/p>\n<p>Cette maison est toujours l\u00e0 et n\u2019a pas \u00e9t\u00e9 expropri\u00e9e. \u00abPour la Fran\u00e7aise que je suis, c\u2019est assez \u00e9tonnant parce que chez nous, quand c\u2019est si pr\u00e8s de la route, on exproprie. Elle est au bord de la voie de service.\u00bb<\/p>\n<p>  <strong>Le cimeti\u00e8re d\u2019Oka<\/strong><\/p>\n<p>L\u2019autre morceau de l\u2019histoire, ajoute Val\u00e9rie P\u00e9ronnet, c\u2019est qu\u2019avec ses amis, elle est all\u00e9e dans le vieux cimeti\u00e8re d\u2019Oka. \u00abJ\u2019aime beaucoup lire les tombes parce que je trouve qu\u2019elles racontent une histoire. Surtout dans un pays qui n\u2019est pas le mien. Chez vous, \u00e7a raconte toute l\u2019histoire de l\u2019immigration, vague apr\u00e8s vague. \u00c7a me touche toujours beaucoup et je suis particuli\u00e8rement sensible \u00e0 l\u2019histoire des femmes.\u00bb<\/p>\n<p>\u00abDans les vieux cimeti\u00e8res, on voit des femmes et en dessous: 10 enfants, 15 enfants, avec des dates de naissance et des dates de mort qui sont tr\u00e8s proches des dates de naissance. Je pense toujours \u00e0 ces femmes qui ont eu des vies de chagrin, beaucoup. Le vieux cimeti\u00e8re d\u2019Oka est extraordinaire: chaque tombe raconte une histoire.\u00bb<\/p>\n<p>  <strong>Des pr\u00e9noms inspirants<\/strong><\/p>\n<p>Val\u00e9rie P\u00e9ronnet est tomb\u00e9e en admiration devant tous les pr\u00e9noms inscrits sur les pierres tombales. \u00abJ\u2019ai imagin\u00e9 une ma\u00eetresse d\u2019\u00e9cole qui faisait l\u2019appel, le matin, et qui appelait tous ces gens aux noms extraordinaires. J\u2019ai trouv\u00e9 \u00e7a super beau: je trouvais que \u00e7a ressemblait \u00e0 une chanson de Gilles Vigneault.\u00bb<\/p>\n<p>Elle a pris en photo toutes les tombes. \u00abJe suis revenue avec \u00e7a et quand La maison poussi\u00e8re a commenc\u00e9 \u00e0 venir, je savais qu\u2019elle serait habit\u00e9e par une institutrice dont les \u00e9l\u00e8ves auraient ces noms-l\u00e0.\u00bb<\/p>\n<p>Pour ne pas heurter les \u00e9ventuels descendants de tous ces gens, Val\u00e9rie P\u00e9ronnet a eu la d\u00e9licatesse de changer les noms et pr\u00e9noms dans son roman. \u00abJ\u2019ai fait une liste de pr\u00e9noms et une liste des noms de famille et j\u2019ai m\u00e9lang\u00e9 pour que ce ne soit pas les vraies personnes qui sont enterr\u00e9es \u00e0 Oka. Mais tous ces noms et ces pr\u00e9noms viennent de l\u00e0.\u00bb<\/p>\n<ul>\n<li dir=\"auto\"><strong>Val\u00e9rie P\u00e9ronnet est une romanci\u00e8re fran\u00e7aise et une journaliste ind\u00e9pendante qui a longtemps travaill\u00e9 pour <\/strong><strong>Psychologies Magazine.<\/strong><\/li>\n<li dir=\"auto\"><strong>Elle a pr\u00eat\u00e9 sa plume \u00e0 de nombreux ouvrages avant de publier des romans sous son propre nom.<\/strong><\/li>\n<li dir=\"auto\"><strong>Elle a co\u00e9crit \u00e9galement une s\u00e9rie de polars avec Marie-Laure Brunel-Dupin, premi\u00e8re profileuse fran\u00e7aise.<\/strong><\/li>\n<li dir=\"auto\"><strong>Elle rencontrera ses lecteurs qu\u00e9b\u00e9cois \u00e0 la librairie du square Outremont, le 14 octobre.<\/strong><\/li>\n<li dir=\"auto\"><strong>Publi\u00e9 en France chez J\u2019ai lu, <\/strong><strong>La maison poussi\u00e8re <\/strong><strong>a \u00e9t\u00e9 laur\u00e9at<\/strong> <strong>du prix Club des lecteurs J\u2019ai Lu en 2023.<\/strong><\/li>\n<\/ul>\n<blockquote>\n<p>   \u00abC\u2019est un hiver tr\u00e8s dur. Un hiver de pluie, de neige et de vents glac\u00e9s qui font craquer les murs et souffrir les toitures. De noirceurs interminables, de ciels fous. Un hiver sans mots, sans douceur, sans personne.\u00bb<\/p>\n<\/blockquote>\n<blockquote>\n<p>   \u2013 Val\u00e9rie P\u00e9ronnet, La maison poussi\u00e8re, \u00c9ditions Flammarion Qu\u00e9bec<\/p>\n<\/blockquote>\n<p class=\"toreadalso-fromEMP\"><strong>\u2022 \u00c0 lire aussi: <\/strong><a href=\"https:\/\/www.journaldemontreal.com\/2025\/08\/31\/la-rentree-litteraire-est-marquee-par-la-sortie-de-nombreux-best-sellers-des-romans-et-des-recits-tres-attendus-dauteurs-renommes-dici-et-dailleurs\" target=\"a9e09c76-aaeb-423e-b454-95688f163003\" rel=\"noopener\"><strong>16 romans tr\u00e8s attendus d\u2019auteurs renomm\u00e9s d\u2019ici et d\u2019ailleurs<\/strong><\/a><\/p>\n<p class=\"toreadalso-fromEMP\"><strong>\u2022 \u00c0 lire aussi: <\/strong><a href=\"https:\/\/www.journaldemontreal.com\/2025\/08\/03\/une-oasis-boisee-pour-les-familles-les-randonneurs-les-cavaliers-et-les-adeptes-de-velo-de-montagne\" target=\"286c9b92-5298-49d1-a65b-92dfacafbeeb\" rel=\"noopener\"><strong>Une oasis bois\u00e9e pour les familles, les randonneurs, les cavaliers et les adeptes de v\u00e9lo de montagne<\/strong><\/a><\/p>\n<p class=\"toreadalso-fromEMP\"><strong>\u2022 \u00c0 lire aussi: <\/strong><a href=\"https:\/\/www.journaldemontreal.com\/2025\/07\/27\/cecile-mury-a-imagine-une-comedie-romantique-hilarante-mettant-en-vedette-une-journaliste-maladroite-et-un-acteur-bien-en-vue\" target=\"415510e2-918b-4504-9406-e773ef910111\" rel=\"noopener\"><strong>C\u00e9cile Mury a imagin\u00e9 une com\u00e9die romantique hilarante, mettant en vedette une journaliste maladroite et un acteur bien en vue <\/strong><\/a><\/p>\n<p class=\"toreadalso-fromEMP\"><strong>\u2022 \u00c0 lire aussi: <\/strong><a href=\"https:\/\/www.journaldemontreal.com\/2025\/08\/03\/carmen-belzile-sest-inspiree-du-sort-economique-incertain-de-nombreux-villages-du-quebec-et-de-la-determination-de-leurs-habitants-pour-ecrire-son-nouveau-roman\" target=\"8a235680-47e8-4154-b9a7-d183c2b72476\" rel=\"noopener\"><strong>\u00abJe me sens un grand sentiment d\u2019appartenance aux r\u00e9gions\u00bb: la romanci\u00e8re Carmen Belzile \u00e0 la d\u00e9fense des villages du Qu\u00e9bec dans son roman \u00abUn village en h\u00e9ritage\u00bb<\/strong><\/a><\/p>\n","protected":false},"excerpt":{"rendered":"Romanci\u00e8re fran\u00e7aise et journaliste ind\u00e9pendante, Val\u00e9rie P\u00e9ronnet a imagin\u00e9 l\u2019histoire d\u2019une maison pos\u00e9e sur le bord d\u2019une autoroute&hellip;\n","protected":false},"author":2,"featured_media":424604,"comment_status":"","ping_status":"","sticky":false,"template":"","format":"standard","meta":{"footnotes":""},"categories":[1357],"tags":[1379,58,59,1011,27,1380],"class_list":{"0":"post-424603","1":"post","2":"type-post","3":"status-publish","4":"format-standard","5":"has-post-thumbnail","7":"category-livres","8":"tag-books","9":"tag-divertissement","10":"tag-entertainment","11":"tag-fr","12":"tag-france","13":"tag-livres"},"share_on_mastodon":{"url":"https:\/\/pubeurope.com\/@fr\/115284023154112586","error":""},"_links":{"self":[{"href":"https:\/\/www.europesays.com\/fr\/wp-json\/wp\/v2\/posts\/424603","targetHints":{"allow":["GET"]}}],"collection":[{"href":"https:\/\/www.europesays.com\/fr\/wp-json\/wp\/v2\/posts"}],"about":[{"href":"https:\/\/www.europesays.com\/fr\/wp-json\/wp\/v2\/types\/post"}],"author":[{"embeddable":true,"href":"https:\/\/www.europesays.com\/fr\/wp-json\/wp\/v2\/users\/2"}],"replies":[{"embeddable":true,"href":"https:\/\/www.europesays.com\/fr\/wp-json\/wp\/v2\/comments?post=424603"}],"version-history":[{"count":0,"href":"https:\/\/www.europesays.com\/fr\/wp-json\/wp\/v2\/posts\/424603\/revisions"}],"wp:featuredmedia":[{"embeddable":true,"href":"https:\/\/www.europesays.com\/fr\/wp-json\/wp\/v2\/media\/424604"}],"wp:attachment":[{"href":"https:\/\/www.europesays.com\/fr\/wp-json\/wp\/v2\/media?parent=424603"}],"wp:term":[{"taxonomy":"category","embeddable":true,"href":"https:\/\/www.europesays.com\/fr\/wp-json\/wp\/v2\/categories?post=424603"},{"taxonomy":"post_tag","embeddable":true,"href":"https:\/\/www.europesays.com\/fr\/wp-json\/wp\/v2\/tags?post=424603"}],"curies":[{"name":"wp","href":"https:\/\/api.w.org\/{rel}","templated":true}]}}