{"id":424609,"date":"2025-09-28T21:24:17","date_gmt":"2025-09-28T21:24:17","guid":{"rendered":"https:\/\/www.europesays.com\/fr\/424609\/"},"modified":"2025-09-28T21:24:17","modified_gmt":"2025-09-28T21:24:17","slug":"les-travaux-de-yann-arthus-bertrand-font-leur-retour-a-cherbourg-en-cotentin","status":"publish","type":"post","link":"https:\/\/www.europesays.com\/fr\/424609\/","title":{"rendered":"Les travaux de Yann Arthus-Bertrand font leur retour \u00e0 Cherbourg-en-Cotentin"},"content":{"rendered":"<p>            Par<br \/>\n        <strong><br \/>\n            <a href=\"https:\/\/actu.fr\/auteur\/ludivine-laniepce\" title=\"Consulter tous les articles de Ludivine Laniepce\" target=\"_blank\" rel=\"noopener\">Ludivine Laniepce<\/a><br \/>\n        <\/strong><\/p>\n<p>        Publi\u00e9 le<\/p>\n<p>            28 sept. 2025 \u00e0 16h54        <\/p>\n<p>Peut-\u00eatre vous reconna\u00eetrez-vous\u2026<\/p>\n<p class=\" wall-content\">\u00c0 partir du <b>mardi 30 septembre 2025<\/b>, plusieurs rendez-vous sont propos\u00e9s, notamment \u00e0 <a href=\"https:\/\/actu.fr\/normandie\/cherbourg-en-cotentin_50129\" target=\"_blank\" rel=\"noopener\">Cherbourg-en-Cotentin<\/a> (Manche), autour du projet men\u00e9 de longue date par Yann Arthus-Bertrand sur les Fran\u00e7ais et qui l\u2019avait <a href=\"https:\/\/actu.fr\/normandie\/cherbourg-en-cotentin_50129\/de-nombreux-habitants-du-cotentin-sont-photographies-par-yann-arthus-bertrand_59694496.html\" target=\"_blank\" rel=\"noopener\">men\u00e9 dans la cit\u00e9 portuaire<\/a> en juin\u00a02023.<\/p>\n<p class=\" wall-content\">Cette ann\u00e9e-l\u00e0, le photographe \u00e0 la <b>renomm\u00e9e internationale<\/b> avait install\u00e9 son studio itin\u00e9rant \u00e0 L\u2019Autre Lieu pendant quelques jours. Il avait alors invit\u00e9 les Cotentinais \u00e0 venir poser devant son objectif, dans une ambiance qu\u2019il voulait joyeuse. La Presse de la Manche, complice, avait inaugur\u00e9 le bal.<\/p>\n<p class=\" wall-content\">Au total, pr\u00e8s de 30\u2009000\u00a0personnes ont \u00e9t\u00e9 photographi\u00e9es en <b>France<\/b>. Un \u00ab\u2009<b>album de famille<\/b>\u2009\u00bb artistique, bien s\u00fbr, mais \u00e9galement sociologique soulignant \u00ab\u2009la complexe et riche diversit\u00e9 de celles et ceux qui peuplent la France\u2009\u00bb.<\/p>\n<p>Le livre<\/p>\n<p class=\" wall-content\">France, un album de famille, para\u00eetra le 1er\u00a0octobre. Ce livre, qui rassemble pr\u00e8s de 900 photographies de Yann Arthus-Bertrand, est l\u00e9gend\u00e9 par l\u2019historien Herv\u00e9 Le Bras.<\/p>\n<p class=\" wall-content\">Les Fran\u00e7ais ou les personnes vivant en France ainsi immortalis\u00e9s sont \u00ab\u2009li\u00e9s par leur m\u00e9tier, leur lieu de vie, leurs loisirs ou leurs croyances, invit\u00e9s \u00e0 rev\u00eatir leur tenue de travail ou du quotidien\u2009\u00bb.<\/p>\n<p>Vid\u00e9os : en ce moment sur Actu<\/p>\n<blockquote class=\"ac-article-quote wall-content\">\n<p>C\u2019est un message d\u2019amour \u00e0 ma France\u2009!<\/p>\n<p>Yann Arthus-Bertrand<\/p><\/blockquote>\n<p>L\u2019expo<\/p>\n<p class=\" wall-content\">Deuxi\u00e8me rendez-vous propos\u00e9 par le photographe\u2009: une <b>exposition<\/b>, jusqu\u2019au 2\u00a0novembre, \u00e0 l\u2019H\u00f4tel de Ville de <a href=\"https:\/\/actu.fr\/paris\/\" target=\"_blank\" rel=\"noopener\">Paris<\/a>. Sans surprise, Yann Arthus-Bertrand profitera l\u00e0 aussi de l\u2019occasion\u2026 pour prendre les visiteurs en photo.<\/p>\n<p>Votre r\u00e9gion, votre actu !<\/p>\n<p>Recevez chaque jour les infos qui comptent pour vous.<\/p>\n<p>\t<a href=\"https:\/\/actu.fr\/newsletter\" class=\"ac-btn ac-btn--corner ac-btn--medium ac-btn--blue800\" target=\"_blank\" rel=\"noopener\">S&rsquo;incrire<\/a><br \/>\nLe film<\/p>\n<p class=\" wall-content\">Le travail de Yann Arthus-Bertrand sur les Fran\u00e7ais donne \u00e9galement lieu \u00e0 la sortie d\u2019un <b>documentaire <\/b>au <b>cin\u00e9ma<\/b>. \u00ab\u2009France, une histoire d\u2019amour\u2009\u00bb, sous-titr\u00e9 \u00ab\u2009\u00c0 la rencontre de ceux qui ont choisi la solidarit\u00e9\u2009\u00bb et r\u00e9alis\u00e9 avec Micha\u00ebl Pitiot, sera pr\u00e9sent\u00e9 <a href=\"https:\/\/lepalace.org\/rendez-vous\/france-une-histoire-damour-avant-premiere\/\" target=\"_blank\" rel=\"noopener\">en avant-premi\u00e8re au cin\u00e9ma Le Palace<\/a>, \u00e0 \u00c9queurdreville-Hainneville, le mardi 30 septembre 2025 \u00e0 20\u2009h\u200930.<\/p>\n<p class=\" wall-content\">\u00ab\u2009Un voyage tendre aupr\u00e8s des Fran\u00e7ais qui s\u2019engagent et donnent un sens \u00e0 leur vie\u2009\u00bb, promet le <b>pr\u00e9sident <\/b>de la <a href=\"https:\/\/www.goodplanet.org\/fr\/\" target=\"_blank\" rel=\"noopener\">fondation GoodPlanet<\/a>, qui \u0153uvre de longue date pour une<b> \u00e9cologie humaniste<\/b>. Ce documentaire sera ensuite diffus\u00e9 dans les cin\u00e9mas \u00e0 partir du 5\u00a0novembre.<\/p>\n<p class=\" wall-content\">Personnalisez votre actualit\u00e9 en ajoutant vos villes et m\u00e9dias en favori avec <a href=\"https:\/\/moncompte.actu.fr\" title=\"D\u00e9couvez Mon Actu\" rel=\"nofollow noopener\" data-trk=\"{&quot;cta&quot;:{&quot;action&quot;:&quot;https:\\\/\\\/moncompte.actu.fr&quot;,&quot;category&quot;:&quot;mon compte&quot;,&quot;from&quot;:&quot;article footer&quot;,&quot;name&quot;:&quot;Mon actu&quot;,&quot;type&quot;:&quot;cta&quot;}}\" target=\"_blank\">Mon Actu<\/a>.<\/p>\n","protected":false},"excerpt":{"rendered":"Par Ludivine Laniepce Publi\u00e9 le 28 sept. 2025 \u00e0 16h54 Peut-\u00eatre vous reconna\u00eetrez-vous\u2026 \u00c0 partir du mardi 30&hellip;\n","protected":false},"author":2,"featured_media":424610,"comment_status":"","ping_status":"","sticky":false,"template":"","format":"standard","meta":{"footnotes":""},"categories":[1354],"tags":[3168,58,59,1346,1011,27,1652,1360,1756],"class_list":{"0":"post-424609","1":"post","2":"type-post","3":"status-publish","4":"format-standard","5":"has-post-thumbnail","7":"category-films","8":"tag-cotentin","9":"tag-divertissement","10":"tag-entertainment","11":"tag-films","12":"tag-fr","13":"tag-france","14":"tag-loisirs-culture","15":"tag-movies","16":"tag-photographie"},"share_on_mastodon":{"url":"https:\/\/pubeurope.com\/@fr\/115284034730112996","error":""},"_links":{"self":[{"href":"https:\/\/www.europesays.com\/fr\/wp-json\/wp\/v2\/posts\/424609","targetHints":{"allow":["GET"]}}],"collection":[{"href":"https:\/\/www.europesays.com\/fr\/wp-json\/wp\/v2\/posts"}],"about":[{"href":"https:\/\/www.europesays.com\/fr\/wp-json\/wp\/v2\/types\/post"}],"author":[{"embeddable":true,"href":"https:\/\/www.europesays.com\/fr\/wp-json\/wp\/v2\/users\/2"}],"replies":[{"embeddable":true,"href":"https:\/\/www.europesays.com\/fr\/wp-json\/wp\/v2\/comments?post=424609"}],"version-history":[{"count":0,"href":"https:\/\/www.europesays.com\/fr\/wp-json\/wp\/v2\/posts\/424609\/revisions"}],"wp:featuredmedia":[{"embeddable":true,"href":"https:\/\/www.europesays.com\/fr\/wp-json\/wp\/v2\/media\/424610"}],"wp:attachment":[{"href":"https:\/\/www.europesays.com\/fr\/wp-json\/wp\/v2\/media?parent=424609"}],"wp:term":[{"taxonomy":"category","embeddable":true,"href":"https:\/\/www.europesays.com\/fr\/wp-json\/wp\/v2\/categories?post=424609"},{"taxonomy":"post_tag","embeddable":true,"href":"https:\/\/www.europesays.com\/fr\/wp-json\/wp\/v2\/tags?post=424609"}],"curies":[{"name":"wp","href":"https:\/\/api.w.org\/{rel}","templated":true}]}}