{"id":424611,"date":"2025-09-28T21:25:17","date_gmt":"2025-09-28T21:25:17","guid":{"rendered":"https:\/\/www.europesays.com\/fr\/424611\/"},"modified":"2025-09-28T21:25:17","modified_gmt":"2025-09-28T21:25:17","slug":"sante-lage-critique-ou-le-corps-ne-pardonne-plus-vos-exces","status":"publish","type":"post","link":"https:\/\/www.europesays.com\/fr\/424611\/","title":{"rendered":"Sant\u00e9 : l\u2019\u00e2ge critique o\u00f9 le corps ne pardonne plus vos exc\u00e8s"},"content":{"rendered":"<p>             <a href=\"https:\/\/ma-sante.news\/wp-content\/uploads\/2025\/09\/a-quel-age-le-corps-ne-pardonne-plus-les-exces-tabac-cigarette-drogue-alcool-stress-dette-de-sommeil-Ma-Sante-.jpeg\" data-caption=\"Selon l\u2019OMS, plus de 80 % des maladies cardiovasculaires pourraient \u00eatre \u00e9vit\u00e9es en agissant d\u00e8s la quarantaine sur le tabac, l\u2019alcool, l\u2019alimentation et l\u2019activit\u00e9 physique. \u00a9 Adobe Stock \" rel=\"nofollow noopener\" target=\"_blank\"><img loading=\"lazy\" decoding=\"async\" width=\"696\" height=\"464\" class=\"entry-thumb td-modal-image ewww_webp_lazy_load\" src=\"data:image\/svg+xml,%3Csvg%20xmlns=\" http:=\"\" data-lazy- data-lazy- alt=\"Une femme qui fait la f\u00eate en ne se pr\u00e9occupant pas de l'exc\u00e8s d'alcool ou de cigarette consomm\u00e9.\" title=\"a\u0300 quel a\u0302ge le corps ne pardonne plus les exce\u0300s tabac cigarette drogue alcool stress dette de sommeil Ma Sante\u0301\" data-lazy-src=\"https:\/\/www.europesays.com\/fr\/wp-content\/uploads\/2025\/09\/a-quel-age-le-corps-ne-pardonne-plus-les-exces-tabac-cigarette-drogue-alcool-stress-dette-de-sommeil.jpeg\" data-lazy-src-webp=\"https:\/\/www.europesays.com\/fr\/wp-content\/uploads\/2025\/09\/a-quel-age-le-corps-ne-pardonne-plus-les-exces-tabac-cigarette-drogue-alcool-stress-dette-de-sommeil.jpeg.webp\" data-lazy-srcset-webp=\"https:\/\/www.europesays.com\/fr\/wp-content\/uploads\/2025\/09\/a-quel-age-le-corps-ne-pardonne-plus-les-exces-tabac-cigarette-drogue-alcool-stress-dette-de-sommeil.jpeg.webp 696w, https:\/\/ma-sante.news\/wp-content\/uploads\/2025\/09\/a-quel-age-le-corps-ne-pardonne-plus-les-exces-tabac-cigarette-drogue-alcool-stress-dette-de-sommeil-Ma-Sante--300x200.jpeg.webp 300w, https:\/\/ma-sante.news\/wp-content\/uploads\/2025\/09\/a-quel-age-le-corps-ne-pardonne-plus-les-exces-tabac-cigarette-drogue-alcool-stress-dette-de-sommeil-Ma-Sante--768x512.jpeg.webp 768w, https:\/\/ma-sante.news\/wp-content\/uploads\/2025\/09\/a-quel-age-le-corps-ne-pardonne-plus-les-exces-tabac-cigarette-drogue-alcool-stress-dette-de-sommeil-Ma-Sante--630x420.jpeg.webp 630w, https:\/\/ma-sante.news\/wp-content\/uploads\/2025\/09\/a-quel-age-le-corps-ne-pardonne-plus-les-exces-tabac-cigarette-drogue-alcool-stress-dette-de-sommeil-Ma-Sante-.jpeg.webp 800w\"\/><\/a>Selon l\u2019OMS, plus de 80 % des maladies cardiovasculaires pourraient \u00eatre \u00e9vit\u00e9es en agissant d\u00e8s la quarantaine sur le tabac, l\u2019alcool, l\u2019alimentation et l\u2019activit\u00e9 physique. \u00a9 Adobe Stock                                     \t\t\t             <a class=\"gofollow\" data-track=\"MjgsMCw2MA==\" href=\"https:\/\/ma-sante.news\/inscrivez-vous-a-notre-newsletter\/\" rel=\"nofollow noopener\" target=\"_blank\"><img loading=\"lazy\" decoding=\"async\" width=\"1068\" height=\"131\" src=\"data:image\/svg+xml,%3Csvg%20xmlns=\" http:=\"\" data-lazy-src=\"https:\/\/www.europesays.com\/fr\/wp-content\/uploads\/2025\/03\/banniere-newsletter.png\"\/><\/a> <\/p>\n<p>Pendant la jeunesse, l\u2019organisme joue souvent le r\u00f4le de tampon. <a href=\"https:\/\/ma-sante.news\/tabac-et-esperance-de-vie-combien-de-temps-perdons-nous-vraiment\/\" rel=\"nofollow noopener\" target=\"_blank\">Fumer un paquet<\/a>, boire trop d\u2019alcool ou <a href=\"https:\/\/ma-sante.news\/dette-de-sommeil-comment-rattraper-le-sommeil-perdu\/\" rel=\"nofollow noopener\" target=\"_blank\">n\u00e9gliger son sommeil <\/a>n\u2019ont pas d\u2019effets imm\u00e9diats visibles. Mais cette marge de man\u0153uvre n\u2019est pas \u00e9ternelle. <\/p>\n<p>Une \u00e9quipe de chercheurs de l\u2019universit\u00e9 de Jyv\u00e4skyl\u00e4 (Finlande) a suivi 326 personnes n\u00e9es en 1959 de l\u2019enfance jusqu\u2019\u00e0 61 ans. Leurs r\u00e9sultats, publi\u00e9s en 2025 dans Annals of Medicine, montrent que d\u00e8s 36 ans, la m\u00e9canique change.<\/p>\n<p>La tension art\u00e9rielle grimpe, le tour de taille augmente, le cholest\u00e9rol et les marqueurs inflammatoires s\u2019installent. Autrement dit, le corps ne parvient plus \u00e0 compenser les exc\u00e8s, et ces signaux silencieux deviennent les pr\u00e9mices de pathologies lourdes : <a href=\"https:\/\/ma-sante.news\/infarctus-causes-et-symptome-219871\/\" rel=\"nofollow noopener\" target=\"_blank\">infarctus<\/a>, <a href=\"https:\/\/ma-sante.news\/avc-maladies-meme-symptomes\/\" rel=\"nofollow noopener\" target=\"_blank\">AVC<\/a>, <a href=\"https:\/\/ma-sante.news\/diabete-la-genetique-est-elle-reellement-un-facteur-de-risque\/\" rel=\"nofollow noopener\" target=\"_blank\">diab\u00e8te<\/a>, cancers ou encore <a href=\"https:\/\/ma-sante.news\/et-si-depression-etait-une-question-de-genetique\/\" rel=\"nofollow noopener\" target=\"_blank\">d\u00e9pression<\/a>.<\/p>\n<p>        Quand le corps perd sa capacit\u00e9 de r\u00e9paration    <strong>Les chiffres fran\u00e7ais qui confirment l\u2019alerte<\/strong>    <\/p>\n<p>En France, la r\u00e9alit\u00e9 statistique fait \u00e9cho \u00e0 ces conclusions. <a href=\"https:\/\/ma-sante.news\/mortalite-en-france-ce-que-2023-nous-dit-vraiment-sur-la-sante-des-francais\/\" rel=\"nofollow noopener\" target=\"_blank\">Le tabac reste la premi\u00e8re cause de mortalit\u00e9 \u00e9vitable<\/a> avec environ 75 000 d\u00e9c\u00e8s par an, selon Sant\u00e9 publique France. Apr\u00e8s des progr\u00e8s notables entre 2014 et 2019 (le tabagisme quotidien est pass\u00e9 de 25 % \u00e0 18,5 % chez les adultes, selon la DREES), la tendance s\u2019est r\u00e9cemment stabilis\u00e9e, en particulier chez les 35-49 ans, <a href=\"https:\/\/ma-sante.news\/comment-arreter-de-fumer-apres-50-ans-sans-stress-ni-frustration\/\" rel=\"nofollow noopener\" target=\"_blank\">une tranche o\u00f9 l\u2019arr\u00eat devient plus difficile et les effets plus lourds<\/a>.<\/p>\n<p><a href=\"https:\/\/ma-sante.news\/sante-publique-vers-une-generation-sans-tabac-mais-toujours-avec-alcool\/\" rel=\"nofollow noopener\" target=\"_blank\">Du c\u00f4t\u00e9 de l\u2019alcool<\/a>, la cohorte Constances de l\u2019Inserm r\u00e9v\u00e8le qu\u2019une consommation \u00e0 risque \u00e9lev\u00e9 touche d\u00e9j\u00e0 pr\u00e8s de 6 % des hommes et 2 % des femmes entre 18 et 35 ans. Pass\u00e9 36 ans, ces habitudes accroissent fortement les risques de maladies chroniques du foie, de cancers et de troubles cognitifs.<\/p>\n<p>Quant au stress et \u00e0 la s\u00e9dentarit\u00e9, ils s\u2019imposent comme des fl\u00e9aux silencieux. L\u2019Organisation mondiale de la sant\u00e9 (OMS) recommande <a href=\"https:\/\/ma-sante.news\/10-000-pas-par-jour-le-mythe-qui-vous-fait-marcher-pour-rien\/\" rel=\"nofollow noopener\" target=\"_blank\">150 minutes d\u2019activit\u00e9 physique mod\u00e9r\u00e9e par semaine<\/a>. Or, pr\u00e8s de 40 % des Fran\u00e7ais n\u2019atteignent pas ce seuil apr\u00e8s 35 ans, selon Sant\u00e9 publique France. Alors, le risque de <a href=\"https:\/\/ma-sante.news\/diabete-ce-mal-qui-vous-guette-197847\/\" rel=\"nofollow noopener\" target=\"_blank\">diab\u00e8te de type 2<\/a>, <a href=\"https:\/\/ma-sante.news\/hypertension-arterielle-etes-vous-hypertendu-sans-le-savoir\/\" rel=\"nofollow noopener\" target=\"_blank\">d\u2019hypertension<\/a> et <a href=\"https:\/\/ma-sante.news\/obesite-pres-dun-quart-des-adultes-sont-concernes\/\" rel=\"nofollow noopener\" target=\"_blank\">d\u2019ob\u00e9sit\u00e9<\/a> s\u2019envole.<\/p>\n<p>        <strong>Pourquoi cette d\u00e9cennie est-elle d\u00e9cisive ?<\/strong>    <\/p>\n<p>Les maladies chroniques ne surgissent jamais du jour au lendemain. Elles se construisent dans l\u2019ombre, aliment\u00e9es par des ann\u00e9es d\u2019exc\u00e8s. Ce qui change entre 36 et 46 ans, c\u2019est que le corps franchit un seuil biologique. Les m\u00e9canismes de r\u00e9paration cellulaire et m\u00e9tabolique s\u2019essoufflent. L\u00e0 o\u00f9 l\u2019organisme \u201crattrapait\u201d les erreurs \u00e0 25 ans, il commence \u00e0 les enregistrer durablement \u00e0 40.<\/p>\n<p>Un fumeur qui arr\u00eate avant 30 ans retrouve une esp\u00e9rance de vie proche de celle d\u2019un non-fumeur. Mais apr\u00e8s 36 ans, le risque de mortalit\u00e9 reste significativement plus \u00e9lev\u00e9, m\u00eame en cas de sevrage.<\/p>\n<p>        Pass\u00e9 36 ans, faut-il c\u00e9der au fatalisme ?    <\/p>\n<p>La r\u00e9ponse est non. Tout n\u2019est pas perdu pass\u00e9 36 ans. Arr\u00eater de fumer, r\u00e9duire sa consommation d\u2019alcool, adopter une alimentation \u00e9quilibr\u00e9e, pratiquer une activit\u00e9 physique r\u00e9guli\u00e8re, mieux dormir et apprendre \u00e0 g\u00e9rer son stress peuvent encore transformer le pronostic.<\/p>\n<p>Les b\u00e9n\u00e9fices sont visibles parfois en quelques mois :\u00a0<\/p>\n<ul class=\"wp-block-list\">\n<li>baisse de la tension art\u00e9rielle,\u00a0<\/li>\n<li>perte de poids,\u00a0<\/li>\n<li>diminution du risque cardiovasculaire,\u00a0<\/li>\n<li>regain d\u2019\u00e9nergie\u00a0<\/li>\n<li>et am\u00e9lioration du moral.\u00a0<\/li>\n<\/ul>\n<p>Alors, oui, entre 36 et 46 ans, nos choix de vie comptent double. Mais cette p\u00e9riode repr\u00e9sente une v\u00e9ritable fen\u00eatre d\u2019opportunit\u00e9 pour pr\u00e9server sa sant\u00e9 future. Loin d\u2019\u00eatre un couperet, ce constat peut \u00eatre une chance : celle de reprendre la main, \u00e0 un \u00e2ge o\u00f9 il est encore possible d\u2019agir efficacement.<\/p>\n<blockquote class=\"wp-block-quote is-layout-flow wp-block-quote-is-layout-flow\">\n<p><strong>\u00c0 SAVOIR <\/strong><\/p>\n<p>Selon l\u2019Assurance Maladie, arr\u00eater de fumer avant 40 ans permet de r\u00e9duire de 90 % le risque de d\u00e9c\u00e8s li\u00e9 au tabac par rapport \u00e0 une poursuite du tabagisme.<\/p>\n<\/blockquote>\n<p>  <a class=\"gofollow\" data-track=\"MTIsMCw2MA==\" href=\"https:\/\/ma-sante.news\/annonceurs\/\" rel=\"nofollow noopener\" target=\"_blank\"><img loading=\"lazy\" decoding=\"async\" width=\"2560\" height=\"2133\" src=\"data:image\/svg+xml,%3Csvg%20xmlns=\" http:=\"\" data-lazy-src=\"https:\/\/www.europesays.com\/fr\/wp-content\/uploads\/2025\/03\/pub-annonceurs-4-scaled.jpg\"\/><\/a>    <img loading=\"lazy\" decoding=\"async\" width=\"755\" height=\"495\" src=\"data:image\/svg+xml,%3Csvg%20xmlns=\" http:=\"\" data-lazy-src=\"https:\/\/www.europesays.com\/fr\/wp-content\/uploads\/2025\/03\/Image1.jpg\" data-lazy-src-webp=\"https:\/\/www.europesays.com\/fr\/wp-content\/uploads\/2025\/03\/Image1.jpg.webp\" class=\"ewww_webp_lazy_load\"\/>Inscrivez-vous \u00e0 notre newsletter <br \/>Ma Sant\u00e9                      <\/p>\n","protected":false},"excerpt":{"rendered":"Selon l\u2019OMS, plus de 80 % des maladies cardiovasculaires pourraient \u00eatre \u00e9vit\u00e9es en agissant d\u00e8s la quarantaine sur&hellip;\n","protected":false},"author":2,"featured_media":424612,"comment_status":"","ping_status":"","sticky":false,"template":"","format":"standard","meta":{"footnotes":""},"categories":[10],"tags":[5702,1011,27,72,71,4990,6582],"class_list":{"0":"post-424611","1":"post","2":"type-post","3":"status-publish","4":"format-standard","5":"has-post-thumbnail","7":"category-sante","8":"tag-alcool","9":"tag-fr","10":"tag-france","11":"tag-health","12":"tag-sante","13":"tag-stress","14":"tag-tabac"},"share_on_mastodon":{"url":"https:\/\/pubeurope.com\/@fr\/115284038359316095","error":""},"_links":{"self":[{"href":"https:\/\/www.europesays.com\/fr\/wp-json\/wp\/v2\/posts\/424611","targetHints":{"allow":["GET"]}}],"collection":[{"href":"https:\/\/www.europesays.com\/fr\/wp-json\/wp\/v2\/posts"}],"about":[{"href":"https:\/\/www.europesays.com\/fr\/wp-json\/wp\/v2\/types\/post"}],"author":[{"embeddable":true,"href":"https:\/\/www.europesays.com\/fr\/wp-json\/wp\/v2\/users\/2"}],"replies":[{"embeddable":true,"href":"https:\/\/www.europesays.com\/fr\/wp-json\/wp\/v2\/comments?post=424611"}],"version-history":[{"count":0,"href":"https:\/\/www.europesays.com\/fr\/wp-json\/wp\/v2\/posts\/424611\/revisions"}],"wp:featuredmedia":[{"embeddable":true,"href":"https:\/\/www.europesays.com\/fr\/wp-json\/wp\/v2\/media\/424612"}],"wp:attachment":[{"href":"https:\/\/www.europesays.com\/fr\/wp-json\/wp\/v2\/media?parent=424611"}],"wp:term":[{"taxonomy":"category","embeddable":true,"href":"https:\/\/www.europesays.com\/fr\/wp-json\/wp\/v2\/categories?post=424611"},{"taxonomy":"post_tag","embeddable":true,"href":"https:\/\/www.europesays.com\/fr\/wp-json\/wp\/v2\/tags?post=424611"}],"curies":[{"name":"wp","href":"https:\/\/api.w.org\/{rel}","templated":true}]}}