{"id":424621,"date":"2025-09-28T21:30:12","date_gmt":"2025-09-28T21:30:12","guid":{"rendered":"https:\/\/www.europesays.com\/fr\/424621\/"},"modified":"2025-09-28T21:30:12","modified_gmt":"2025-09-28T21:30:12","slug":"nouvelles-interpellations-lors-de-manifestations-pour-le-deuxieme-jour-consecutif","status":"publish","type":"post","link":"https:\/\/www.europesays.com\/fr\/424621\/","title":{"rendered":"nouvelles interpellations lors de manifestations, pour le deuxi\u00e8me jour cons\u00e9cutif"},"content":{"rendered":"<p>\u00c0 Rabat, les forces de l\u2019ordre ont emp\u00each\u00e9 des groupes de jeunes de se rassembler en plusieurs points du centre-ville, o\u00f9 des dizaines de personnes ont \u00e9t\u00e9 interpell\u00e9es.<\/p>\n<p class=\"fig-paragraph\">Des dizaines de jeunes ont \u00e9t\u00e9 interpell\u00e9es dimanche au Maroc pour le deuxi\u00e8me jour cons\u00e9cutif, lors de\u00a0<a href=\"http:\/\/www.lefigaro.fr\/flash-eco\/maroc-manifestations-dans-plusieurs-villes-contre-la-vie-chere-20230409\" target=\"_blank\" data-fig-type=\"NewsFlash\" rel=\"noopener\" data-gtm-custom-categorie=\"navigation\" data-gtm-custom-action=\"crossclick\" data-gtm-custom-label=\"Contextuel\" data-gtm-event=\"customEventSPE\" data-fig-domain=\"LEFIGARO\">manifestations\u00a0<\/a>r\u00e9clamant \u00abune r\u00e9forme du syst\u00e8me \u00e9ducatif et des services de sant\u00e9 publique\u00bb, selon un journaliste de l&rsquo;AFP et une association de d\u00e9fense des droits humains.<\/p>\n<p class=\"fig-paragraph\">\u00c0\u00a0<a href=\"https:\/\/photo.lefigaro.fr\/voyages\/au-maroc-rabat-entre-en-scene-20250605\" target=\"_blank\" data-fig-type=\"SlideShowResource\" rel=\"noopener\" data-gtm-custom-categorie=\"navigation\" data-gtm-custom-action=\"crossclick\" data-gtm-custom-label=\"Contextuel\" data-gtm-event=\"customEventSPE\" data-fig-domain=\"LEFIGARO\">Rabat<\/a>, les forces de l&rsquo;ordre ont emp\u00each\u00e9 des groupes de jeunes de se rassembler en plusieurs points du centre-ville, o\u00f9 des dizaines de personnes ont \u00e9t\u00e9 interpell\u00e9es. Ces rassemblements, \u00e0 l&rsquo;appel d&rsquo;un collectif appel\u00e9 \u00abGenZ 212\u00bb &#8211; dont les fondateurs sont inconnus -, avaient \u00e9t\u00e9 d\u00e9j\u00e0 marqu\u00e9s samedi de dizaines d&rsquo;interpellations.<\/p>\n<p>                                    <a class=\"fig-a11y-skip a11y-hidden\" href=\"#fig-a11y-skip-main-inarticle\"><br \/>\n        Passer la publicit\u00e9<br \/>\n    <\/a><\/p>\n<p>Plus de 100 interpellations \u00e0 Rabat<\/p>\n<p class=\"fig-paragraph\">Hakim Sikouk, pr\u00e9sident de la section de Rabat de l&rsquo;Association marocaine des droits humains (AMDH), a fait \u00e9tat dimanche de \u00abplus de 100 interpellations \u00e0 Rabat et de dizaines d&rsquo;autres \u00e0 Casablanca, Marrakech, Agadir et Souk Sebt\u00bb. Selon Hakim Sikouk, les \u00abplus de 70\u00bb jeunes arr\u00eat\u00e9s la veille \u00e0 Rabat ont \u00e9t\u00e9 \u00abtous rel\u00e2ch\u00e9s\u00bb. Une fois leur identit\u00e9 v\u00e9rifi\u00e9e, ils sont lib\u00e9r\u00e9s progressivement, avait-il pr\u00e9cis\u00e9 samedi. L&rsquo;AFP n&rsquo;a pas r\u00e9ussi \u00e0 joindre la police et les autorit\u00e9s n&rsquo;ont fait aucun commentaire.<\/p>\n<p class=\"fig-paragraph\">Ces interpellations inhabituelles ont \u00e9t\u00e9 condamn\u00e9es par l&rsquo;AMDH, par une autre organisation marocaine des droits humains ainsi que par deux formations de l&rsquo;opposition, le Parti justice et d\u00e9veloppement (islamiste) et la F\u00e9d\u00e9ration de la gauche d\u00e9mocratique. Le groupe GenZ 212 avait lanc\u00e9 son appel sur la plateforme Discord il y a quelques jours se pr\u00e9sentant comme \u00abun espace de discussion\u00bb autour de \u00abquestions comme la sant\u00e9, l&rsquo;\u00e9ducation et la lutte contre la corruption\u00bb, clamant \u00abson amour pour la patrie\u00bb.<\/p>\n<p class=\"fig-body-link\">\n            \u00c0 lire aussi<br \/>\n        <a class=\"fig-body-link__link\" href=\"http:\/\/www.lefigaro.fr\/voyages\/guides\/le-maroc-accueillera-10-millions-de-touristes-francais-en-2030-projette-achraf-fayda-20250924\" target=\"_blank\" data-fig-type=\"Article\" rel=\"noopener\" data-gtm-custom-categorie=\"navigation\" data-gtm-custom-action=\"crossclick\" data-gtm-custom-label=\"Contextuel\" data-gtm-event=\"customEventSPE\" data-fig-domain=\"LEFIGARO\">\u00abLe Maroc accueillera 10 millions de touristes fran\u00e7ais en 2030\u00bb, projette Achraf Fayda<br \/>\n    <\/a>\n<\/p>\n<p class=\"fig-paragraph\">Au Maroc, les in\u00e9galit\u00e9s sociales restent un probl\u00e8me majeur qui touche principalement les jeunes et les femmes. Ces protestations interviennent dans un contexte tendu apr\u00e8s le d\u00e9c\u00e8s r\u00e9cent dans un h\u00f4pital public d&rsquo;Agadir de huit femmes enceintes admises pour des c\u00e9sariennes, selon les m\u00e9dias. Le directeur de l&rsquo;h\u00f4pital et plusieurs responsables locaux ont \u00e9t\u00e9 limog\u00e9s, une enqu\u00eate interne a \u00e9t\u00e9 diligent\u00e9e et des investissements annonc\u00e9s.<\/p>\n<p class=\"fig-paragraph\">Le 14 septembre, des heurts ont oppos\u00e9 des policiers et des manifestants d\u00e9non\u00e7ant des conditions pr\u00e9caires dans cet \u00e9tablissement (manque d&rsquo;\u00e9quipements et de m\u00e9dicaments), selon des vid\u00e9os sur les r\u00e9seaux sociaux. Une semaine plus tard, deux \u00absit-in\u00bb \u00e0 Tiznit, au sud d&rsquo;Agadir, et Essaouira ont \u00e9t\u00e9 interdits et une douzaine de personnes dont des membres de l&rsquo;AMDH ont \u00e9t\u00e9 interpell\u00e9s puis rel\u00e2ch\u00e9s.<\/p>\n","protected":false},"excerpt":{"rendered":"\u00c0 Rabat, les forces de l\u2019ordre ont emp\u00each\u00e9 des groupes de jeunes de se rassembler en plusieurs points&hellip;\n","protected":false},"author":2,"featured_media":424622,"comment_status":"","ping_status":"","sticky":false,"template":"","format":"standard","meta":{"footnotes":""},"categories":[5],"tags":[11,1011,27,14,2223,12,28],"class_list":{"0":"post-424621","1":"post","2":"type-post","3":"status-publish","4":"format-standard","5":"has-post-thumbnail","7":"category-international","8":"tag-actualites","9":"tag-fr","10":"tag-france","11":"tag-international","12":"tag-maroc","13":"tag-news","14":"tag-world"},"share_on_mastodon":{"url":"https:\/\/pubeurope.com\/@fr\/115284058010481159","error":""},"_links":{"self":[{"href":"https:\/\/www.europesays.com\/fr\/wp-json\/wp\/v2\/posts\/424621","targetHints":{"allow":["GET"]}}],"collection":[{"href":"https:\/\/www.europesays.com\/fr\/wp-json\/wp\/v2\/posts"}],"about":[{"href":"https:\/\/www.europesays.com\/fr\/wp-json\/wp\/v2\/types\/post"}],"author":[{"embeddable":true,"href":"https:\/\/www.europesays.com\/fr\/wp-json\/wp\/v2\/users\/2"}],"replies":[{"embeddable":true,"href":"https:\/\/www.europesays.com\/fr\/wp-json\/wp\/v2\/comments?post=424621"}],"version-history":[{"count":0,"href":"https:\/\/www.europesays.com\/fr\/wp-json\/wp\/v2\/posts\/424621\/revisions"}],"wp:featuredmedia":[{"embeddable":true,"href":"https:\/\/www.europesays.com\/fr\/wp-json\/wp\/v2\/media\/424622"}],"wp:attachment":[{"href":"https:\/\/www.europesays.com\/fr\/wp-json\/wp\/v2\/media?parent=424621"}],"wp:term":[{"taxonomy":"category","embeddable":true,"href":"https:\/\/www.europesays.com\/fr\/wp-json\/wp\/v2\/categories?post=424621"},{"taxonomy":"post_tag","embeddable":true,"href":"https:\/\/www.europesays.com\/fr\/wp-json\/wp\/v2\/tags?post=424621"}],"curies":[{"name":"wp","href":"https:\/\/api.w.org\/{rel}","templated":true}]}}