{"id":424623,"date":"2025-09-28T21:31:10","date_gmt":"2025-09-28T21:31:10","guid":{"rendered":"https:\/\/www.europesays.com\/fr\/424623\/"},"modified":"2025-09-28T21:31:10","modified_gmt":"2025-09-28T21:31:10","slug":"chantiers-a-rallonges-impayes-en-cascade-mauvaise-gestion-la-filiale-japonaise-de-gl-events-pointee-du-doigt-liberation","status":"publish","type":"post","link":"https:\/\/www.europesays.com\/fr\/424623\/","title":{"rendered":"chantiers \u00e0 rallonges, impay\u00e9s en cascade, mauvaise gestion\u2026 La filiale japonaise de GL Events point\u00e9e du doigt \u2013 Lib\u00e9ration"},"content":{"rendered":"<p class=\"sc-cPiKLX AiZTS text-element\">D\u00e9but septembre, Exposition universelle d\u2019Osaka, soleil de plomb, 36\u00b0C \u00e0 l\u2019ombre, 80% d\u2019humidit\u00e9 dans l\u2019air. Devant le pavillon de Malte, de nombreux visiteurs patientent plusieurs dizaines de minutes, une affluence r\u00e9jouissante pour le patron de la PME japonaise qui a construit ce b\u00e2timent. \u00abJ\u2019en suis fier. Son succ\u00e8s est une r\u00e9compense pour nous, dit l\u2019entrepreneur qui tient \u00e0 conserver l\u2019anonymat, le visage en sueur. Pourtant, je devrais plut\u00f4t penser que je n\u2019aurais jamais d\u00fb me lancer dans cette aventure.\u00bb A cause de ce chantier, sa soci\u00e9t\u00e9 est au bord de la faillite. \u00abC\u2019\u00e9tait un enfer\u00bb, dit-il. Et de d\u00e9signer un coupable : le ma\u00eetre d\u2019\u0153uvre, la filiale japonaise du groupe fran\u00e7ais GL Events, accus\u00e9e d\u2019avoir laiss\u00e9 des ardoises cons\u00e9quentes. <\/p>\n<p class=\"sc-cPiKLX AiZTS text-element\">Selon une estimation effectu\u00e9e par Lib\u00e9ration, GL Events Japan est accus\u00e9e de devoir directement ou indirectement plus de 3 millions d\u2019euros \u00e0 des entreprises ayant pris part aux chantiers de construction des b\u00e2timents de l\u2019Allemagne, de Malte, de la Serbie et de la Roumanie, quatre sites dont la filiale nippone de GL Events est le ma\u00eetre d\u2019\u0153uvre. La France n\u2019a pas eu recours \u00e0 cette soci\u00e9t\u00e9 pour l\u2019\u00e9dification de son b\u00e2timent \u00e0 Osaka. <\/p>\n<p class=\"sc-cPiKLX AiZTS text-element\">Depuis la fin des travaux d\u00e9but avril, ces impay\u00e9s ont provoqu\u00e9 la panique chez ces PME et PMI japonaises, dont certaines risquent de mettre la cl\u00e9 sous la porte. Dans cette fili\u00e8re du BTP o\u00f9 l\u2019on d\u00e9pend souvent de grosses soci\u00e9t\u00e9s primo contractantes et o\u00f9 l\u2019on craint d\u2019\u00eatre  <\/p>\n","protected":false},"excerpt":{"rendered":"D\u00e9but septembre, Exposition universelle d\u2019Osaka, soleil de plomb, 36\u00b0C \u00e0 l\u2019ombre, 80% d\u2019humidit\u00e9 dans l\u2019air. Devant le pavillon&hellip;\n","protected":false},"author":2,"featured_media":424624,"comment_status":"","ping_status":"","sticky":false,"template":"","format":"standard","meta":{"footnotes":""},"categories":[4],"tags":[11,672,1011,27,2070,7950,12,25,4868,3329],"class_list":{"0":"post-424623","1":"post","2":"type-post","3":"status-publish","4":"format-standard","5":"has-post-thumbnail","7":"category-france","8":"tag-actualites","9":"tag-allemagne","10":"tag-fr","11":"tag-france","12":"tag-japon","13":"tag-malte","14":"tag-news","15":"tag-republique-francaise","16":"tag-roumanie","17":"tag-serbie"},"share_on_mastodon":{"url":"https:\/\/pubeurope.com\/@fr\/115284061940763824","error":""},"_links":{"self":[{"href":"https:\/\/www.europesays.com\/fr\/wp-json\/wp\/v2\/posts\/424623","targetHints":{"allow":["GET"]}}],"collection":[{"href":"https:\/\/www.europesays.com\/fr\/wp-json\/wp\/v2\/posts"}],"about":[{"href":"https:\/\/www.europesays.com\/fr\/wp-json\/wp\/v2\/types\/post"}],"author":[{"embeddable":true,"href":"https:\/\/www.europesays.com\/fr\/wp-json\/wp\/v2\/users\/2"}],"replies":[{"embeddable":true,"href":"https:\/\/www.europesays.com\/fr\/wp-json\/wp\/v2\/comments?post=424623"}],"version-history":[{"count":0,"href":"https:\/\/www.europesays.com\/fr\/wp-json\/wp\/v2\/posts\/424623\/revisions"}],"wp:featuredmedia":[{"embeddable":true,"href":"https:\/\/www.europesays.com\/fr\/wp-json\/wp\/v2\/media\/424624"}],"wp:attachment":[{"href":"https:\/\/www.europesays.com\/fr\/wp-json\/wp\/v2\/media?parent=424623"}],"wp:term":[{"taxonomy":"category","embeddable":true,"href":"https:\/\/www.europesays.com\/fr\/wp-json\/wp\/v2\/categories?post=424623"},{"taxonomy":"post_tag","embeddable":true,"href":"https:\/\/www.europesays.com\/fr\/wp-json\/wp\/v2\/tags?post=424623"}],"curies":[{"name":"wp","href":"https:\/\/api.w.org\/{rel}","templated":true}]}}