{"id":424634,"date":"2025-09-28T21:40:12","date_gmt":"2025-09-28T21:40:12","guid":{"rendered":"https:\/\/www.europesays.com\/fr\/424634\/"},"modified":"2025-09-28T21:40:12","modified_gmt":"2025-09-28T21:40:12","slug":"bayonne-bat-toulon-grace-a-un-drop-de-segonds","status":"publish","type":"post","link":"https:\/\/www.europesays.com\/fr\/424634\/","title":{"rendered":"Bayonne bat Toulon gr\u00e2ce \u00e0 un drop de Segonds"},"content":{"rendered":"<p>Un drop \u00e0 l&rsquo;ultime minute de Joris Segonds a permis \u00e0 Bayonne de s&rsquo;imposer devant Toulon (35-32) dans un choc plein de suspense dimanche soir en cl\u00f4ture de la 4e journ\u00e9e de Top 14.<\/p>\n<p>Pour son premier gros test de la saison \u00e0 Jean-Dauger o\u00f9 il n&rsquo;a plus perdu depuis juin 2024, l&rsquo;Aviron a eu chaud, apr\u00e8s un premier acte pourtant ma\u00eetris\u00e9, mais a r\u00e9pondu pr\u00e9sent pour confirmer son bon d\u00e9but de saison comptable.<\/p>\n<p>Segonds \u00e0 la baguette<\/p>\n<p>Le RCT, derni\u00e8re \u00e9quipe invaincue avant ce d\u00e9placement, qui avait d\u00e9cid\u00e9 d&rsquo;aligner l&rsquo;\u00e9quipe pr\u00e9vue il y a une semaine face \u00e0 La Rochelle, a cravach\u00e9 tout du long pur rattraper son retard au score mais \u00e0 32-32, a constat\u00e9 que Segonds \u00e9tat bien le digne h\u00e9ritier de Camille Lopez.\u00a0<\/p>\n<p>Avec 25 points inscrits, une gestion efficace et des sorties de camp qui ont soulag\u00e9 plus d&rsquo;une fois dans son camp, Segonds a m\u00e9rit\u00e9 son titre d&rsquo;homme du match.\u00a0Comme attendu pour cette premi\u00e8re des Basques en prime time cette saison, le c\u0153ur, l&rsquo;intensit\u00e9 et la f\u00e9rocit\u00e9 ont accompagn\u00e9 l&rsquo;entame des hommes de Gr\u00e9gory Patat.\u00a0<\/p>\n<p>A l&rsquo;image des deux et seuls piliers valides Andy Bordelai et l&rsquo;ancien de la Rade Emerick Setiano &#8211; Luke Tagi, Tevita Tatafu, Swann Cormenier et Ignacio Calles sont bless\u00e9s &#8211; qui ont pes\u00e9 sur ce premier acte avec leurs charges et leur bonne tenue en m\u00eal\u00e9e ou de Manu Tuilagi, qui a d\u00e9soss\u00e9 plus d&rsquo;un Varois.\u00a0<\/p>\n<p>Remont\u00e9e toulonnaise<\/p>\n<p>Ces derniers, \u00e0 la faute, ont pay\u00e9 cher le carton jaune adress\u00e9 \u00e0 Ben White (10), encaissant deux essais et 14 points (r\u00e9dhibitoires dans le d\u00e9compte final). C&rsquo;est d&rsquo;abord le n\u00e9o-international Tom Spring qui a trouv\u00e9 l&rsquo;espace \u00e0 peine une minute plus tard (11) avant qu&rsquo;une chevauch\u00e9e tonitruante de Setiano, faisant rugir Jean-Dauger, ne d\u00e9bouche sur un essai en force de Lucas Martin (14-0, 16).\u00a0<\/p>\n<p>L&rsquo;Aviron a maitris\u00e9 la r\u00e9bellion visiteuse, Arthur Iturria volant ainsi une penaltouche \u00e0 5 m\u00e8tres mais sur l&rsquo;action suivante, apr\u00e8s un arrachage plein d&rsquo;\u00e0 propos de Hershel Jantjies, le ballon revenait par chance sur Antoine Frisch qui alertait d&rsquo;une chistera Ga\u00ebl Dr\u00e9an pour un cadrage imparable, l&rsquo;ailier poursuivant ainsi sa s\u00e9rie d&rsquo;un essai par match depuis le d\u00e9but de saison (20-10, 36).\u00a0<\/p>\n<p>Sur l&rsquo;ensemble, c&rsquo;\u00e9tait plut\u00f4t mal pay\u00e9 pour les Basques, ne comptant m\u00eame plus que sept unit\u00e9s d&rsquo;avance au retour apr\u00e8s une p\u00e9nalit\u00e9 de Melvyn Jaminet (43).\u00a0<\/p>\n<p>Drop\u00a0h\u00e9ro\u00efque<\/p>\n<p>M\u00eame si l&rsquo;indiscipline des hommes de <a href=\"https:\/\/www.ledauphine.com\/p\/pierre-mignoni\" target=\"_blank\" rel=\"nofollow noopener\">Pierre Mignoni<\/a> leur jouait encore des tours, surtout avec le m\u00e9tronome Joris Segonds en face (22 points \u00e0 8 sur 8 dans ses tentatives), le r\u00e9alisme \u00e9tait de leur c\u00f4t\u00e9 avec la rentr\u00e9e des exp\u00e9riment\u00e9s Ma&rsquo;a Nonu (43) qui marquait sur son premier ballon touch\u00e9 (58), et Baptiste Serin qui s&rsquo;\u00e9chappait derri\u00e8re sa m\u00eal\u00e9e pour r\u00e9duire dangereusement le score (29-25, 63).\u00a0<\/p>\n<p>La fin de match \u00e9tait marqu\u00e9e par la sortie sur civi\u00e8re de Dr\u00e9an, retomb\u00e9 sur la t\u00eate et l&rsquo;\u00e9paule apr\u00e8s un duel a\u00e9rien avec Cheikh Tiberghien qui \u00e9tait sanctionn\u00e9 d&rsquo;un carton jaune et son \u00e9quipe d&rsquo;un essai de p\u00e9nalit\u00e9 par l&rsquo;arbitre M. Bralley, conspu\u00e9 par la Pe\u00f1a Baiona (74). Remont\u00e9s, les Basques ne se morfondaient pas du retour au score de Toulon (32-32) et apr\u00e8s une interminable s\u00e9quence, Segonds sortait un drop de h\u00e9ros.\u00a0<\/p>\n","protected":false},"excerpt":{"rendered":"Un drop \u00e0 l&rsquo;ultime minute de Joris Segonds a permis \u00e0 Bayonne de s&rsquo;imposer devant Toulon (35-32) dans&hellip;\n","protected":false},"author":2,"featured_media":424635,"comment_status":"","ping_status":"","sticky":false,"template":"","format":"standard","meta":{"footnotes":""},"categories":[9619],"tags":[1111,11,1777,674,107,1701,1011,27,12,882,25,479,517,1947,478,2310],"class_list":{"0":"post-424634","1":"post","2":"type-post","3":"status-publish","4":"format-standard","5":"has-post-thumbnail","7":"category-toulon","8":"tag-actu","9":"tag-actualites","10":"tag-eu","11":"tag-europe","12":"tag-fil-info","13":"tag-fil-info-sport","14":"tag-fr","15":"tag-france","16":"tag-news","17":"tag-provence-alpes-cote-dazur","18":"tag-republique-francaise","19":"tag-rugby","20":"tag-sport","21":"tag-sport-national","22":"tag-top-14","23":"tag-toulon"},"share_on_mastodon":{"url":"https:\/\/pubeurope.com\/@fr\/115284097358490979","error":""},"_links":{"self":[{"href":"https:\/\/www.europesays.com\/fr\/wp-json\/wp\/v2\/posts\/424634","targetHints":{"allow":["GET"]}}],"collection":[{"href":"https:\/\/www.europesays.com\/fr\/wp-json\/wp\/v2\/posts"}],"about":[{"href":"https:\/\/www.europesays.com\/fr\/wp-json\/wp\/v2\/types\/post"}],"author":[{"embeddable":true,"href":"https:\/\/www.europesays.com\/fr\/wp-json\/wp\/v2\/users\/2"}],"replies":[{"embeddable":true,"href":"https:\/\/www.europesays.com\/fr\/wp-json\/wp\/v2\/comments?post=424634"}],"version-history":[{"count":0,"href":"https:\/\/www.europesays.com\/fr\/wp-json\/wp\/v2\/posts\/424634\/revisions"}],"wp:featuredmedia":[{"embeddable":true,"href":"https:\/\/www.europesays.com\/fr\/wp-json\/wp\/v2\/media\/424635"}],"wp:attachment":[{"href":"https:\/\/www.europesays.com\/fr\/wp-json\/wp\/v2\/media?parent=424634"}],"wp:term":[{"taxonomy":"category","embeddable":true,"href":"https:\/\/www.europesays.com\/fr\/wp-json\/wp\/v2\/categories?post=424634"},{"taxonomy":"post_tag","embeddable":true,"href":"https:\/\/www.europesays.com\/fr\/wp-json\/wp\/v2\/tags?post=424634"}],"curies":[{"name":"wp","href":"https:\/\/api.w.org\/{rel}","templated":true}]}}