{"id":424636,"date":"2025-09-28T21:41:21","date_gmt":"2025-09-28T21:41:21","guid":{"rendered":"https:\/\/www.europesays.com\/fr\/424636\/"},"modified":"2025-09-28T21:41:21","modified_gmt":"2025-09-28T21:41:21","slug":"un-sdf-poignarde-lagresseur-hospitalise-en-psychiatrie-desormais-declare-responsable","status":"publish","type":"post","link":"https:\/\/www.europesays.com\/fr\/424636\/","title":{"rendered":"un SDF poignard\u00e9, l\u2019agresseur hospitalis\u00e9 en psychiatrie d\u00e9sormais d\u00e9clar\u00e9 responsable"},"content":{"rendered":"<p>            Par<br \/>\n        <strong><br \/>\n            <a href=\"https:\/\/actu.fr\/auteur\/lea-pippinato\" title=\"Consulter tous les articles de L\u00e9a Pippinato\" target=\"_blank\" rel=\"noopener\">L\u00e9a Pippinato<\/a><br \/>\n        <\/strong><\/p>\n<p>        Publi\u00e9 le<\/p>\n<p>            25 sept. 2025 \u00e0 18h41        <\/p>\n<p>Le <strong>13 ao\u00fbt dernier<\/strong>, au petit matin, les habitants de la <strong>place de Thessalie<\/strong> ont d\u00e9couvert une sc\u00e8ne d\u2019une violence rare. <a href=\"https:\/\/actu.fr\/occitanie\/montpellier_34172\/montpellier-attaque-au-couteau-contre-un-sdf-endormi-un-suspect-de-20-ans-en-garde-a-vue_63034630.html\" target=\"_blank\" rel=\"noopener\">Un sans-abri de 62 ans venait d\u2019\u00eatre attaqu\u00e9 au couteau par un jeune homme de 19 ans.<\/a> Plus d\u2019un mois plus tard, l\u2019affaire revient devant la justice.<\/p>\n<p>    <a href=\"https:\/\/www.google.com\/maps\/embed?pb=!1m18!1m12!1m3!1d23114.090373704526!2d3.8338559999999995!3d43.6011008!2m3!1f0!2f0!3f0!3m2!1i1024!2i768!4f13.1!3m3!1m2!1s0x12b6af9dd048ec2d%3A0x675509f89ec8c9!2sPl.%20de%20Thessalie%2C%2034000%20Montpellier!5e0!3m2!1sfr!2sfr!4v1758816927180!5m2!1sfr!2sfr\" title=\"Ouvrie le lien\" target=\"_blank\" rel=\"noopener\">Cliquez ici pour visualiser le contenu<\/a><\/p>\n<p class=\" wall-content\">Les faits se sont d\u00e9roul\u00e9s \u00e0 l\u2019aube. La victime, un homme sans domicile fixe, a \u00e9t\u00e9 agress\u00e9e par un jeune Montpelli\u00e9rain arm\u00e9 d\u2019un couteau. L\u2019alerte a \u00e9t\u00e9 donn\u00e9e et les policiers sont intervenus. L\u2019agresseur a \u00e9t\u00e9 interpell\u00e9 le jour m\u00eame.<\/p>\n<p>Une prise en charge psychiatrique imm\u00e9diate<\/p>\n<p class=\" wall-content\">\u00c0 la suite de son arrestation, le suspect a subi un examen psychiatrique. Les m\u00e9decins ont alors ordonn\u00e9 son admission imm\u00e9diate \u00e0 l\u2019h\u00f4pital psychiatrique. Le jeune homme y est rest\u00e9 plus d\u2019un mois. <strong>Ce mercredi 24 septembre 2025<\/strong>, il a \u00e9t\u00e9 autoris\u00e9 \u00e0 quitter l\u2019\u00e9tablissement. Le jour m\u00eame de sa sortie, il s\u2019est pr\u00e9sent\u00e9 au commissariat. Il a \u00e9t\u00e9 de nouveau entendu par les enqu\u00eateurs. Une expertise psychiatrique suppl\u00e9mentaire a confirm\u00e9 qu\u2019il \u00e9tait accessible \u00e0 une sanction p\u00e9nale.<\/p>\n<p class=\" wall-content\">La victime a surv\u00e9cu \u00e0 l\u2019agression mais ses blessures sont lourdes. Les m\u00e9decins ont relev\u00e9 deux plaies au niveau des cervicales, deux plaies au thorax et une autre au bas du dos. L\u2019homme b\u00e9n\u00e9ficie d\u2019une incapacit\u00e9 totale de travail (ITT) de dix jours. Face aux enqu\u00eateurs, le jeune homme a reconnu les violences. Toutefois, il a livr\u00e9 une version des faits diff\u00e9rente de celle rapport\u00e9e par la victime. Le mis en cause a \u00e9t\u00e9 d\u00e9f\u00e9r\u00e9 au parquet de Montpellier. Il devra r\u00e9pondre des chefs de tentative de vol, vol et violences. Le tribunal l\u2019attend<strong> ce vendredi 26 septembre<\/strong> en comparution imm\u00e9diate.<\/p>\n<p class=\" wall-content\">Personnalisez votre actualit\u00e9 en ajoutant vos villes et m\u00e9dias en favori avec <a href=\"https:\/\/moncompte.actu.fr\" title=\"D\u00e9couvez Mon Actu\" rel=\"nofollow noopener\" data-trk=\"{&quot;cta&quot;:{&quot;action&quot;:&quot;https:\\\/\\\/moncompte.actu.fr&quot;,&quot;category&quot;:&quot;mon compte&quot;,&quot;from&quot;:&quot;article footer&quot;,&quot;name&quot;:&quot;Mon actu&quot;,&quot;type&quot;:&quot;cta&quot;}}\" target=\"_blank\">Mon Actu<\/a>.<\/p>\n","protected":false},"excerpt":{"rendered":"Par L\u00e9a Pippinato Publi\u00e9 le 25 sept. 2025 \u00e0 18h41 Le 13 ao\u00fbt dernier, au petit matin, les&hellip;\n","protected":false},"author":2,"featured_media":424637,"comment_status":"","ping_status":"","sticky":false,"template":"","format":"standard","meta":{"footnotes":""},"categories":[9599],"tags":[1111,11,1777,674,118,1011,27,303,2208,12,2680,1072,25,7501],"class_list":{"0":"post-424636","1":"post","2":"type-post","3":"status-publish","4":"format-standard","5":"has-post-thumbnail","7":"category-montpellier","8":"tag-actu","9":"tag-actualites","10":"tag-eu","11":"tag-europe","12":"tag-faits-divers","13":"tag-fr","14":"tag-france","15":"tag-justice","16":"tag-montpellier","17":"tag-news","18":"tag-occitanie","19":"tag-police","20":"tag-republique-francaise","21":"tag-violences-urbaines"},"share_on_mastodon":{"url":"https:\/\/pubeurope.com\/@fr\/115284101289952153","error":""},"_links":{"self":[{"href":"https:\/\/www.europesays.com\/fr\/wp-json\/wp\/v2\/posts\/424636","targetHints":{"allow":["GET"]}}],"collection":[{"href":"https:\/\/www.europesays.com\/fr\/wp-json\/wp\/v2\/posts"}],"about":[{"href":"https:\/\/www.europesays.com\/fr\/wp-json\/wp\/v2\/types\/post"}],"author":[{"embeddable":true,"href":"https:\/\/www.europesays.com\/fr\/wp-json\/wp\/v2\/users\/2"}],"replies":[{"embeddable":true,"href":"https:\/\/www.europesays.com\/fr\/wp-json\/wp\/v2\/comments?post=424636"}],"version-history":[{"count":0,"href":"https:\/\/www.europesays.com\/fr\/wp-json\/wp\/v2\/posts\/424636\/revisions"}],"wp:featuredmedia":[{"embeddable":true,"href":"https:\/\/www.europesays.com\/fr\/wp-json\/wp\/v2\/media\/424637"}],"wp:attachment":[{"href":"https:\/\/www.europesays.com\/fr\/wp-json\/wp\/v2\/media?parent=424636"}],"wp:term":[{"taxonomy":"category","embeddable":true,"href":"https:\/\/www.europesays.com\/fr\/wp-json\/wp\/v2\/categories?post=424636"},{"taxonomy":"post_tag","embeddable":true,"href":"https:\/\/www.europesays.com\/fr\/wp-json\/wp\/v2\/tags?post=424636"}],"curies":[{"name":"wp","href":"https:\/\/api.w.org\/{rel}","templated":true}]}}