{"id":42464,"date":"2025-04-21T21:48:09","date_gmt":"2025-04-21T21:48:09","guid":{"rendered":"https:\/\/www.europesays.com\/fr\/42464\/"},"modified":"2025-04-21T21:48:09","modified_gmt":"2025-04-21T21:48:09","slug":"lbe-j19-la-stella-saint-maur-regne-sur-lile-de-france","status":"publish","type":"post","link":"https:\/\/www.europesays.com\/fr\/42464\/","title":{"rendered":"LBE &#8211; J19 | La Stella Saint-Maur r\u00e8gne sur l&rsquo;\u00cele de France"},"content":{"rendered":"<p>                <img loading=\"lazy\" decoding=\"async\" class=\"size-large wp-image-321694\" src=\"https:\/\/www.europesays.com\/fr\/wp-content\/uploads\/2025\/04\/72A2743-1024x683.jpg\" alt=\"\" width=\"1024\" height=\"683\"\/>Melina PEILLON &#8211; Stella Saint-Maur &#8211; Cr\u00e9dit : Aur\u00e9lien SCHELLHAAS<\/p>\n<p style=\"text-align: justify;\"><strong>Alors que Metz s&rsquo;est impos\u00e9 \u00e0 Brest en quart de finale aller de la Ligue des Champions, la dix-neuvi\u00e8me journ\u00e9e de Ligue Butagaz \u00c9nergie d\u00e9butait ce week-end. Si Nice et Chambray ont refait leur retard sur la JDA, la Stella s&rsquo;est adjug\u00e9 le derby de l&rsquo;\u00cele de France pour la deuxi\u00e8me fois de la saison.<\/strong><\/p>\n<p style=\"text-align: justify;\">La bataille fait rage dans le bas du classement. En milieu d&rsquo;apr\u00e8s-midi, dimanche, <strong>Saint<\/strong>&#8211;<strong>Amand<\/strong> a pris le dessus sur <strong>Toulon<\/strong>, lanterne rouge du classement (<strong>27<\/strong> &#8211; <strong>21<\/strong>). Gr\u00e2ce \u00e0 une seconde p\u00e9riode bien ma\u00eetris\u00e9e par les Amandinoises, le SAH prend une s\u00e9rieuse option pour le maintien avec six points d&rsquo;avance sur leurs adversaires du soir, \u00e0 sept journ\u00e9es du terme de la saison. La <strong>Stella<\/strong> <strong>Saint<\/strong>&#8211;<strong>Maur<\/strong> prend la m\u00eame avance sur le TMV en remportant une partie tr\u00e8s serr\u00e9e face au <strong>Paris<\/strong> <strong>92<\/strong>. Apr\u00e8s avoir vu les Parisiennes revenir \u00e0 \u00e9galit\u00e9 en fin de rencontre, la Stella a remport\u00e9 le money-time \u00e0 Issy-l\u00e8s-Moulineaux (<strong>24<\/strong> &#8211;<strong>26<\/strong>). Paris n&rsquo;avance plus et devra monter d&rsquo;un cran son niveau de jeu pour la double confrontation face \u00e0 Chambray, les 25 et 30 avril, alors que les Tourangelles jouent le podium. \u00c0 <strong>Sambre<\/strong>, le<strong> CTHB<\/strong> a maintenu la pression pour le podium en s&rsquo;imposant largement <strong>18<\/strong> \u00e0 <strong>27<\/strong>. Les joueuses de Mathieu Lanfranchi sont revenues \u00e0 hauteur de la JDA avec 42 points. C&rsquo;est aussi le cas de <strong>Nice<\/strong>, comptant un match de plus que Chambray et Dijon, qui s&rsquo;est impos\u00e9 contre <strong>Besan\u00e7on<\/strong> (<strong>37<\/strong> &#8211; <strong>32<\/strong>) avec les performances XXL de <strong>Marine<\/strong> <strong>Dupuis<\/strong> et <strong>Marie<\/strong>&#8211;<strong>H\u00e9l\u00e8ne<\/strong> <strong>Sajka<\/strong>, \u00e0 10 buts chacune \u00e0 la fin de la rencontre.<\/p>\n<p style=\"text-align: justify;\">Enfin, dans le duel entre <strong>Strasbourg<\/strong> <strong>ATH<\/strong> et <strong>Plan<\/strong>&#8211;<strong>de<\/strong>&#8211;<strong>Cuques<\/strong>, pour la septi\u00e8me place, les Buccorhodaniennes ont pris le dessus (<strong>25<\/strong> &#8211; <strong>28<\/strong>), malgr\u00e9 la nouvelle performance de <strong>Margaux<\/strong> <strong>Imhof<\/strong> avec 10 buts, dont 9 dans le jeu.<\/p>\n<p style=\"text-align: justify;\">Les rencontres entre Metz et M\u00e9rignac ainsi que Brest et la JDA se joueront respectivement le 30 avril et le 21 mai.<\/p>\n","protected":false},"excerpt":{"rendered":"Melina PEILLON &#8211; Stella Saint-Maur &#8211; Cr\u00e9dit : Aur\u00e9lien SCHELLHAAS Alors que Metz s&rsquo;est impos\u00e9 \u00e0 Brest en&hellip;\n","protected":false},"author":2,"featured_media":42465,"comment_status":"","ping_status":"","sticky":false,"template":"","format":"standard","meta":{"footnotes":""},"categories":[1592],"tags":[1111,11,3449,12891,12892,1777,674,1011,27,662,12893,12894,12895,12896,12897,12,12898,626,12899,12900,25,12901,12902,12903,12904,12905],"class_list":{"0":"post-42464","1":"post","2":"type-post","3":"status-publish","4":"format-standard","5":"has-post-thumbnail","7":"category-ile-de-france","8":"tag-actu","9":"tag-actualites","10":"tag-brest-bretagne-handball","11":"tag-chambray-touraine-handball","12":"tag-es-besancon-feminin-hb","13":"tag-eu","14":"tag-europe","15":"tag-fr","16":"tag-france","17":"tag-ile-de-france","18":"tag-jda-dijon-hand","19":"tag-lbe","20":"tag-ligue-butagaz-energie","21":"tag-merignac-hb","22":"tag-metz-handball","23":"tag-news","24":"tag-ogc-nice-handball","25":"tag-paris","26":"tag-paris-92","27":"tag-plan-de-cuques-hb","28":"tag-republique-francaise","29":"tag-saint-amand-handball","30":"tag-sambre-avesnois-handball","31":"tag-stella-st-maur-handball","32":"tag-strasbourg-ath","33":"tag-toulon-metropole-var-hb"},"share_on_mastodon":{"url":"https:\/\/pubeurope.com\/@fr\/114378159220977879","error":""},"_links":{"self":[{"href":"https:\/\/www.europesays.com\/fr\/wp-json\/wp\/v2\/posts\/42464","targetHints":{"allow":["GET"]}}],"collection":[{"href":"https:\/\/www.europesays.com\/fr\/wp-json\/wp\/v2\/posts"}],"about":[{"href":"https:\/\/www.europesays.com\/fr\/wp-json\/wp\/v2\/types\/post"}],"author":[{"embeddable":true,"href":"https:\/\/www.europesays.com\/fr\/wp-json\/wp\/v2\/users\/2"}],"replies":[{"embeddable":true,"href":"https:\/\/www.europesays.com\/fr\/wp-json\/wp\/v2\/comments?post=42464"}],"version-history":[{"count":0,"href":"https:\/\/www.europesays.com\/fr\/wp-json\/wp\/v2\/posts\/42464\/revisions"}],"wp:featuredmedia":[{"embeddable":true,"href":"https:\/\/www.europesays.com\/fr\/wp-json\/wp\/v2\/media\/42465"}],"wp:attachment":[{"href":"https:\/\/www.europesays.com\/fr\/wp-json\/wp\/v2\/media?parent=42464"}],"wp:term":[{"taxonomy":"category","embeddable":true,"href":"https:\/\/www.europesays.com\/fr\/wp-json\/wp\/v2\/categories?post=42464"},{"taxonomy":"post_tag","embeddable":true,"href":"https:\/\/www.europesays.com\/fr\/wp-json\/wp\/v2\/tags?post=42464"}],"curies":[{"name":"wp","href":"https:\/\/api.w.org\/{rel}","templated":true}]}}