{"id":424644,"date":"2025-09-28T21:48:43","date_gmt":"2025-09-28T21:48:43","guid":{"rendered":"https:\/\/www.europesays.com\/fr\/424644\/"},"modified":"2025-09-28T21:48:43","modified_gmt":"2025-09-28T21:48:43","slug":"un-apres-midi-de-mobilisation-pour-lassociation-sourires-de-loanne-pres-de-rennes","status":"publish","type":"post","link":"https:\/\/www.europesays.com\/fr\/424644\/","title":{"rendered":"Un apr\u00e8s-midi de mobilisation pour l\u2019association Sourires de Loanne, pr\u00e8s de Rennes"},"content":{"rendered":"<p>L\u2019association Les Sourires de Loanne organise, le samedi 27\u00a0septembre 2025 de 14\u00a0h \u00e0 18\u00a0h, une animation sur un terrain situ\u00e9 derri\u00e8re la mairie de Vezin-le-Coquet (Ille-et-Vilaine) avec des jeux g\u00e9ants en bois pr\u00eat\u00e9s par l\u2019association\u00a0Au Festival du Son. Les membres de la structure invitent petits et grands \u00e0 venir \u00e0 cette apr\u00e8s-midi r\u00e9cr\u00e9 et \u00e0 s\u2019essayer aux diff\u00e9rents jeux.<\/p>\n<p>Une animation mise en place pour collecter des fonds pour Loanne, une jeune fille de 18\u00a0ans porteuse d\u2019une maladie g\u00e9n\u00e9tique rare non identifi\u00e9e qui entra\u00eene de nombreuses prises en charge pour un meilleur confort de vie. L\u2019entr\u00e9e est libre et les jeux sont payants.<\/p>\n<p><strong>Lire <\/strong> <strong>aussi\u00a0<\/strong>: <a href=\"https:\/\/rennes.maville.com\/actu\/actudet_-vezin-le-coquet.-apres-midi-zumba-avec-l-association-les-sourires-de-loanne-_7-6572499_actu.Htm\" target=\"_blank\" rel=\"noopener\">Vezin-le-Coquet. Apr\u00e8s-midi zumba avec l\u2019association Les sourires de Loanne<\/a><\/p>\n<p>Une association cr\u00e9\u00e9e en 2013<\/p>\n<p>L\u2019association <a href=\"https:\/\/rennes.maville.com\/actu\/actudet_-pont-pean.-theatre-deux-soirs-complets-pour-les-sourires-de-loanne_53511-3980454_actu.Htm\" target=\"_blank\" rel=\"noopener\">Les Sourires de Loanne<\/a> a \u00e9t\u00e9 cr\u00e9\u00e9e en 2013. Son principal objectif est d\u2019am\u00e9liorer la vie quotidienne de Loanne ainsi que celle de sa famille.<\/p>\n<p>\u00a0Cette ann\u00e9e nous avons pu acqu\u00e9rir un v\u00e9hicule adapt\u00e9 gr\u00e2ce \u00e0 nos\u00a0130 adh\u00e9rents et \u00e0 de nombreux \u00e9v\u00e8nements organis\u00e9s depuis plus\u00a0de cinq\u00a0ans. Ce v\u00e9hicule permet aujourd\u2019hui \u00e0 Loanne et sa famille de se d\u00e9placer plus sereinement et confortablement. Loanne peut \u00e0 pr\u00e9sent prendre son fauteuil \u00e9lectrique lors de tous ses d\u00e9placements et \u00eatre plus autonome\u00a0\u00bb, indique Sandrine Dinard, pr\u00e9sidente de l\u2019association.<\/p>\n<p>\u00a0Notre nouvel objectif \u00e0 pr\u00e9sent sera l\u2019am\u00e9nagement ext\u00e9rieur de la maison pour permettre une meilleure accessibilit\u00e9 au v\u00e9hicule avec le fauteuil et permettre \u00e0 Loanne un acc\u00e8s plus s\u00e9curis\u00e9.\u00a0<\/p>\n<p>Blog\u00a0: <a href=\"https:\/\/les-sourires-de-loanne.over-blog.com\/\" target=\"_blank\" rel=\"noopener\">les-sourires-de-loanne.over-blog.com<\/a>. Contact par mail\u00a0: lessouriresdeloanne@gmail.com \u2013 Facebook\u00a0:<a href=\"https:\/\/www.facebook.com\/lessouriresdeloanne\/?locale=fr_FR\" target=\"_blank\" rel=\"noopener\"> lessouriresdeloanne<\/a><\/p>\n<p>\u00a0<\/p>\n","protected":false},"excerpt":{"rendered":"L\u2019association Les Sourires de Loanne organise, le samedi 27\u00a0septembre 2025 de 14\u00a0h \u00e0 18\u00a0h, une animation sur un&hellip;\n","protected":false},"author":2,"featured_media":424645,"comment_status":"","ping_status":"","sticky":false,"template":"","format":"standard","meta":{"footnotes":""},"categories":[2821],"tags":[1111,11,31783,4077,829,1777,674,1011,27,55346,10234,12,3762,584,25,55345],"class_list":{"0":"post-424644","1":"post","2":"type-post","3":"status-publish","4":"format-standard","5":"has-post-thumbnail","7":"category-rennes","8":"tag-actu","9":"tag-actualites","10":"tag-apres-midi","11":"tag-association","12":"tag-bretagne","13":"tag-eu","14":"tag-europe","15":"tag-fr","16":"tag-france","17":"tag-loanne","18":"tag-mobilisation","19":"tag-news","20":"tag-pres","21":"tag-rennes","22":"tag-republique-francaise","23":"tag-sourires"},"share_on_mastodon":{"url":"https:\/\/pubeurope.com\/@fr\/115284128806263056","error":""},"_links":{"self":[{"href":"https:\/\/www.europesays.com\/fr\/wp-json\/wp\/v2\/posts\/424644","targetHints":{"allow":["GET"]}}],"collection":[{"href":"https:\/\/www.europesays.com\/fr\/wp-json\/wp\/v2\/posts"}],"about":[{"href":"https:\/\/www.europesays.com\/fr\/wp-json\/wp\/v2\/types\/post"}],"author":[{"embeddable":true,"href":"https:\/\/www.europesays.com\/fr\/wp-json\/wp\/v2\/users\/2"}],"replies":[{"embeddable":true,"href":"https:\/\/www.europesays.com\/fr\/wp-json\/wp\/v2\/comments?post=424644"}],"version-history":[{"count":0,"href":"https:\/\/www.europesays.com\/fr\/wp-json\/wp\/v2\/posts\/424644\/revisions"}],"wp:featuredmedia":[{"embeddable":true,"href":"https:\/\/www.europesays.com\/fr\/wp-json\/wp\/v2\/media\/424645"}],"wp:attachment":[{"href":"https:\/\/www.europesays.com\/fr\/wp-json\/wp\/v2\/media?parent=424644"}],"wp:term":[{"taxonomy":"category","embeddable":true,"href":"https:\/\/www.europesays.com\/fr\/wp-json\/wp\/v2\/categories?post=424644"},{"taxonomy":"post_tag","embeddable":true,"href":"https:\/\/www.europesays.com\/fr\/wp-json\/wp\/v2\/tags?post=424644"}],"curies":[{"name":"wp","href":"https:\/\/api.w.org\/{rel}","templated":true}]}}