{"id":424661,"date":"2025-09-28T21:58:22","date_gmt":"2025-09-28T21:58:22","guid":{"rendered":"https:\/\/www.europesays.com\/fr\/424661\/"},"modified":"2025-09-28T21:58:22","modified_gmt":"2025-09-28T21:58:22","slug":"pres-de-bordeaux-lassociation-des-chiens-guides-veut-attirer-de-nouveaux-maitres","status":"publish","type":"post","link":"https:\/\/www.europesays.com\/fr\/424661\/","title":{"rendered":"pr\u00e8s de Bordeaux, l\u2019association des chiens guides veut attirer de nouveaux ma\u00eetres"},"content":{"rendered":"<p>\u00ab\u00a0On ne manque pas de familles d\u2019accueil, mais on en a toujours besoin. Et puis [l\u2019\u00e9v\u00e9nement] permet aussi de trouver des nouveaux b\u00e9n\u00e9voles et de se faire conna\u00eetre aupr\u00e8s des personnes d\u00e9ficientes visuelles de la r\u00e9gion\u00a0\u00bb, explique Nathalie Becat de <a href=\"https:\/\/www.sudouest.fr\/gironde\/merignac\/je-ne-serai-plus-jamais-seule-a-merignac-des-chiens-guides-formes-pour-aider-les-aveugles-19284991.php\" rel=\"nofollow noopener\" target=\"_blank\">l\u2019association des chiens guides Grand Sud-Ouest<\/a>. Ce dimanche 28\u00a0septembre, le site de M\u00e9rignac ouvre ses portes pour la Journ\u00e9e nationale des chiens guides organis\u00e9e par la F\u00e9d\u00e9ration fran\u00e7aise des associations de chiens guides (FFAC). L\u2019objectif\u00a0: sensibiliser au handicap visuel et mettre en lumi\u00e8re le travail de l\u2019association, qui \u00e9duque les futurs chiens guides et les remet \u00e0 leur nouveau ma\u00eetre.<\/p>\n<p>Tous v\u00eatus d\u2019un tee-shirt bleu, les membres de l\u2019association orientent les visiteurs vers les ateliers sp\u00e9cialement pens\u00e9s pour recr\u00e9er le quotidien des personnes malvoyantes. Dans la \u00ab\u00a0chambre noire\u00a0\u00bb, les visiteurs avancent dans l\u2019obscurit\u00e9, la voix de l\u2019animateur comme seul rep\u00e8re. Dans \u00ab\u00a0Vis ma vie\u00a0\u00bb, ils se laissent guider par un accompagnateur, bandeau sur les yeux.<\/p>\n<p>Ouvert aux familles\u2026 et aux familles d\u2019accueil<\/p>\n<p>\u00ab\u00a0\u00c7a fait longtemps que je voulais accueillir un chien, j\u2019attendais d\u2019\u00eatre \u00e0 la retraite\u00a0\u00bb, confie Anne Artemenko. L\u2019ancienne biblioth\u00e9caire est venue avec Patrick, son mari, et Astuce, son golden retriever en formation. \u00ab\u00a0On les accueille chez soi \u00e0\u00a02\u00a0mois et, ensuite, ils vont \u00e0 l\u2019\u00e9cole vers 5-6\u00a0mois\u00a0\u00bb, explique la Saint-M\u00e9dardaise. \u00ab\u00a0Et \u00e0 partir de 8-9\u00a0ans, les chiens partent \u00e0 la retraite et font autre chose, comme rendre visite dans les h\u00f4pitaux\u00a0\u00bb, poursuit son mari. C\u2019est la premi\u00e8re fois que le couple fait famille d\u2019accueil, et il l\u2019avoue\u00a0: ils ont peur de s\u2019attacher.<\/p>\n<p>        <img decoding=\"async\" id=\"26120968\" src=\"https:\/\/www.europesays.com\/fr\/wp-content\/uploads\/2025\/09\/photo-chiens-guides.jpg\" alt=\"Les visiteurs se pr\u00eatent au jeu pour s\u2019immerger dans le quotidien des personnes atteintes de d\u00e9ficience visuelle.\" itemprop=\"contentURL\"\/><\/p>\n<p>    Les visiteurs se pr\u00eatent au jeu pour s\u2019immerger dans le quotidien des personnes atteintes de d\u00e9ficience visuelle.<\/p>\n<p>M.\u00a0B.<\/p>\n<p>Isabelle ne partage pas cette crainte. L\u2019Andernosienne, elle aussi ancienne biblioth\u00e9caire, est une habitu\u00e9e. Ali\u00e9nor est la quatri\u00e8me petite \u00e9coli\u00e8re qu\u2019elle accueille chez elle. \u00ab\u00a0C\u2019est quand m\u00eame prenant parce qu\u2019au d\u00e9but, les chiots ont beaucoup d\u2019\u00e9nergie [\u2026], mais on a tous les avantages. L\u2019association prend en charge les croquettes et le v\u00e9t\u00e9rinaire.\u00a0\u00bb Pendant quatre ans, les familles d\u2019accueil profitent donc de leur petit compagnon, avant de le transmettre \u00e0 son nouveau ma\u00eetre.<\/p>\n<p>\u00ab\u00a0Je ne voulais pas de canne blanche\u00a0\u00bb<\/p>\n<p>Aline, malvoyante depuis ses 16\u00a0ans, a fait la rencontre d\u2019Utah en avril dernier. Aujourd\u2019hui, elle participe \u00e0 la pr\u00e9sentation des chiens guides remis dans l\u2019ann\u00e9e. \u00ab\u00a0J\u2019ai connu l\u2019\u00e9cole [des chiens guides] en 1991. Je ne voulais pas de canne blanche. Et \u00e0 l\u2019\u00e9poque, c\u2019est mon neveu de 9\u00a0ans qui a vu une affiche \u2018\u2018Offrez un chien guide \u00e0 une personne malvoyante\u2019\u2019 dans une pharmacie.\u00a0\u00bb<\/p>\n<p>Gr\u00e2ce \u00e0 son neveu, qui a r\u00e9uni 30\u00a0000\u00a0francs de l\u2019\u00e9poque pendant l\u2019\u00e9t\u00e9, et au soutien de la pharmacie et de l\u2019\u00e9glise o\u00f9 se rendait sa famille, Aline a pu trouver un compagnon \u00e0 quatre pattes. Avec ses proches, elle a d\u00e9m\u00e9nag\u00e9 de Paris \u00e0 M\u00e9rignac pour se rapprocher de l\u2019association. Elle fait d\u00e9sormais partie du conseil d\u2019administration, et Sarah, sa fille de 17\u00a0ans, en est membre b\u00e9n\u00e9vole \u00ab\u00a0depuis b\u00e9b\u00e9\u00a0\u00bb.<\/p>\n","protected":false},"excerpt":{"rendered":"\u00ab\u00a0On ne manque pas de familles d\u2019accueil, mais on en a toujours besoin. Et puis [l\u2019\u00e9v\u00e9nement] permet aussi&hellip;\n","protected":false},"author":2,"featured_media":424662,"comment_status":"","ping_status":"","sticky":false,"template":"","format":"standard","meta":{"footnotes":""},"categories":[2817],"tags":[1111,11,1997,1777,674,1011,27,12,2219,25],"class_list":{"0":"post-424661","1":"post","2":"type-post","3":"status-publish","4":"format-standard","5":"has-post-thumbnail","7":"category-bordeaux","8":"tag-actu","9":"tag-actualites","10":"tag-bordeaux","11":"tag-eu","12":"tag-europe","13":"tag-fr","14":"tag-france","15":"tag-news","16":"tag-nouvelle-aquitaine","17":"tag-republique-francaise"},"share_on_mastodon":{"url":"https:\/\/pubeurope.com\/@fr\/115284168900163145","error":""},"_links":{"self":[{"href":"https:\/\/www.europesays.com\/fr\/wp-json\/wp\/v2\/posts\/424661","targetHints":{"allow":["GET"]}}],"collection":[{"href":"https:\/\/www.europesays.com\/fr\/wp-json\/wp\/v2\/posts"}],"about":[{"href":"https:\/\/www.europesays.com\/fr\/wp-json\/wp\/v2\/types\/post"}],"author":[{"embeddable":true,"href":"https:\/\/www.europesays.com\/fr\/wp-json\/wp\/v2\/users\/2"}],"replies":[{"embeddable":true,"href":"https:\/\/www.europesays.com\/fr\/wp-json\/wp\/v2\/comments?post=424661"}],"version-history":[{"count":0,"href":"https:\/\/www.europesays.com\/fr\/wp-json\/wp\/v2\/posts\/424661\/revisions"}],"wp:featuredmedia":[{"embeddable":true,"href":"https:\/\/www.europesays.com\/fr\/wp-json\/wp\/v2\/media\/424662"}],"wp:attachment":[{"href":"https:\/\/www.europesays.com\/fr\/wp-json\/wp\/v2\/media?parent=424661"}],"wp:term":[{"taxonomy":"category","embeddable":true,"href":"https:\/\/www.europesays.com\/fr\/wp-json\/wp\/v2\/categories?post=424661"},{"taxonomy":"post_tag","embeddable":true,"href":"https:\/\/www.europesays.com\/fr\/wp-json\/wp\/v2\/tags?post=424661"}],"curies":[{"name":"wp","href":"https:\/\/api.w.org\/{rel}","templated":true}]}}