{"id":424669,"date":"2025-09-28T22:03:14","date_gmt":"2025-09-28T22:03:14","guid":{"rendered":"https:\/\/www.europesays.com\/fr\/424669\/"},"modified":"2025-09-28T22:03:14","modified_gmt":"2025-09-28T22:03:14","slug":"les-multiproprietaires-toujours-dans-le-viseur-de-la-ville-de-marseille","status":"publish","type":"post","link":"https:\/\/www.europesays.com\/fr\/424669\/","title":{"rendered":"les multipropri\u00e9taires toujours dans le viseur de la Ville de Marseille"},"content":{"rendered":"<p>\u00ab\u00a0C\u2019est Marseille b\u00e9b\u00e9\u00a0\u00bb. Cette phrase prononc\u00e9e par un multipropri\u00e9taire qui louait ses logements sur la plateforme Airbnb en d\u00e9tournant les <a href=\"https:\/\/www.laprovence.com\/article\/region\/6439204717944114\/info-la-provence-la-ville-de-marseille-reduit-la-duree-de-location-autorisee-des-residences-principales-sur-airbnb\" target=\"_blank\" rel=\"noopener\">r\u00e8gles impos\u00e9es par la mairie<\/a> ne passe pas. \u00ab\u00a0C\u2019est une mani\u00e8re de nous dire\u00a0: &lsquo;je fais ce que je veux&rsquo;, sous-entendu, \u00e0 Marseille tout est possible. Mais non, \u00e7a ne se passe pas comme cela. Comme les autres, il fera ce que la justice lui ordonnera\u00a0\u00bb, pose <a href=\"https:\/\/www.laprovence.com\/article\/faits-divers-justice\/1376015340861314\/sept-premieres-assignations-en-justice-pour-des-proprietaires-airbnb-a-marseille\" target=\"_blank\" rel=\"noopener\">l\u2019adjoint au maire en charge du logement, Patrick Amico (GRS)<\/a>.<\/p>\n<p>Dans sa croisade contre la location de meubl\u00e9s touristiques non r\u00e9glementaire, l\u2019\u00e9lu avance \u00ab\u00a0sereinement\u00a0\u00bb alors que deux nouvelles audiences au tribunal administratif sont programm\u00e9es en octobre.<\/p>\n<p>Une amende de\u00a01000 euros par m2 et par jour pour les propri\u00e9taires qui contourneraient les r\u00e8gles<\/p>\n<p>Au d\u00e9but de l\u2019\u00e9t\u00e9, d\u00e9j\u00e0, la mairie avait remport\u00e9 un premier bras de fer judiciaire face au syndicat des professionnels de la location meubl\u00e9e. Ce dernier r\u00e9clamait une suspension de la<a href=\"https:\/\/www.laprovence.com\/article\/region\/2788421554842914\/restrictions-anti-airbnb-la-ville-de-marseille-confortee-en-justice-face-au-syndicat-des-loueurs-meubles\" target=\"_blank\" rel=\"noopener\"> mesure compensatoire <\/a>(un bien lou\u00e9 sur le march\u00e9 de la location traditionnelle pour un bien lou\u00e9 sur les plateformes de locations saisonni\u00e8res)\u00a0: la requ\u00eate a \u00e9t\u00e9 rejet\u00e9e par le tribunal administratif de Marseille. \u00ab\u00a0Nous nous sommes attaqu\u00e9s cette fois \u00e0 quatre gro&#8230;<\/p>\n","protected":false},"excerpt":{"rendered":"\u00ab\u00a0C\u2019est Marseille b\u00e9b\u00e9\u00a0\u00bb. Cette phrase prononc\u00e9e par un multipropri\u00e9taire qui louait ses logements sur la plateforme Airbnb en&hellip;\n","protected":false},"author":2,"featured_media":424670,"comment_status":"","ping_status":"","sticky":false,"template":"","format":"standard","meta":{"footnotes":""},"categories":[2814],"tags":[17,1111,11,7345,1446,1777,674,1011,27,151,884,55349,12,882,16,25,1810,4824,30094],"class_list":{"0":"post-424669","1":"post","2":"type-post","3":"status-publish","4":"format-standard","5":"has-post-thumbnail","7":"category-marseille","8":"tag-17","9":"tag-actu","10":"tag-actualites","11":"tag-airbnb","12":"tag-dans","13":"tag-eu","14":"tag-europe","15":"tag-fr","16":"tag-france","17":"tag-les","18":"tag-marseille","19":"tag-multiproprietaires","20":"tag-news","21":"tag-provence-alpes-cote-dazur","22":"tag-region","23":"tag-republique-francaise","24":"tag-toujours","25":"tag-ville","26":"tag-viseur"},"share_on_mastodon":{"url":"https:\/\/pubeurope.com\/@fr\/115284187876777101","error":""},"_links":{"self":[{"href":"https:\/\/www.europesays.com\/fr\/wp-json\/wp\/v2\/posts\/424669","targetHints":{"allow":["GET"]}}],"collection":[{"href":"https:\/\/www.europesays.com\/fr\/wp-json\/wp\/v2\/posts"}],"about":[{"href":"https:\/\/www.europesays.com\/fr\/wp-json\/wp\/v2\/types\/post"}],"author":[{"embeddable":true,"href":"https:\/\/www.europesays.com\/fr\/wp-json\/wp\/v2\/users\/2"}],"replies":[{"embeddable":true,"href":"https:\/\/www.europesays.com\/fr\/wp-json\/wp\/v2\/comments?post=424669"}],"version-history":[{"count":0,"href":"https:\/\/www.europesays.com\/fr\/wp-json\/wp\/v2\/posts\/424669\/revisions"}],"wp:featuredmedia":[{"embeddable":true,"href":"https:\/\/www.europesays.com\/fr\/wp-json\/wp\/v2\/media\/424670"}],"wp:attachment":[{"href":"https:\/\/www.europesays.com\/fr\/wp-json\/wp\/v2\/media?parent=424669"}],"wp:term":[{"taxonomy":"category","embeddable":true,"href":"https:\/\/www.europesays.com\/fr\/wp-json\/wp\/v2\/categories?post=424669"},{"taxonomy":"post_tag","embeddable":true,"href":"https:\/\/www.europesays.com\/fr\/wp-json\/wp\/v2\/tags?post=424669"}],"curies":[{"name":"wp","href":"https:\/\/api.w.org\/{rel}","templated":true}]}}