{"id":424691,"date":"2025-09-28T22:17:16","date_gmt":"2025-09-28T22:17:16","guid":{"rendered":"https:\/\/www.europesays.com\/fr\/424691\/"},"modified":"2025-09-28T22:17:16","modified_gmt":"2025-09-28T22:17:16","slug":"meta-met-en-place-un-abonnement-payant-sans-publicite-au-royaume-uni-actualites","status":"publish","type":"post","link":"https:\/\/www.europesays.com\/fr\/424691\/","title":{"rendered":"Meta met en place un abonnement payant sans publicit\u00e9 au Royaume-Uni : Actualit\u00e9s"},"content":{"rendered":"<p class=\"lead \">Le g\u00e9ant am\u00e9ricain Meta a annonc\u00e9 vendredi le lancement d&rsquo;abonnements payants sans publicit\u00e9 au Royaume-Uni sur ses plateformes Facebook et Instagram, comme cela se fait d\u00e9j\u00e0 dans l&rsquo;Union europ\u00e9enne, pour se mettre en conformit\u00e9 avec la l\u00e9gislation.<\/p>\n<p class=\"lead \">\u00ab\u00a0Dans les prochaines semaines, en r\u00e9ponse aux r\u00e9centes directives r\u00e9glementaires du Royaume-Uni et apr\u00e8s d&rsquo;\u00e9troites consultations\u00a0\u00bb avec le r\u00e9gulateur britannique de la protection des donn\u00e9es (ICO), \u00ab\u00a0nous proposerons au Royaume-Uni un abonnement permettant de supprimer les publicit\u00e9s\u00a0\u00bb, selon un communiqu\u00e9 de Meta.<\/p>\n<p class=\"lead \">Les utilisateurs r\u00e9sidant au Royaume-Uni pourront choisir entre continuer \u00e0 utiliser Facebook et Instagram gratuitement tout en acceptant des publicit\u00e9s personnalis\u00e9es, ou souscrire un abonnement pour ne plus voir de publicit\u00e9s.<\/p>\n<p class=\"lead \">L&rsquo;abonnement co\u00fbtera 2,99 livres (3,42 euros) par mois via les navigateurs web ou 3,99 livres (4,57 euros) sur les applications mobiles &#8212; soit moins que les abonnements dans l&rsquo;UE, propos\u00e9s \u00e0 partir de 5,99 euros par mois.<\/p>\n<p class=\"lead \">Meta avait instaur\u00e9 cet abonnement sans publicit\u00e9 dans l&rsquo;UE fin 2023 pour se mettre en conformit\u00e9 avec les r\u00e8gles europ\u00e9ennes sur le traitement des donn\u00e9es personnelles, qui lui ont d\u00e9j\u00e0 valu plusieurs condamnations et amendes.<\/p>\n<p class=\"lead \">Saluant \u00ab\u00a0l&rsquo;approche constructive\u00a0\u00bb britannique vendredi, Meta a en parall\u00e8le critiqu\u00e9 dans son communiqu\u00e9 les \u00ab\u00a0exigences excessives\u00a0\u00bb dans l&rsquo;UE, o\u00f9 il a d\u00fb mettre en place une option suppl\u00e9mentaire avec des publicit\u00e9s \u00ab\u00a0moins personnalis\u00e9es\u00a0\u00bb.<\/p>\n<p class=\"lead \">L&rsquo;ICO britannique a lui aussi \u00ab\u00a0salu\u00e9\u00a0\u00bb vendredi l&rsquo;annonce d&rsquo;un abonnement sans publicit\u00e9 qui \u00ab\u00a0permet \u00e0 Meta de se conformer \u00e0 la l\u00e9gislation britannique\u00a0\u00bb, se f\u00e9licitant aussi d&rsquo;avoir obtenu un prix \u00ab\u00a0consid\u00e9rablement r\u00e9duit\u00a0\u00bb par rapport aux propositions initiales du groupe am\u00e9ricain, et \u00ab\u00a0presque deux fois inf\u00e9rieur \u00e0 celui des utilisateurs de l&rsquo;UE\u00a0\u00bb.<\/p>\n<p class=\"small font-weight-bold text-gray3 \"> publi\u00e9 le 26 septembre \u00e0 15h48, AFP<\/p>\n<p>                             Partager<\/p>\n","protected":false},"excerpt":{"rendered":"Le g\u00e9ant am\u00e9ricain Meta a annonc\u00e9 vendredi le lancement d&rsquo;abonnements payants sans publicit\u00e9 au Royaume-Uni sur ses plateformes&hellip;\n","protected":false},"author":2,"featured_media":424692,"comment_status":"","ping_status":"","sticky":false,"template":"","format":"standard","meta":{"footnotes":""},"categories":[1588],"tags":[11,1777,674,6228,311,310,12,6819,473,1853,42,1778,1851,1850,1852],"class_list":{"0":"post-424691","1":"post","2":"type-post","3":"status-publish","4":"format-standard","5":"has-post-thumbnail","7":"category-royaume-uni","8":"tag-actualites","9":"tag-eu","10":"tag-europe","11":"tag-gb","12":"tag-informatique","13":"tag-internet","14":"tag-news","15":"tag-publicit","16":"tag-royaume-uni","17":"tag-royaume-uni-de-grande-bretagne-et-dirlande-du-nord","18":"tag-technologies","19":"tag-ue","20":"tag-uk","21":"tag-united-kingdom","22":"tag-united-kingdom-of-great-britain-and-northern-ireland"},"share_on_mastodon":{"url":"https:\/\/pubeurope.com\/@fr\/115284242971089236","error":""},"_links":{"self":[{"href":"https:\/\/www.europesays.com\/fr\/wp-json\/wp\/v2\/posts\/424691","targetHints":{"allow":["GET"]}}],"collection":[{"href":"https:\/\/www.europesays.com\/fr\/wp-json\/wp\/v2\/posts"}],"about":[{"href":"https:\/\/www.europesays.com\/fr\/wp-json\/wp\/v2\/types\/post"}],"author":[{"embeddable":true,"href":"https:\/\/www.europesays.com\/fr\/wp-json\/wp\/v2\/users\/2"}],"replies":[{"embeddable":true,"href":"https:\/\/www.europesays.com\/fr\/wp-json\/wp\/v2\/comments?post=424691"}],"version-history":[{"count":0,"href":"https:\/\/www.europesays.com\/fr\/wp-json\/wp\/v2\/posts\/424691\/revisions"}],"wp:featuredmedia":[{"embeddable":true,"href":"https:\/\/www.europesays.com\/fr\/wp-json\/wp\/v2\/media\/424692"}],"wp:attachment":[{"href":"https:\/\/www.europesays.com\/fr\/wp-json\/wp\/v2\/media?parent=424691"}],"wp:term":[{"taxonomy":"category","embeddable":true,"href":"https:\/\/www.europesays.com\/fr\/wp-json\/wp\/v2\/categories?post=424691"},{"taxonomy":"post_tag","embeddable":true,"href":"https:\/\/www.europesays.com\/fr\/wp-json\/wp\/v2\/tags?post=424691"}],"curies":[{"name":"wp","href":"https:\/\/api.w.org\/{rel}","templated":true}]}}