{"id":424700,"date":"2025-09-28T22:21:14","date_gmt":"2025-09-28T22:21:14","guid":{"rendered":"https:\/\/www.europesays.com\/fr\/424700\/"},"modified":"2025-09-28T22:21:14","modified_gmt":"2025-09-28T22:21:14","slug":"insuffisant-pour-gagner-un-match","status":"publish","type":"post","link":"https:\/\/www.europesays.com\/fr\/424700\/","title":{"rendered":"\u00ab Insuffisant pour gagner un match\u00a0\u00bb"},"content":{"rendered":"<p><strong>Comment analysez-vous ce rendez-vous rat\u00e9 par votre \u00e9quipe\u00a0?<\/strong><\/p>\n<p>\u00ab\u00a0Je suis d\u00e9\u00e7u de notre prestation et du r\u00e9sultat, forc\u00e9ment. <a href=\"https:\/\/www.republicain-lorrain.fr\/sport\/2025\/09\/28\/ligue-1-fc-metz-le-havre-le-match-en-images\" target=\"_blank\" rel=\"noopener\">On a fait un match qui n\u2019\u00e9tait pas assez de qualit\u00e9 pour gagner.<\/a> On n\u2019a pas r\u00e9ussi \u00e0 emballer le match comme on peut le faire habituellement, notamment en seconde p\u00e9riode. On n\u2019est jamais parvenu \u00e0 mettre Le\u00a0Havre sous pression. Il y a eu beaucoup de f\u00e9brilit\u00e9 au niveau technique. Du coup, le contr\u00f4le du jeu \u00e9tait tr\u00e8s al\u00e9atoire et \u00e7a a donn\u00e9 un match avec beaucoup d\u2019instabilit\u00e9 et peu de bonnes choses. Le seul point positif, c\u2019est de n\u2019avoir pas conc\u00e9d\u00e9 trop de situations et d\u2019avoir fini le match sans encaisser de but. Mais c\u2019est une maigre consolation.\u00a0\u00bb<\/p>\n<p><strong>D\u00e8s le coup d\u2019envoi, votre \u00e9quipe a fait preuve de f\u00e9brilit\u00e9\u2026<\/strong><\/p>\n<p>\u00ab <a href=\"https:\/\/www.republicain-lorrain.fr\/sport\/2025\/09\/28\/suivez-en-direct-le-match-entre-le-fc-metz-et-le-havre\" target=\"_blank\" rel=\"noopener\">Il n\u2019y a pas eu un moment o\u00f9 on a r\u00e9ussi \u00e0 trouver de la fluidit\u00e9 dans le jeu<\/a> alors qu\u2019on avait, je pense, pris un peu de confiance par rapport \u00e0 nos derniers matches. Peut-\u00eatre est-ce d\u00fb au devoir de gagner. Mais on n\u2019est qu\u2019\u00e0 la sixi\u00e8me journ\u00e9e, on n\u2019est pas au mois de mai\u2026 Peut-\u00eatre qu\u2019il y avait quand m\u00eame un peu de \u00e7a. Ce que je retiens, c\u2019est que ce n\u2019\u00e9tait pas assez bon pour prendre les trois points et c\u2019est vraiment dommage.\u00a0\u00bb<\/p>\n<p><strong>Avez-vous senti des signes avant-coureurs durant la semaine\u00a0?<\/strong><\/p>\n<p>\u00ab\u00a0Non, mais d\u00e8s le d\u00e9but du match, on a senti que ce n\u2019\u00e9tait pas tr\u00e8s clair, alors que ce que proposait d\u00e9fensivement Le\u00a0Havre \u00e9tait moins pressant que ce qu\u2019on attendait. Sur leurs derniers matches, les Havrais avaient mis beaucoup de pression sur les relances et l\u00e0, ce n\u2019\u00e9tait pas le cas. On n\u2019avait donc le temps de s\u2019organiser. \u00c0 la rigueur, qu\u2019on n\u2019arrive pas \u00e0 se situer dans les vingt-cinq ou trente derniers m\u00e8tres\u2026 Mais on a m\u00eame eu du mal \u00e0 amener les ballons \u00e0 cette hauteur-l\u00e0. Il y a eu beaucoup trop d\u2019instabilit\u00e9 pour faire un jeu coh\u00e9rent et esp\u00e9rer que l\u2019adversaire craque. On pensait qu\u2019en seconde p\u00e9riode, on allait \u00eatre capable de repartir avec de meilleures intentions, de proposer de meilleures choses. Finalement, \u00e7a n\u2019a pas \u00e9t\u00e9 le cas. On n\u2019a pas eu opportunit\u00e9s pour marquer. Il y a eu beaucoup d\u2019imperfections, et c\u2019est clairement insuffisant pour gagner un match en Ligue 1.\u00a0\u00bb<\/p>\n<p><strong>Selon vous, qu\u2019est-ce qui est le plus inqui\u00e9tant\u00a0: la situation comptable ou la prestation de votre \u00e9quipe ce dimanche\u00a0?<\/strong><\/p>\n<p>\u00ab\u00a0C\u2019est li\u00e9. Si on n\u2019est pas dans cette situation, peut-\u00eatre qu\u2019on est plus lib\u00e9r\u00e9 dans le jeu. <a href=\"https:\/\/www.republicain-lorrain.fr\/sport\/fc-metz\" target=\"_blank\" rel=\"noopener\">Il va falloir prendre des points et ne pas se laisser d\u00e9crocher.<\/a> On avait l\u2019opportunit\u00e9 de rattraper le\u00a0Havre au classement, ce n\u2019est pas le cas. Si on commence \u00e0 douter apr\u00e8s six journ\u00e9es, c\u2019est emb\u00eatant. Je suis persuad\u00e9 qu\u2019on est capable de faire mieux. Il y a peut-\u00eatre un probl\u00e8me de confiance\u2026 Il va falloir trouver les raisons en regardant le match, en discutant avec les joueurs. Il y avait des choses pas tr\u00e8s compliqu\u00e9es \u00e0 faire, mais on n\u2019a pas r\u00e9ussi \u00e0 les r\u00e9aliser. M\u00eame les choses les plus simples.\u00a0\u00bb<\/p>\n<p><strong>Fod\u00e9 Ballo Tour\u00e9 devait d\u00e9buter la rencontre, mais il a finalement \u00e9t\u00e9 remplac\u00e9 par Michel Mboula. Pourquoi\u00a0?<\/strong><\/p>\n<p>\u00ab\u00a0Fod\u00e9 est arriv\u00e9 au rendez-vous avant le match avec un torticolis. On a esp\u00e9r\u00e9 qu\u2019il puisse jouer, il a essay\u00e9, mais c\u2019\u00e9tait trop compliqu\u00e9. Il a laiss\u00e9 sa place \u00e0 Michel qui, malheureusement, apr\u00e8s une trentaine de minutes, a rechut\u00e9 sur la blessure qu\u2019il avait \u00e0 une cuisse. Pourtant, on n\u2019a pas pr\u00e9cipit\u00e9 son retour, il s\u2019est bien entra\u00een\u00e9 toute la semaine. Du coup, on a \u00e9t\u00e9 oblig\u00e9 de prendre une troisi\u00e8me option avec Giorgi Tsitaishvili.\u00a0\u00bb<\/p>\n","protected":false},"excerpt":{"rendered":"Comment analysez-vous ce rendez-vous rat\u00e9 par votre \u00e9quipe\u00a0? \u00ab\u00a0Je suis d\u00e9\u00e7u de notre prestation et du r\u00e9sultat, forc\u00e9ment.&hellip;\n","protected":false},"author":2,"featured_media":424701,"comment_status":"","ping_status":"","sticky":false,"template":"","format":"standard","meta":{"footnotes":""},"categories":[2],"tags":[11,5598,8113,107,1701,63,1011,27,7020,6212,6213,5599,12,25,517,1700],"class_list":{"0":"post-424700","1":"post","2":"type-post","3":"status-publish","4":"format-standard","5":"has-post-thumbnail","7":"category-actualites","8":"tag-actualites","9":"tag-edition-metz-et-agglomeration","10":"tag-fc-metz","11":"tag-fil-info","12":"tag-fil-info-sport","13":"tag-football","14":"tag-fr","15":"tag-france","16":"tag-ligue-1-football","17":"tag-metz","18":"tag-metz-ville-57b","19":"tag-moselle","20":"tag-news","21":"tag-republique-francaise","22":"tag-sport","23":"tag-sport-lorrain"},"share_on_mastodon":{"url":"https:\/\/pubeurope.com\/@fr\/115284258685264964","error":""},"_links":{"self":[{"href":"https:\/\/www.europesays.com\/fr\/wp-json\/wp\/v2\/posts\/424700","targetHints":{"allow":["GET"]}}],"collection":[{"href":"https:\/\/www.europesays.com\/fr\/wp-json\/wp\/v2\/posts"}],"about":[{"href":"https:\/\/www.europesays.com\/fr\/wp-json\/wp\/v2\/types\/post"}],"author":[{"embeddable":true,"href":"https:\/\/www.europesays.com\/fr\/wp-json\/wp\/v2\/users\/2"}],"replies":[{"embeddable":true,"href":"https:\/\/www.europesays.com\/fr\/wp-json\/wp\/v2\/comments?post=424700"}],"version-history":[{"count":0,"href":"https:\/\/www.europesays.com\/fr\/wp-json\/wp\/v2\/posts\/424700\/revisions"}],"wp:featuredmedia":[{"embeddable":true,"href":"https:\/\/www.europesays.com\/fr\/wp-json\/wp\/v2\/media\/424701"}],"wp:attachment":[{"href":"https:\/\/www.europesays.com\/fr\/wp-json\/wp\/v2\/media?parent=424700"}],"wp:term":[{"taxonomy":"category","embeddable":true,"href":"https:\/\/www.europesays.com\/fr\/wp-json\/wp\/v2\/categories?post=424700"},{"taxonomy":"post_tag","embeddable":true,"href":"https:\/\/www.europesays.com\/fr\/wp-json\/wp\/v2\/tags?post=424700"}],"curies":[{"name":"wp","href":"https:\/\/api.w.org\/{rel}","templated":true}]}}