{"id":424724,"date":"2025-09-28T22:35:18","date_gmt":"2025-09-28T22:35:18","guid":{"rendered":"https:\/\/www.europesays.com\/fr\/424724\/"},"modified":"2025-09-28T22:35:18","modified_gmt":"2025-09-28T22:35:18","slug":"excellent-thriller-psychologique-ce-polar-glacant-est-le-laureat-du-prix-des-lecteurs-2025-du-livre-de-poche","status":"publish","type":"post","link":"https:\/\/www.europesays.com\/fr\/424724\/","title":{"rendered":"\u00ab\u00a0Excellent thriller psychologique\u00a0\u00bb : ce polar gla\u00e7ant est le laur\u00e9at du Prix des lecteurs 2025 du Livre de Poche"},"content":{"rendered":"<p itemprop=\"description\">Ce polar fran\u00e7ais, dont l&rsquo;intrigue fait<br \/>\nfroid dans le dos, vient de remporter le Prix des lecteurs 2025 du<br \/>\nLivre de Poche dans la cat\u00e9gorie policiers &amp; thrillers.<\/p>\n<p>La saison des <a href=\"https:\/\/www.bibamagazine.fr\/culture\/livres\/selection-du-prix-goncourt-2025-ce-roman-magistral-bouscule-le-top-des-meilleures-ventes-487853.html\" target=\"_blank\" rel=\"noopener\">prix litt\u00e9raires 2025<\/a> ayant<br \/>\ncommenc\u00e9, c\u00a0\u00bbest l&rsquo;occasion de peaufiner sa liste de lecture. Les<br \/>\namateurs de r\u00e9cits \u00e9piques &#8211; et dramatiques &#8211; peuvent, par exemple,<br \/>\ny ajouter Les El\u00e9ments de John Boyne, qui vient de<br \/>\nremporter le <a href=\"https:\/\/www.bibamagazine.fr\/culture\/livres\/je-suis-soufflee-cet-auteur-irlandais-remporte-le-prix-du-roman-fnac-2025-488530.html\" target=\"_blank\" rel=\"noopener\">Prix du Roman Fnac 2025<\/a>. Vous<br \/>\nrecherchez d&rsquo;autres inspirations ou recommandations ? Le 16<br \/>\nseptembre dernier, <strong>Le Livre de Poche qui a d\u00e9voil\u00e9 les<br \/>\nlaur\u00e9ats de son Prix des Lecteurs 2025<\/strong>, qui distingue<br \/>\nchaque ann\u00e9e quatre ouvrages dans les cat\u00e9gories Litt\u00e9rature,<br \/>\nPoliciers &amp; thrillers, Documents &amp; essais, et Imaginaire. Et c&rsquo;est<br \/>\nun roman fran\u00e7ais qui a \u00e9t\u00e9 prim\u00e9 dans la cat\u00e9gorie Polars !<\/p>\n<p>Je suis Am\u00e9lie Lenglet<br \/>\nde Jacques Expert et Philippe Balland, Prix des lecteurs 2025 du<br \/>\nLivre de Poche<\/p>\n<p>Le <a href=\"https:\/\/www.bibamagazine.fr\/culture\/livres\/couronne-prix-lecteurs-livre-poche-2024-livre-historique-haleine-434790.html\" target=\"_blank\" rel=\"noopener\">Prix des Lecteurs du Livre de<br \/>\nPoche<\/a> 2025 a \u00e9t\u00e9 <strong>attribu\u00e9 \u00e0 Je suis Am\u00e9lie<br \/>\nLenglet de Jacques Expert et Philippe Balland dans la<br \/>\ncat\u00e9gorie Policiers &amp; thrillers<\/strong>. Ce polar \u00e9crit \u00e0 quatre<br \/>\nmains est paru pour la premi\u00e8re fois en mai 2024 aux \u00e9ditions<br \/>\nCalman-L\u00e9vy, avant de <a href=\"https:\/\/www.bibamagazine.fr\/culture\/livres\/le-meilleur-roman-que-jai-lu-depuis-30-ans-note-5-5-cet-ancien-prix-goncourt-fait-son-retour-dans-le-top-10-477421.html\" target=\"_blank\" rel=\"noopener\">sortir en Livre de Poche<\/a> le 30<br \/>\navril 2025. Sur plus de 400 pages, le roman nous raconte l\u2019histoire<br \/>\n(fictive) de la petite Am\u00e9lie Lenglet, une jeune fille enlev\u00e9e \u00e0<br \/>\nl\u2019\u00e2ge de sept ans. Son affaire, jamais \u00e9lucid\u00e9e, avait \u00e0 l\u2019\u00e9poque<br \/>\nboulevers\u00e9 la France. Dix ans plus tard, coup de th\u00e9\u00e2tre : Am\u00e9lie<br \/>\nr\u00e9appara\u00eet soudainement, affirmant avoir fui ses ravisseurs apr\u00e8s<br \/>\ndes ann\u00e9es de s\u00e9questration.<\/p>\n<p>Alors que les parents d\u2019Am\u00e9lie n\u2019ont jamais cess\u00e9 d\u2019esp\u00e9rer, le<br \/>\nretour de leur fille a tout d\u2019un miracle. Pourtant, l\u2019enqu\u00eate ne<br \/>\npermet ni de confirmer l\u2019identit\u00e9 de la jeune femme, ni de<br \/>\nretrouver ses ravisseurs. La famille tente cependant de retrouver<br \/>\nune forme de normalit\u00e9 quand, quelques semaines plus tard, un<br \/>\nnouveau coup de th\u00e9\u00e2tre survient. Une seconde jeune fille se<br \/>\npr\u00e9sente et affirme elle aussi \u00eatre Am\u00e9lie Lenglet. Comme la<br \/>\npremi\u00e8re Am\u00e9lie, elle livre des d\u00e9tails troublants de pr\u00e9cision sur<br \/>\nson enfance avant son enl\u00e8vement.. Laquelle est la \u00ab\u00a0vraie\u00a0\u00bb Am\u00e9lie,<br \/>\nlaquelle est une usurpatrice ? Et surtout, que faire quand m\u00eame les<br \/>\nparents ne savent plus qui croire ?<\/p>\n<p>Un thriller psychologique qui fait<br \/>\nfroid dans le dos<\/p>\n<p>Je suis Am\u00e9lie Lenglet de Jacques Expert et Philippe<br \/>\nBalland n&rsquo;a pas seulement s\u00e9duit les membres du jury du Prix des<br \/>\nLecteurs du Livre de Poche. Il a emball\u00e9 tous les fans de polars.<br \/>\n<strong>Not\u00e9 4,17\/5 sur le site sp\u00e9cialis\u00e9<br \/>\nBabelio<\/strong>, le roman y cumule les critiques<br \/>\npositives. \u00ab\u00a0Gros coup de coeur pour ce thriller \u00e0 l&rsquo;intrigue<br \/>\nmachiav\u00e9lique et \u00e0 la lecture addictive\u00a0\u00bb, \u00ab\u00a0Les auteurs nous<br \/>\nbaladent avec dext\u00e9rit\u00e9 dans une intrigue complexe mais<br \/>\nparfaitement ma\u00eetris\u00e9e. Un thriller brillant\u00a0\u00bb, \u00ab\u00a0Une construction<br \/>\nrythm\u00e9e et sans temps mort, aux rebondissements multiples et au<br \/>\nfinal renversant\u00a0\u00bb, \u00ab\u00a0Un excellent thriller psychologique,<br \/>\nimplacablement bien ficel\u00e9 et qui m&rsquo;a fait froid dans le dos\u00a0\u00bb,<br \/>\npeut-on notamment y lire.<\/p>\n<p><img loading=\"lazy\" decoding=\"async\" aria-describedby=\"caption-attachment-489198\" itemprop=\"thumbnailUrl\" class=\"size-large wp-image-489198 img-responsive pinit-here\" src=\"https:\/\/www.europesays.com\/fr\/wp-content\/uploads\/2025\/09\/amelie-633x1024.png\" alt=\"\" width=\"633\" height=\"1024\" data-pin-media=\"https:\/\/www.bibamagazine.fr\/wp-content\/uploads\/biba\/2025\/09\/amelie-736x1191.png\"\/><br \/>\n\u00a9<br \/>\nDR<\/p>\n<p id=\"caption-attachment-489198\" class=\"wp-caption-text\">Je suis<br \/>\nAm\u00e9lie Lenglet de Jacques Expert et Philippe Balland<\/p>\n<p>Les internautes saluent notamment son twist final ; \u00ab\u00a0Un<br \/>\nlivre qui se lit rapidement, tellement on est pris dans l&rsquo;histoire.<br \/>\nSans compter la fin qui est magistrale et que l&rsquo;on ne voit pas<br \/>\nvenir\u00a0\u00bb, \u00ab\u00a0J&rsquo;ai ador\u00e9 ce thriller. J&rsquo;ai \u00e9t\u00e9 stup\u00e9faite par le<br \/>\nd\u00e9nouement&#8230; et j&rsquo;ai pris plaisir \u00e0 \u00eatre induite en erreur \u00e0 de<br \/>\nnombreuses reprises\u00a0\u00bb. <strong>Ce polar fran\u00e7ais ne fait<br \/>\ncependant par l&rsquo;unanimit\u00e9<\/strong>, certains lecteurs lui<br \/>\nreprochent notamment sa longueur et une seconde partie qui<br \/>\n\u00ab\u00a0s&rsquo;essouffle un peu\u00a0\u00bb. \u00ab\u00a0Apr\u00e8s un tr\u00e8s bon d\u00e9but et une<br \/>\npremi\u00e8re partie bien ma\u00eetris\u00e9e, avec effectivement une bonne dose<br \/>\nde suspens&#8230; la d\u00e9ception&#8230;la seconde partie du roman m&rsquo;est<br \/>\napparue comme beaucoup moins attractive, plus banale\u00a0\u00bb, \u00ab\u00a0Je ne suis<br \/>\npas compl\u00e8tement s\u00e9duite car cela est un peu longuet\u00a0\u00bb,<br \/>\nnotent-il sur Babelio. Mais il \u00ab\u00a0reste une r\u00e9ussite\u00a0\u00bb, selon<br \/>\neux.<\/p>\n","protected":false},"excerpt":{"rendered":"Ce polar fran\u00e7ais, dont l&rsquo;intrigue fait froid dans le dos, vient de remporter le Prix des lecteurs 2025&hellip;\n","protected":false},"author":2,"featured_media":424725,"comment_status":"","ping_status":"","sticky":false,"template":"","format":"standard","meta":{"footnotes":""},"categories":[1357],"tags":[1379,58,59,1011,27,1380],"class_list":{"0":"post-424724","1":"post","2":"type-post","3":"status-publish","4":"format-standard","5":"has-post-thumbnail","7":"category-livres","8":"tag-books","9":"tag-divertissement","10":"tag-entertainment","11":"tag-fr","12":"tag-france","13":"tag-livres"},"share_on_mastodon":{"url":"https:\/\/pubeurope.com\/@fr\/115284314121441171","error":""},"_links":{"self":[{"href":"https:\/\/www.europesays.com\/fr\/wp-json\/wp\/v2\/posts\/424724","targetHints":{"allow":["GET"]}}],"collection":[{"href":"https:\/\/www.europesays.com\/fr\/wp-json\/wp\/v2\/posts"}],"about":[{"href":"https:\/\/www.europesays.com\/fr\/wp-json\/wp\/v2\/types\/post"}],"author":[{"embeddable":true,"href":"https:\/\/www.europesays.com\/fr\/wp-json\/wp\/v2\/users\/2"}],"replies":[{"embeddable":true,"href":"https:\/\/www.europesays.com\/fr\/wp-json\/wp\/v2\/comments?post=424724"}],"version-history":[{"count":0,"href":"https:\/\/www.europesays.com\/fr\/wp-json\/wp\/v2\/posts\/424724\/revisions"}],"wp:featuredmedia":[{"embeddable":true,"href":"https:\/\/www.europesays.com\/fr\/wp-json\/wp\/v2\/media\/424725"}],"wp:attachment":[{"href":"https:\/\/www.europesays.com\/fr\/wp-json\/wp\/v2\/media?parent=424724"}],"wp:term":[{"taxonomy":"category","embeddable":true,"href":"https:\/\/www.europesays.com\/fr\/wp-json\/wp\/v2\/categories?post=424724"},{"taxonomy":"post_tag","embeddable":true,"href":"https:\/\/www.europesays.com\/fr\/wp-json\/wp\/v2\/tags?post=424724"}],"curies":[{"name":"wp","href":"https:\/\/api.w.org\/{rel}","templated":true}]}}