{"id":424729,"date":"2025-09-28T22:38:13","date_gmt":"2025-09-28T22:38:13","guid":{"rendered":"https:\/\/www.europesays.com\/fr\/424729\/"},"modified":"2025-09-28T22:38:13","modified_gmt":"2025-09-28T22:38:13","slug":"des-paludieres-se-racontent-dans-un-film","status":"publish","type":"post","link":"https:\/\/www.europesays.com\/fr\/424729\/","title":{"rendered":"des paludi\u00e8res se racontent dans un film"},"content":{"rendered":"<p>            Par<br \/>\n        <strong><br \/>\n            <a href=\"https:\/\/actu.fr\/auteur\/journaliste-ehpg\" title=\"Consulter tous les articles de R\u00e9daction Gu\u00e9rande\" target=\"_blank\" rel=\"noopener\">R\u00e9daction Gu\u00e9rande<\/a><br \/>\n        <\/strong><\/p>\n<p>        Publi\u00e9 le<\/p>\n<p>            28 sept. 2025 \u00e0 14h30        <\/p>\n<p>Morgane Warion est paludi\u00e8re depuis 2013, apr\u00e8s une formation \u00e0 l\u2019\u00e9cole de la Chambre d\u2019agriculture \u00e0 <a href=\"https:\/\/actu.fr\/pays-de-la-loire\/la-turballe_44211\" target=\"_blank\" rel=\"noopener\">La Turballe<\/a> (Loire-Atlantique). Elle exploite 61 \u0153illets en bas de Clis et sur la route des Marais \u00e0 <a href=\"https:\/\/actu.fr\/pays-de-la-loire\/guerande_44069\" target=\"_blank\" rel=\"noopener\">Gu\u00e9rande<\/a>. Venue de l\u2019ext\u00e9rieur du monde paludier, un master de gestion et de management en poche, elle vit le m\u00e9tier du sel comme une passion, men\u00e9e de front avec une autre passion, les oiseaux exotiques qu\u2019elle \u00e9l\u00e8ve.<\/p>\n<p>Trois g\u00e9n\u00e9rations de femmes<\/p>\n<p class=\" wall-content\">En 2023, au moment de la r\u00e9colte de sel, elle a \u00e9t\u00e9 sollicit\u00e9e par Sophie Averty, avec deux coll\u00e8gues paludi\u00e8res, Dominique Perraud, aujourd\u2019hui d\u00e9c\u00e9d\u00e9e, et V\u00e9ronique Le Feuvre, pour participer \u00e0 un film documentaire, Paludiers\u2026 au f\u00e9minin, qui a d\u00e9j\u00e0 \u00e9t\u00e9 diffus\u00e9 sur France TV.<\/p>\n<p class=\" wall-content\">\u00c0 elles trois, elles repr\u00e9sentent trois g\u00e9n\u00e9rations de femmes et de paludi\u00e8res.<\/p>\n<blockquote class=\"ac-article-quote wall-content\">\n<p>C\u2019est un m\u00e9tier de passionn\u00e9, on aime bien en parler. De plus, Sophie a un regard int\u00e9ressant, c\u2019est un peu romantique dans la fa\u00e7on de tourner, avec les c\u00f4t\u00e9s plaisant du m\u00e9tier.<\/p>\n<p>Morgane Warion<\/p><\/blockquote>\n<p class=\" wall-content\">Mais c\u2019est aussi l\u2019expression de femmes, dans un milieu masculin, ce qui reste un combat.<\/p>\n<p>25 femmes sur 350 paludiers<\/p>\n<p class=\" wall-content\">\u00ab \u00catre une femme au marais, c\u2019est encore particulier. Sur 350 paludiers, nous sommes 25. C\u2019est une nette minorit\u00e9, mais une minorit\u00e9 qui s\u2019exprime et qui prend de plus en plus de responsabilit\u00e9, \u00e0 des postes importants, professionnels, administratifs, coop\u00e9ratifs ou syndicaux. Les femmes ont mis du temps \u00e0 faire leur place, mais on est l\u00e0 \u00bb, pr\u00e9cise la professionnelle.<\/p>\n<p>Vid\u00e9os : en ce moment sur Actu<\/p>\n<p class=\" wall-content\">\u00ab Pour les op\u00e9rations de chaussage des marais, on le fait par \u00e9quipe de 20. Je suis la seule nana. Ils se sont demand\u00e9 si j\u2019allais rester dans l\u2019\u00e9quipe et poursuivre ce m\u00e9tier. Pour un homme, on ne se pose pas la question \u00bb, raconte-t-elle, entre autres anecdotes.<\/p>\n<p>Votre r\u00e9gion, votre actu !<\/p>\n<p>Recevez chaque jour les infos qui comptent pour vous.<\/p>\n<p>\t<a href=\"https:\/\/actu.fr\/newsletter\" class=\"ac-btn ac-btn--corner ac-btn--medium ac-btn--blue800\" target=\"_blank\" rel=\"noopener\">S&rsquo;incrire<\/a><br \/>\n\u00ab J\u2019ai h\u00e9sit\u00e9, mais je n\u2019ai aucun regret \u00bb<\/p>\n<p class=\" wall-content\">Morgane Warion est aussi passionn\u00e9e de transmission. \u00c0 ce titre, elle intervient dans les formations de paludiers. Elle invite chacune et chacun \u00e0 venir voir le film et participer \u00e0 l\u2019\u00e9change ensuite. \u00ab C\u2019est un film souriant et positif qui peut inspirer dans le monde paludier et le monde agricole, et, au-del\u00e0, dans les autres m\u00e9tiers. S\u2019installer au marais, j\u2019ai h\u00e9sit\u00e9, mais je n\u2019ai aucun regret. Il faut simplement combiner le travail, la maison, les enfants si on en a. On a toutes une \u00e2me militante et des valeurs simples. Le soleil, c\u2019est notre patron. Canaliser l\u2019eau, c\u2019est ludique. C\u2019est un m\u00e9tier plein de sens, les deux pieds sur terre. Mes dipl\u00f4mes, je ne m\u2019en sers pas, mais je n\u2019aurais pas \u00e9t\u00e9 paludi\u00e8re sans cela. Ensemble, on se donne du courage, une s\u0153ur, une fille, une amie qui se lance en milieu masculin, c\u2019est inspirant pour les filles \u00bb.<\/p>\n<p class=\" wall-content\">Des \u00e9l\u00e9ments int\u00e9ressant pour un \u00e9change direct apr\u00e8s la projection, en pr\u00e9sence de Sophie Averty, la r\u00e9alisatrice, qui n\u2019est pas \u00e0 son premier documentaire paludier, puisqu\u2019elle avait d\u00e9j\u00e0 r\u00e9alis\u00e9 auparavant Un peu de la beaut\u00e9 du monde, sur les luttes pour sauver le marais dans les ann\u00e9es 70, face \u00e0 un projet de rocade et d\u2019urbanisation.<\/p>\n<p>Projection unique, organis\u00e9e par la m\u00e9diath\u00e8que, en pr\u00e9sence de la r\u00e9alisatrice et des paludi\u00e8res Morgane Warion et Marie Rainfray, jeudi 2\u00a0octobre de 19 h \u00e0 21h, \u00e0 la Maison des Paludiers de Saill\u00e9, \u00e0 Gu\u00e9rande. Gratuit sur r\u00e9servation aupr\u00e8s de la m\u00e9diath\u00e8que 02 40 24 75 91.<\/p>\n<p class=\" wall-content\">Personnalisez votre actualit\u00e9 en ajoutant vos villes et m\u00e9dias en favori avec <a href=\"https:\/\/moncompte.actu.fr\" title=\"D\u00e9couvez Mon Actu\" rel=\"nofollow noopener\" data-trk=\"{&quot;cta&quot;:{&quot;action&quot;:&quot;https:\\\/\\\/moncompte.actu.fr&quot;,&quot;category&quot;:&quot;mon compte&quot;,&quot;from&quot;:&quot;article footer&quot;,&quot;name&quot;:&quot;Mon actu&quot;,&quot;type&quot;:&quot;cta&quot;}}\" target=\"_blank\">Mon Actu<\/a>.<\/p>\n","protected":false},"excerpt":{"rendered":"Par R\u00e9daction Gu\u00e9rande Publi\u00e9 le 28 sept. 2025 \u00e0 14h30 Morgane Warion est paludi\u00e8re depuis 2013, apr\u00e8s une&hellip;\n","protected":false},"author":2,"featured_media":424730,"comment_status":"","ping_status":"","sticky":false,"template":"","format":"standard","meta":{"footnotes":""},"categories":[1354],"tags":[58,59,1346,1011,27,55370,1360,30044,55371,104],"class_list":{"0":"post-424729","1":"post","2":"type-post","3":"status-publish","4":"format-standard","5":"has-post-thumbnail","7":"category-films","8":"tag-divertissement","9":"tag-entertainment","10":"tag-films","11":"tag-fr","12":"tag-france","13":"tag-marais-salants","14":"tag-movies","15":"tag-presquile-de-guerande","16":"tag-sel-de-guerande","17":"tag-societe"},"share_on_mastodon":{"url":"https:\/\/pubeurope.com\/@fr\/115284325466979237","error":""},"_links":{"self":[{"href":"https:\/\/www.europesays.com\/fr\/wp-json\/wp\/v2\/posts\/424729","targetHints":{"allow":["GET"]}}],"collection":[{"href":"https:\/\/www.europesays.com\/fr\/wp-json\/wp\/v2\/posts"}],"about":[{"href":"https:\/\/www.europesays.com\/fr\/wp-json\/wp\/v2\/types\/post"}],"author":[{"embeddable":true,"href":"https:\/\/www.europesays.com\/fr\/wp-json\/wp\/v2\/users\/2"}],"replies":[{"embeddable":true,"href":"https:\/\/www.europesays.com\/fr\/wp-json\/wp\/v2\/comments?post=424729"}],"version-history":[{"count":0,"href":"https:\/\/www.europesays.com\/fr\/wp-json\/wp\/v2\/posts\/424729\/revisions"}],"wp:featuredmedia":[{"embeddable":true,"href":"https:\/\/www.europesays.com\/fr\/wp-json\/wp\/v2\/media\/424730"}],"wp:attachment":[{"href":"https:\/\/www.europesays.com\/fr\/wp-json\/wp\/v2\/media?parent=424729"}],"wp:term":[{"taxonomy":"category","embeddable":true,"href":"https:\/\/www.europesays.com\/fr\/wp-json\/wp\/v2\/categories?post=424729"},{"taxonomy":"post_tag","embeddable":true,"href":"https:\/\/www.europesays.com\/fr\/wp-json\/wp\/v2\/tags?post=424729"}],"curies":[{"name":"wp","href":"https:\/\/api.w.org\/{rel}","templated":true}]}}