{"id":424743,"date":"2025-09-28T22:45:13","date_gmt":"2025-09-28T22:45:13","guid":{"rendered":"https:\/\/www.europesays.com\/fr\/424743\/"},"modified":"2025-09-28T22:45:13","modified_gmt":"2025-09-28T22:45:13","slug":"trois-blesses-dont-deux-graves-a-hauteur-de-meilly-sur-rouvres","status":"publish","type":"post","link":"https:\/\/www.europesays.com\/fr\/424743\/","title":{"rendered":"trois bless\u00e9s dont deux graves \u00e0 hauteur de Meilly-sur-Rouvres"},"content":{"rendered":"<p>Ce dimanche, en fin de journ\u00e9e, \u00e0 18 h 25 pr\u00e9cis\u00e9ment, un accident de la route est survenu sur la\u00a0RD 981, route d&rsquo;Arnay, sur la commune de Meilly-sur-Rouvres.<\/p>\n<p>D&rsquo;apr\u00e8s les informations des sapeurs-pompiers de la C\u00f4te-d&rsquo;Or, une voiture et une moto sont impliqu\u00e9es. On ne sait pas ce qui a provoqu\u00e9 cet accident.<\/p>\n<p>Ce contenu est bloqu\u00e9 car vous n&rsquo;avez pas accept\u00e9 les cookies et autres traceurs.<\/p>\n<p>En cliquant sur \u00ab J\u2019accepte \u00bb, les cookies et autres traceurs seront d\u00e9pos\u00e9s et vous pourrez visualiser les contenus  (<a href=\"\" class=\"consentModule_policy\" target=\"_blank\" title=\"Consulter la politique de protection des donn\u00e9es du fournisseur\">plus d&rsquo;informations<\/a>).<\/p>\n<p>En cliquant sur \u00ab J\u2019accepte tous les cookies \u00bb, vous autorisez des d\u00e9p\u00f4ts de cookies et autres traceurs pour le stockage de vos donn\u00e9es sur nos sites et applications \u00e0 des fins de personnalisation et de ciblage publicitaire.<\/p>\n<p class=\"consentModule_secondaryText\">Vous gardez la possibilit\u00e9 de retirer votre consentement \u00e0 tout moment en consultant notre <a href=\"https:\/\/www.bienpublic.com\/protection-des-donnees\" target=\"_blank\" title=\"Consulter notre politique de protection des donn\u00e9es\" rel=\"noopener\">politique de protection des donn\u00e9es<\/a>. <br \/>&#13;<br \/>\n            <a href=\"https:\/\/www.bienpublic.com\/faits-divers-justice\/2025\/09\/28\/javascript:Didomi.notice.show()\" class=\"consentModule_cmp\" target=\"_blank\" rel=\"noopener\">G\u00e9rer mes choix<\/a>&#13;\n        <\/p>\n<p>&#13;<br \/>\n                        J&rsquo;accepte&#13;<br \/>\n            J&rsquo;accepte tous les cookies&#13;\n        <\/p>\n<p>  Un h\u00e9licopt\u00e8re du Samu sur place<\/p>\n<p>Le bilan provisoire est de trois victimes,\u00a0un bless\u00e9 l\u00e9ger, dans\u00a0la voiture, et deux\u00a0bless\u00e9s graves, qui \u00e9taient sur la moto.<\/p>\n<p>La circulation a \u00e9t\u00e9 interrompue, et semblait \u00eatre toujours bloqu\u00e9e \u00e0 19 h 30, d&rsquo;apr\u00e8s le Sdis 21. Treize pompiers sont intervenus.\u00a0Le\u00a0Samu\u00a0a de son c\u00f4t\u00e9 engag\u00e9 une \u00e9quipe m\u00e9dicale et un\u00a0h\u00e9licopt\u00e8re.<\/p>\n","protected":false},"excerpt":{"rendered":"Ce dimanche, en fin de journ\u00e9e, \u00e0 18 h 25 pr\u00e9cis\u00e9ment, un accident de la route est survenu&hellip;\n","protected":false},"author":2,"featured_media":424744,"comment_status":"","ping_status":"","sticky":false,"template":"","format":"standard","meta":{"footnotes":""},"categories":[4],"tags":[11,2931,10975,274,107,1011,27,55373,12,25],"class_list":{"0":"post-424743","1":"post","2":"type-post","3":"status-publish","4":"format-standard","5":"has-post-thumbnail","7":"category-france","8":"tag-actualites","9":"tag-cote-dor","10":"tag-edition-beaune-et-sa-region","11":"tag-faits-divers-justice","12":"tag-fil-info","13":"tag-fr","14":"tag-france","15":"tag-meilly-sur-rouvres","16":"tag-news","17":"tag-republique-francaise"},"share_on_mastodon":{"url":"https:\/\/pubeurope.com\/@fr\/115284352974272544","error":""},"_links":{"self":[{"href":"https:\/\/www.europesays.com\/fr\/wp-json\/wp\/v2\/posts\/424743","targetHints":{"allow":["GET"]}}],"collection":[{"href":"https:\/\/www.europesays.com\/fr\/wp-json\/wp\/v2\/posts"}],"about":[{"href":"https:\/\/www.europesays.com\/fr\/wp-json\/wp\/v2\/types\/post"}],"author":[{"embeddable":true,"href":"https:\/\/www.europesays.com\/fr\/wp-json\/wp\/v2\/users\/2"}],"replies":[{"embeddable":true,"href":"https:\/\/www.europesays.com\/fr\/wp-json\/wp\/v2\/comments?post=424743"}],"version-history":[{"count":0,"href":"https:\/\/www.europesays.com\/fr\/wp-json\/wp\/v2\/posts\/424743\/revisions"}],"wp:featuredmedia":[{"embeddable":true,"href":"https:\/\/www.europesays.com\/fr\/wp-json\/wp\/v2\/media\/424744"}],"wp:attachment":[{"href":"https:\/\/www.europesays.com\/fr\/wp-json\/wp\/v2\/media?parent=424743"}],"wp:term":[{"taxonomy":"category","embeddable":true,"href":"https:\/\/www.europesays.com\/fr\/wp-json\/wp\/v2\/categories?post=424743"},{"taxonomy":"post_tag","embeddable":true,"href":"https:\/\/www.europesays.com\/fr\/wp-json\/wp\/v2\/tags?post=424743"}],"curies":[{"name":"wp","href":"https:\/\/api.w.org\/{rel}","templated":true}]}}