{"id":424747,"date":"2025-09-28T22:47:12","date_gmt":"2025-09-28T22:47:12","guid":{"rendered":"https:\/\/www.europesays.com\/fr\/424747\/"},"modified":"2025-09-28T22:47:12","modified_gmt":"2025-09-28T22:47:12","slug":"etudes-superieures-etudes-superieures-mode-demploi-avec-le-salon-studyrama","status":"publish","type":"post","link":"https:\/\/www.europesays.com\/fr\/424747\/","title":{"rendered":"Etudes sup\u00e9rieures. \u00c9tudes Sup\u00e9rieures, mode d&#8217;emploi avec le salon Studyrama"},"content":{"rendered":"<p>Vous ne savez pas quel parcours privil\u00e9gier ? Comment bien g\u00e9rer la proc\u00e9dure Parcoursup, les formations concern\u00e9es et son calendrier ? Quels grands domaines d\u2019enseignement sont dispens\u00e9s \u00e0 l\u2019Universit\u00e9 Jean Monet Saint Etienne ? Comment int\u00e9grer une grande \u00e9cole ? Avec plus de 500 formations de Bac \u00e0 Bac + 5, Universit\u00e9s, BTS, Grandes Ecoles, IUT, Ecoles sp\u00e9cialis\u00e9es, Pr\u00e9pas&#8230;, un p\u00f4le orientation avec les CIO de l&rsquo;Acad\u00e9mie de Lyon et de nombreuses conf\u00e9rences, le salon Studyrama est le rendez-vous id\u00e9al pour r\u00e9pondre \u00e0 vos interrogations et vous aider \u00e0 construire votre avenir.<\/p>\n<p>En \u00e9changeant avec des sp\u00e9cialistes des \u00e9tudes sup\u00e9rieures, des professeurs et des \u00e9tudiants vous aurez une vision plus concr\u00e8te des enseignements et formations propos\u00e9s, quel que soit le domaine et le niveau d\u2019\u00e9tude envisag\u00e9. Des sp\u00e9cialistes du conseil en orientations seront \u00e9galement \u00e0 votre \u00e9coute pour vous apporter des r\u00e9ponses personnalis\u00e9es qui vous aideront dans votre orientation et\/ou sp\u00e9cialisation ! Les conf\u00e9rences organis\u00e9es tout au long de la journ\u00e9e vous donneront \u00e9galement des cl\u00e9s pr\u00e9cieuses pour votre avenir.<\/p>\n<p>Construisez votre avenir d\u00e8s aujourd\u2019hui avec les professionnels du salon Studyrama de Saint-\u00c9tienne !<\/p>\n","protected":false},"excerpt":{"rendered":"Vous ne savez pas quel parcours privil\u00e9gier ? Comment bien g\u00e9rer la proc\u00e9dure Parcoursup, les formations concern\u00e9es et&hellip;\n","protected":false},"author":2,"featured_media":424748,"comment_status":"","ping_status":"","sticky":false,"template":"","format":"standard","meta":{"footnotes":""},"categories":[9653],"tags":[1111,11,7884,2430,1777,674,1011,27,12,25,4001],"class_list":{"0":"post-424747","1":"post","2":"type-post","3":"status-publish","4":"format-standard","5":"has-post-thumbnail","7":"category-saint-etienne","8":"tag-actu","9":"tag-actualites","10":"tag-articles-partenaires","11":"tag-auvergne-rhone-alpes","12":"tag-eu","13":"tag-europe","14":"tag-fr","15":"tag-france","16":"tag-news","17":"tag-republique-francaise","18":"tag-saint-etienne"},"share_on_mastodon":{"url":"https:\/\/pubeurope.com\/@fr\/115284360876680766","error":""},"_links":{"self":[{"href":"https:\/\/www.europesays.com\/fr\/wp-json\/wp\/v2\/posts\/424747","targetHints":{"allow":["GET"]}}],"collection":[{"href":"https:\/\/www.europesays.com\/fr\/wp-json\/wp\/v2\/posts"}],"about":[{"href":"https:\/\/www.europesays.com\/fr\/wp-json\/wp\/v2\/types\/post"}],"author":[{"embeddable":true,"href":"https:\/\/www.europesays.com\/fr\/wp-json\/wp\/v2\/users\/2"}],"replies":[{"embeddable":true,"href":"https:\/\/www.europesays.com\/fr\/wp-json\/wp\/v2\/comments?post=424747"}],"version-history":[{"count":0,"href":"https:\/\/www.europesays.com\/fr\/wp-json\/wp\/v2\/posts\/424747\/revisions"}],"wp:featuredmedia":[{"embeddable":true,"href":"https:\/\/www.europesays.com\/fr\/wp-json\/wp\/v2\/media\/424748"}],"wp:attachment":[{"href":"https:\/\/www.europesays.com\/fr\/wp-json\/wp\/v2\/media?parent=424747"}],"wp:term":[{"taxonomy":"category","embeddable":true,"href":"https:\/\/www.europesays.com\/fr\/wp-json\/wp\/v2\/categories?post=424747"},{"taxonomy":"post_tag","embeddable":true,"href":"https:\/\/www.europesays.com\/fr\/wp-json\/wp\/v2\/tags?post=424747"}],"curies":[{"name":"wp","href":"https:\/\/api.w.org\/{rel}","templated":true}]}}