{"id":424750,"date":"2025-09-28T22:49:12","date_gmt":"2025-09-28T22:49:12","guid":{"rendered":"https:\/\/www.europesays.com\/fr\/424750\/"},"modified":"2025-09-28T22:49:12","modified_gmt":"2025-09-28T22:49:12","slug":"pedro-la-creation-de-la-rentree-du-theatre-de-la-manufacture-du-2-au-9-octobre","status":"publish","type":"post","link":"https:\/\/www.europesays.com\/fr\/424750\/","title":{"rendered":"Pedro, la cr\u00e9ation de la rentr\u00e9e du th\u00e9\u00e2tre de la Manufacture du 2 au 9 octobre"},"content":{"rendered":"<p>  <strong>D\u00e9sir et science-fiction<\/strong><\/p>\n<p>C\u2019est l\u2019histoire de Beatriz et Jos\u00e9 Manuel, acteur et actrice de t\u00e9l\u00e9novelas, qui nous embarquent dans une fiction d\u00e9cal\u00e9e et futuriste, inspir\u00e9e de leur propre vie. Ancr\u00e9e dans l\u2019univers singulier du cin\u00e9aste Pedro Almod\u00f3var <br \/>et influenc\u00e9e par l\u2019oeuvre de l\u2019autrice Ursula K. Le Guin, la pi\u00e8ce interroge notre rapport au d\u00e9sir, au plaisir <br \/>et \u00e0 la sexualit\u00e9.<br \/>\u00c0 travers leurs corps, les mots et l\u2019imagination, les personnages de cette histoire cherchent la bonne distance entre l\u2019autre et soi, entre leurs emp\u00eachements et leurs d\u00e9sirs, afin de respirer plus librement et plus pleinement. <br \/>Quel espace pour l\u2019intime dans un monde o\u00f9 l\u2019injonction est de se mettre en vitrine pour trouver sa place ?<br \/>Une exp\u00e9rience qui engage la parole permettant une communion imm\u00e9diate et joueuse avec le public en salle.<\/p>\n<p>\u00a0<strong>Juliette Navis \u00e0 la mise en sc\u00e8ne<\/strong><\/p>\n<p>S\u2019appuyant sur des figures c\u00e9l\u00e8bres, le travail de Juliette Navis pose une r\u00e9flexion ludique sur notre \u00e9poque <br \/>et ses vanit\u00e9s. Dans le premier volet de sa trilogie pr\u00e9sent\u00e9e au CDN de Nancy, J.C., pour Jean-Claude Van Damme, elle explorait le tabou de l\u2019argent dans nos soci\u00e9t\u00e9s patriarcales. Avec C\u00e9line, en r\u00e9f\u00e9rence \u00e0 la c\u00e9l\u00e8bre diva canadienne, elle questionnait notre rapport \u00e0 la mort et \u00e0 la vieillesse. Form\u00e9e au Conservatoire National Sup\u00e9rieur d\u2019Art Dramatique de Paris, Juliette Navis est \u00e0 la t\u00eate de la compagnie REGEN MENSEN depuis 2019. <br \/>Elle cl\u00f4t son triptyque avec Pedro en abordant l\u2019intime et notre rapport au d\u00e9sir.<\/p>\n<p><strong>Un marathon th\u00e9\u00e2tral\u00a0<\/strong><\/p>\n<p>Nouveaut\u00e9 de la saison\u00a0: le th\u00e9\u00e2tre de la Manufacture propose samedi 4 octobre une int\u00e9grale des spectacles <br \/>de Juliette Navis. Vous aviez aim\u00e9 J.C. mais rat\u00e9 C\u00e9line, ou peut-\u00eatre l\u2019inverse\u00a0? Le CDN vous accueille d\u00e8s 15h <br \/>pour une s\u00e9ance de rattrapage.<\/p>\n<p>\u00a0<strong>F\u00eate de derni\u00e8re au NJP<\/strong><\/p>\n<p>Le 4 octobre \u00e0 partir de 21h45, la f\u00eate de derni\u00e8re de Pedro prendra la forme d\u2019un concert du Nancy Jazz Poursuite dans le hall du th\u00e9\u00e2tre. L\u2019occasion de d\u00e9couvrir le groupe LADISLAVA<strong>,<\/strong> m\u00e9lange de musiques traditionnelles slaves <br \/>et d\u2019\u00e9lectro.<\/p>\n<p>&#13;<br \/>\n                                            Contenu con\u00e7u et propos\u00e9 par EBRA inspirations&#13;<br \/>\n                        avec Th\u00e9\u00e2tre de la Manufacture&#13;\n                                    <\/p>\n","protected":false},"excerpt":{"rendered":"D\u00e9sir et science-fiction C\u2019est l\u2019histoire de Beatriz et Jos\u00e9 Manuel, acteur et actrice de t\u00e9l\u00e9novelas, qui nous embarquent&hellip;\n","protected":false},"author":2,"featured_media":424751,"comment_status":"","ping_status":"","sticky":false,"template":"","format":"standard","meta":{"footnotes":""},"categories":[9635],"tags":[1111,11,7884,1777,674,1011,27,775,1702,12,25],"class_list":{"0":"post-424750","1":"post","2":"type-post","3":"status-publish","4":"format-standard","5":"has-post-thumbnail","7":"category-nancy","8":"tag-actu","9":"tag-actualites","10":"tag-articles-partenaires","11":"tag-eu","12":"tag-europe","13":"tag-fr","14":"tag-france","15":"tag-grand-est","16":"tag-nancy","17":"tag-news","18":"tag-republique-francaise"},"share_on_mastodon":{"url":"https:\/\/pubeurope.com\/@fr\/115284368597432906","error":""},"_links":{"self":[{"href":"https:\/\/www.europesays.com\/fr\/wp-json\/wp\/v2\/posts\/424750","targetHints":{"allow":["GET"]}}],"collection":[{"href":"https:\/\/www.europesays.com\/fr\/wp-json\/wp\/v2\/posts"}],"about":[{"href":"https:\/\/www.europesays.com\/fr\/wp-json\/wp\/v2\/types\/post"}],"author":[{"embeddable":true,"href":"https:\/\/www.europesays.com\/fr\/wp-json\/wp\/v2\/users\/2"}],"replies":[{"embeddable":true,"href":"https:\/\/www.europesays.com\/fr\/wp-json\/wp\/v2\/comments?post=424750"}],"version-history":[{"count":0,"href":"https:\/\/www.europesays.com\/fr\/wp-json\/wp\/v2\/posts\/424750\/revisions"}],"wp:featuredmedia":[{"embeddable":true,"href":"https:\/\/www.europesays.com\/fr\/wp-json\/wp\/v2\/media\/424751"}],"wp:attachment":[{"href":"https:\/\/www.europesays.com\/fr\/wp-json\/wp\/v2\/media?parent=424750"}],"wp:term":[{"taxonomy":"category","embeddable":true,"href":"https:\/\/www.europesays.com\/fr\/wp-json\/wp\/v2\/categories?post=424750"},{"taxonomy":"post_tag","embeddable":true,"href":"https:\/\/www.europesays.com\/fr\/wp-json\/wp\/v2\/tags?post=424750"}],"curies":[{"name":"wp","href":"https:\/\/api.w.org\/{rel}","templated":true}]}}