{"id":424775,"date":"2025-09-28T23:12:13","date_gmt":"2025-09-28T23:12:13","guid":{"rendered":"https:\/\/www.europesays.com\/fr\/424775\/"},"modified":"2025-09-28T23:12:13","modified_gmt":"2025-09-28T23:12:13","slug":"loire-atlantique-futsal-d1-nantes-enchaine-a-kingersheim-et-monte-sur-le-podium-sport","status":"publish","type":"post","link":"https:\/\/www.europesays.com\/fr\/424775\/","title":{"rendered":"Loire Atlantique &#8211; Futsal. D1\u00a0: Nantes encha\u00eene \u00e0 Kingersheim et monte sur le podium\u00a0! . Sport"},"content":{"rendered":"<p>D\u00e9placement p\u00e9rilleux pour les hommes de Fabrice Gacougnolle, qui se rendaient en Alsace, ce dimanche 28\u00a0septembre, pour affronter l\u2019une de leurs b\u00eates noires, le FC Kingersheim.<\/p>\n<p>Une fois n\u2019est pas coutume, les \u00c9l\u00e9phants ont encore eu du mal face aux Alsaciens. Battus \u00e0 deux reprises par cette formation la saison derni\u00e8re, les Nantais ont cette fois pris le dessus. Malgr\u00e9 l\u2019avantage \u00e0 la pause (3-1), le technicien nantais n\u2019\u00e9tait pas pleinement satisfait\u00a0: \u00a0Sinc\u00e8rement, je ne suis pas satisfait de ce qu\u2019on a montr\u00e9 sur le terrain. M\u00eame si on est devant, ce n\u2019\u00e9tait vraiment pas simple.\u00a0<\/p>\n<p>\u00ab\u00a0On a souffert jusqu\u2019au bout\u00a0\u00bb<\/p>\n<p>Durant ce premier acte, Steve Bendali a encore trouv\u00e9 le chemin des filets, tout comme Micha\u00ebl De Sa Andrade, tous deux auteurs d\u2019un excellent d\u00e9but de saison avec trois buts chacun en autant de rencontres.<\/p>\n<p><strong>Lire aussi\u00a0:<\/strong> <a href=\"https:\/\/nantes.maville.com\/sport\/detail_-futsal.-le-nantes-metropole-bien-dans-ses-nouveaux-meubles-_8-6976429_actu.Htm\" target=\"_blank\" rel=\"noopener\">Futsal. Le Nantes M\u00e9tropole bien dans ses nouveaux meubles<\/a> <\/p>\n<p>En seconde p\u00e9riode, le contenu n\u2019a pas vraiment rassur\u00e9. Mais malgr\u00e9 les difficult\u00e9s, Renatinho a inscrit un nouveau but pour sceller la victoire des \u00c9l\u00e9phants. Un succ\u00e8s au go\u00fbt mitig\u00e9 pour Gacougnolle\u00a0: \u00a0C\u2019est une victoire o\u00f9 on a souffert jusqu\u2019au bout. Au moins, on a montr\u00e9 qu\u2019on sait souffrir et qu\u2019on est solidaires sur le terrain.\u00a0<\/p>\n<p>Si le jeu reste perfectible, le coach pointe aussi un autre probl\u00e8me r\u00e9current en ce d\u00e9but de saison\u00a0: \u00a0Le niveau d\u2019arbitrage est encore n\u00e9faste et tr\u00e8s inqui\u00e9tant. C\u2019est de pire en pire\u00a0!\u00a0\u00bb<\/p>\n<p>Malgr\u00e9 tout, le Nantes M\u00e9tropole Futsal r\u00e9alise un d\u00e9but de saison positif\u00a0: invaincus apr\u00e8s trois journ\u00e9es et 3es de D1, les \u00c9l\u00e9phants confirment leur bon d\u00e9part. Prochain rendez-vous samedi prochain (21h), \u00e0 domicile face \u00e0 Toulouse (11e).<\/p>\n<p><strong>FC KINGERSHEIM \u2013 NANTES M\u00c9TROPOLE FUTSAL\u00a0: 2-4<\/strong> (1-3)<\/p>\n<p>Arbitres\u00a0: MM El Andaloussi et Fabre<br \/><strong>BUTS.<\/strong> Kingersheim\u00a0: Badr, Rodri. Nantes\u00a0: Bendali, Pele, De Sa Andrade, Renatinho.<\/p>\n<p>\u00a0<\/p>\n","protected":false},"excerpt":{"rendered":"D\u00e9placement p\u00e9rilleux pour les hommes de Fabrice Gacougnolle, qui se rendaient en Alsace, ce dimanche 28\u00a0septembre, pour affronter&hellip;\n","protected":false},"author":2,"featured_media":424776,"comment_status":"","ping_status":"","sticky":false,"template":"","format":"standard","meta":{"footnotes":""},"categories":[2818],"tags":[1111,11,3809,1465,1777,674,63,1011,27,1792,1922,2047,766,12,2636,25,479,517,1470],"class_list":{"0":"post-424775","1":"post","2":"type-post","3":"status-publish","4":"format-standard","5":"has-post-thumbnail","7":"category-nantes","8":"tag-actu","9":"tag-actualites","10":"tag-ball","11":"tag-basket","12":"tag-eu","13":"tag-europe","14":"tag-football","15":"tag-fr","16":"tag-france","17":"tag-handball","18":"tag-info","19":"tag-mans","20":"tag-nantes","21":"tag-news","22":"tag-pays-de-la-loire","23":"tag-republique-francaise","24":"tag-rugby","25":"tag-sport","26":"tag-volley"},"share_on_mastodon":{"url":"https:\/\/pubeurope.com\/@fr\/115284459121492223","error":""},"_links":{"self":[{"href":"https:\/\/www.europesays.com\/fr\/wp-json\/wp\/v2\/posts\/424775","targetHints":{"allow":["GET"]}}],"collection":[{"href":"https:\/\/www.europesays.com\/fr\/wp-json\/wp\/v2\/posts"}],"about":[{"href":"https:\/\/www.europesays.com\/fr\/wp-json\/wp\/v2\/types\/post"}],"author":[{"embeddable":true,"href":"https:\/\/www.europesays.com\/fr\/wp-json\/wp\/v2\/users\/2"}],"replies":[{"embeddable":true,"href":"https:\/\/www.europesays.com\/fr\/wp-json\/wp\/v2\/comments?post=424775"}],"version-history":[{"count":0,"href":"https:\/\/www.europesays.com\/fr\/wp-json\/wp\/v2\/posts\/424775\/revisions"}],"wp:featuredmedia":[{"embeddable":true,"href":"https:\/\/www.europesays.com\/fr\/wp-json\/wp\/v2\/media\/424776"}],"wp:attachment":[{"href":"https:\/\/www.europesays.com\/fr\/wp-json\/wp\/v2\/media?parent=424775"}],"wp:term":[{"taxonomy":"category","embeddable":true,"href":"https:\/\/www.europesays.com\/fr\/wp-json\/wp\/v2\/categories?post=424775"},{"taxonomy":"post_tag","embeddable":true,"href":"https:\/\/www.europesays.com\/fr\/wp-json\/wp\/v2\/tags?post=424775"}],"curies":[{"name":"wp","href":"https:\/\/api.w.org\/{rel}","templated":true}]}}