{"id":424781,"date":"2025-09-28T23:15:12","date_gmt":"2025-09-28T23:15:12","guid":{"rendered":"https:\/\/www.europesays.com\/fr\/424781\/"},"modified":"2025-09-28T23:15:12","modified_gmt":"2025-09-28T23:15:12","slug":"domaines-skiables-de-france-organise-son-congres-a-toulouse-debut-octobre","status":"publish","type":"post","link":"https:\/\/www.europesays.com\/fr\/424781\/","title":{"rendered":"Domaines Skiables de France organise son congr\u00e8s \u00e0 Toulouse d\u00e9but octobre"},"content":{"rendered":"<p>Domaines Skiables de France organise son congr\u00e8s annuel, les 2 et 3\u00a0octobre prochains \u00e0 Toulouse. Cet \u00e9v\u00e9nement r\u00e9unit les entreprises, organisations et institutions qui ont un int\u00e9r\u00eat \u00e0 l\u2019activit\u00e9 des stations de montagne (entreprises de remont\u00e9es m\u00e9caniques et de domaines skiables venues de tous les massifs fran\u00e7ais, fournisseurs ainsi que les repr\u00e9sentants des minist\u00e8res, les \u00e9lus et les institutionnels du monde des entreprises et du tourisme fran\u00e7ais). Chaque ann\u00e9e, il rassemble pr\u00e8s de 800 personnes.<\/p>\n<p>Au programme, durant ces deux jours\u00a0: trois tables rondes traitant des enjeux d\u2019avenir, un espace d\u2019expositions-rencontres ou encore un concours permettant \u00e0 huit entreprises de pr\u00e9senter devant les congressistes, dans un format court de 3 minutes, une innovation particuli\u00e8re, r\u00e9alis\u00e9e et mise sur le march\u00e9 depuis moins de trois ans. <a href=\"https:\/\/www.congresdsf.fr\" class=\"spip_out\" rel=\"external noopener\" target=\"_blank\">Plus d\u2019informations<\/a> et inscriptions <a href=\"https:\/\/www.congresdsf.fr\/\" class=\"spip_out\" rel=\"external noopener\" target=\"_blank\">en ligne<\/a>.<\/p>\n","protected":false},"excerpt":{"rendered":"Domaines Skiables de France organise son congr\u00e8s annuel, les 2 et 3\u00a0octobre prochains \u00e0 Toulouse. Cet \u00e9v\u00e9nement r\u00e9unit&hellip;\n","protected":false},"author":2,"featured_media":373637,"comment_status":"","ping_status":"","sticky":false,"template":"","format":"standard","meta":{"footnotes":""},"categories":[2816],"tags":[1111,11,1777,674,1011,27,52306,2425,12,2680,25,2312,602],"class_list":{"0":"post-424781","1":"post","2":"type-post","3":"status-publish","4":"format-standard","5":"has-post-thumbnail","7":"category-toulouse","8":"tag-actu","9":"tag-actualites","10":"tag-eu","11":"tag-europe","12":"tag-fr","13":"tag-france","14":"tag-loisirs-et-attractions","15":"tag-luxe","16":"tag-news","17":"tag-occitanie","18":"tag-republique-francaise","19":"tag-toulouse","20":"tag-tourisme"},"share_on_mastodon":{"url":"https:\/\/pubeurope.com\/@fr\/115284470928027488","error":""},"_links":{"self":[{"href":"https:\/\/www.europesays.com\/fr\/wp-json\/wp\/v2\/posts\/424781","targetHints":{"allow":["GET"]}}],"collection":[{"href":"https:\/\/www.europesays.com\/fr\/wp-json\/wp\/v2\/posts"}],"about":[{"href":"https:\/\/www.europesays.com\/fr\/wp-json\/wp\/v2\/types\/post"}],"author":[{"embeddable":true,"href":"https:\/\/www.europesays.com\/fr\/wp-json\/wp\/v2\/users\/2"}],"replies":[{"embeddable":true,"href":"https:\/\/www.europesays.com\/fr\/wp-json\/wp\/v2\/comments?post=424781"}],"version-history":[{"count":0,"href":"https:\/\/www.europesays.com\/fr\/wp-json\/wp\/v2\/posts\/424781\/revisions"}],"wp:featuredmedia":[{"embeddable":true,"href":"https:\/\/www.europesays.com\/fr\/wp-json\/wp\/v2\/media\/373637"}],"wp:attachment":[{"href":"https:\/\/www.europesays.com\/fr\/wp-json\/wp\/v2\/media?parent=424781"}],"wp:term":[{"taxonomy":"category","embeddable":true,"href":"https:\/\/www.europesays.com\/fr\/wp-json\/wp\/v2\/categories?post=424781"},{"taxonomy":"post_tag","embeddable":true,"href":"https:\/\/www.europesays.com\/fr\/wp-json\/wp\/v2\/tags?post=424781"}],"curies":[{"name":"wp","href":"https:\/\/api.w.org\/{rel}","templated":true}]}}