{"id":424794,"date":"2025-09-28T23:24:13","date_gmt":"2025-09-28T23:24:13","guid":{"rendered":"https:\/\/www.europesays.com\/fr\/424794\/"},"modified":"2025-09-28T23:24:13","modified_gmt":"2025-09-28T23:24:13","slug":"quelles-perturbations-prevoir-pour-la-ratp-et-la-sncf-cette-semaine-44","status":"publish","type":"post","link":"https:\/\/www.europesays.com\/fr\/424794\/","title":{"rendered":"Quelles perturbations pr\u00e9voir pour la RATP et la SNCF cette semaine ?"},"content":{"rendered":"<p class=\"mb-4 text-lg md:leading-8 break-words\"><strong>TRANSPORTS &#8211; Du lundi 29 septembre au dimanche 6 octobre, plusieurs changements sont \u00e0 pr\u00e9voir sur les lignes parisiennes et franciliennes<\/strong><\/p>\n<p class=\"mb-4 text-lg md:leading-8 break-words\">La semaine du 29 septembre au 6 octobre 2025 r\u00e9servera quelques perturbations aux voyageurs sur les lignes de Paris et d\u2019\u00cele-de-France. Voici les changements \u00e0 anticiper afin de ne pas avoir de mauvaise surprise, malgr\u00e9 un mouvement intersyndical pr\u00e9vu jeudi.<\/p>\n<p>M\u00e9tro<\/p>\n<ul class=\"mb-4\">\n<li class=\"ml-4 list-disc\">\n<p class=\"mb-4 text-lg md:leading-8 break-words\">Ligne 10 : Jusqu\u2019au 2 octobre, du dimanche au jeudi \u00e0 partir de 22h30, le trafic est interrompu sur toute la ligne (travaux).<\/p>\n<\/li>\n<li class=\"ml-4 list-disc\">\n<p class=\"mb-4 text-lg md:leading-8 break-words\">Ligne 12 : Le 5 octobre, d\u00e8s 22h00, le trafic est interrompu sur toute la ligne (travaux).<\/p>\n<\/li>\n<\/ul>\n<p>RER<\/p>\n<ul class=\"mb-4\">\n<li class=\"ml-4 list-disc\">\n<p class=\"mb-4 text-lg md:leading-8 break-words\">RER A : Jusqu\u2019au 17 octobre, du lundi au vendredi d\u00e8s 22h15, le trafic est interrompu entre Maisons-Laffitte et Cergy \u2013 Le Haut (travaux).<\/p>\n<\/li>\n<li class=\"ml-4 list-disc\">\n<p class=\"mb-4 text-lg md:leading-8 break-words\">RER B : Le week-end des 4 et 5 octobre, le trafic est interrompu entre Denfert-Rochereau et La Croix de Berny\/Robinson (travaux). Des bus de substitution seront mis en place \u00e0 Porte d\u2019Orl\u00e9ans. Aussi, jusqu\u2019au 10 octobre, du lundi au vendredi \u00e0 partir de 22h45, le trafic sera interrompu entre Gare du Nord et A\u00e9roport Charles de Gaulle 2 \u2013 TGV\/Mitry \u2013 (travaux). Des bus de substitution seront mis en place.<\/p>\n<\/li>\n<\/ul>\n<p>Publicit\u00e9<\/p>\n<p>Publicit\u00e9<\/p>\n<p>Publicit\u00e9<\/p>\n<p>Publicit\u00e9<\/p>\n<p class=\"mb-4 text-lg md:leading-8 break-words\">RER C : Le week-end des 4 et 5 octobre, le trafic sera interrompu entre Invalides et Saint-Quentin en Yvelines, Invalides et Versailles Ch\u00e2teau Rive Gauche, Invalides et Montigny \u2013 Beauchamp mais aussi entre Invalides et Pontoise. De m\u00eame jusqu\u2019au 30 septembre entre Dourdan et Paris Austerlitz ainsi qu\u2019entre Saint-Martin d\u2019\u00c9tampes et Paris Austerlitz (travaux). Des bus de substitution seront mis en place. Le dernier train au d\u00e9part de Dourdan pour Paris Austerli(&#8230;)<\/p>\n<p class=\"mb-4 text-lg md:leading-8 break-words\"><a href=\"https:\/\/www.20minutes.fr\/paris\/4175742-20250929-paris-ile-france-perturbations-prevoir-ratp-sncf-semaine?at_medium=RSS%20feed&amp;at_campaign=ynews&amp;utm_source=yahoo&amp;utm_medium=rss&amp;utm_campaign=news_feed&amp;utm_content=read_more_link&quot;\" rel=\"nofollow noopener\" target=\"_blank\" data-ylk=\"slk:Lire la suite sur 20minutes;elm:context_link;itc:0;sec:content-canvas\" class=\"link \">Lire la suite sur 20minutes<\/a><\/p>\n<p>\u00c0 lire aussi :<br \/><a href=\"https:\/\/www.20minutes.fr\/societe\/4175207-20250925-tgv-arrete-gare-aix-provence-conducteur-contraint-faire-demi-tour?at_medium=RSS%20feed&amp;at_campaign=ynews&amp;utm_source=yahoo&amp;utm_medium=rss&amp;utm_campaign=news_feed&amp;utm_content=related_content_link\" rel=\"nofollow noopener\" target=\"_blank\" data-ylk=\"slk:Le TGV ne s\u2019arr\u00eate pas en gare d\u2019Aix-en-Provence, le conducteur contraint de faire demi-tour;elm:context_link;itc:0;sec:content-canvas\" class=\"link \">Le TGV ne s\u2019arr\u00eate pas en gare d\u2019Aix-en-Provence, le conducteur contraint de faire demi-tour<\/a><br \/><a href=\"https:\/\/www.20minutes.fr\/societe\/4175055-20250924-sncf-va-lancer-nouvelle-classe-optimum-voyages-toujours-plus-confortables?at_medium=RSS%20feed&amp;at_campaign=ynews&amp;utm_source=yahoo&amp;utm_medium=rss&amp;utm_campaign=news_feed&amp;utm_content=related_content_link\" rel=\"nofollow noopener\" target=\"_blank\" data-ylk=\"slk:La SNCF va lancer une nouvelle classe Optimum pour des voyages toujours plus confortables;elm:context_link;itc:0;sec:content-canvas\" class=\"link \">La SNCF va lancer une nouvelle classe Optimum pour des voyages toujours plus confortables<\/a><\/p>\n","protected":false},"excerpt":{"rendered":"TRANSPORTS &#8211; Du lundi 29 septembre au dimanche 6 octobre, plusieurs changements sont \u00e0 pr\u00e9voir sur les lignes&hellip;\n","protected":false},"author":2,"featured_media":424795,"comment_status":"","ping_status":"","sticky":false,"template":"","format":"standard","meta":{"footnotes":""},"categories":[1592],"tags":[1111,11,4191,1777,674,1011,27,662,12,626,22865,25,31629],"class_list":{"0":"post-424794","1":"post","2":"type-post","3":"status-publish","4":"format-standard","5":"has-post-thumbnail","7":"category-ile-de-france","8":"tag-actu","9":"tag-actualites","10":"tag-aeroport-charles-de-gaulle","11":"tag-eu","12":"tag-europe","13":"tag-fr","14":"tag-france","15":"tag-ile-de-france","16":"tag-news","17":"tag-paris","18":"tag-paris-austerlitz","19":"tag-republique-francaise","20":"tag-saint-quentin-en-yvelines"},"share_on_mastodon":{"url":"https:\/\/pubeurope.com\/@fr\/115284506650610751","error":""},"_links":{"self":[{"href":"https:\/\/www.europesays.com\/fr\/wp-json\/wp\/v2\/posts\/424794","targetHints":{"allow":["GET"]}}],"collection":[{"href":"https:\/\/www.europesays.com\/fr\/wp-json\/wp\/v2\/posts"}],"about":[{"href":"https:\/\/www.europesays.com\/fr\/wp-json\/wp\/v2\/types\/post"}],"author":[{"embeddable":true,"href":"https:\/\/www.europesays.com\/fr\/wp-json\/wp\/v2\/users\/2"}],"replies":[{"embeddable":true,"href":"https:\/\/www.europesays.com\/fr\/wp-json\/wp\/v2\/comments?post=424794"}],"version-history":[{"count":0,"href":"https:\/\/www.europesays.com\/fr\/wp-json\/wp\/v2\/posts\/424794\/revisions"}],"wp:featuredmedia":[{"embeddable":true,"href":"https:\/\/www.europesays.com\/fr\/wp-json\/wp\/v2\/media\/424795"}],"wp:attachment":[{"href":"https:\/\/www.europesays.com\/fr\/wp-json\/wp\/v2\/media?parent=424794"}],"wp:term":[{"taxonomy":"category","embeddable":true,"href":"https:\/\/www.europesays.com\/fr\/wp-json\/wp\/v2\/categories?post=424794"},{"taxonomy":"post_tag","embeddable":true,"href":"https:\/\/www.europesays.com\/fr\/wp-json\/wp\/v2\/tags?post=424794"}],"curies":[{"name":"wp","href":"https:\/\/api.w.org\/{rel}","templated":true}]}}