{"id":424815,"date":"2025-09-28T23:36:24","date_gmt":"2025-09-28T23:36:24","guid":{"rendered":"https:\/\/www.europesays.com\/fr\/424815\/"},"modified":"2025-09-28T23:36:24","modified_gmt":"2025-09-28T23:36:24","slug":"le-theatre-du-chateau-deu-met-a-lhonneur-les-femmes-vaillantes","status":"publish","type":"post","link":"https:\/\/www.europesays.com\/fr\/424815\/","title":{"rendered":"Le Th\u00e9\u00e2tre du Ch\u00e2teau d&rsquo;Eu met \u00e0 l&rsquo;honneur les femmes vaillantes"},"content":{"rendered":"<p>            Par<br \/>\n        <strong><br \/>\n            <a href=\"https:\/\/actu.fr\/auteur\/jerome-buresi\" title=\"Consulter tous les articles de J\u00e9r\u00f4me Buresi\" target=\"_blank\" rel=\"noopener\">J\u00e9r\u00f4me Buresi<\/a><br \/>\n        <\/strong><\/p>\n<p>        Publi\u00e9 le<\/p>\n<p>            28 sept. 2025 \u00e0 20h00        <\/p>\n<p>Le Th\u00e9\u00e2tre du ch\u00e2teau d\u2019<a href=\"https:\/\/actu.fr\/normandie\/eu_76255\" target=\"_blank\" rel=\"noopener\">Eu,<\/a> en Seine-Maritime, vous invite \u00e0 sa soir\u00e9e de pr\u00e9sentation de la saison 2025-2026, le vendredi 3 octobre 2025. C\u2019est l\u2019occasion de d\u00e9couvrir les spectacles de l\u2019ann\u00e9e et de partager un moment de convivialit\u00e9, de d\u00e9couvertes et d\u2019\u00e9changes.<\/p>\n<p>Une pilote de F1 d\u00e9termin\u00e9e<\/p>\n<p class=\" wall-content\">La pr\u00e9sentation sera suivie d\u2019un spectacle, puis d\u2019un pot dans le hall du Th\u00e9\u00e2tre. Le seul-en-sc\u00e8ne Furie sera donn\u00e9 par la Compagnie Have a Nice Day. Furie est une immersion <b>dans l\u2019univers palpitant de la F1<\/b> \u00e0 travers l\u2019histoire d\u2019H\u00e9l\u00e8ne Chatterton, jeune pilote d\u00e9termin\u00e9e \u00e0 participer \u00e0 son premier Grand Prix. Mais \u00e0 seulement quelques heures de la course, l\u2019angoisse et les souvenirs d\u2019un pass\u00e9 difficile l\u2019envahissent.\u00a0<\/p>\n<p>\u00ab\u00a0Un temps fort d\u00e9di\u00e9 aux femmes vaillantes\u00a0\u00bb<\/p>\n<p class=\" wall-content\">La saison sera, une nouvelle fois, \u00e9clectique\u2009: th\u00e9\u00e2tre, musique, spectacles pour le jeune public et cin\u00e9ma, dont L\u2019Histoire d\u2019Ad\u00e8le H de <b>Fran\u00e7ois Truffaut<\/b>.<\/p>\n<p class=\" wall-content\"><b>Fabienne Hur\u00e9<\/b>, directrice, pr\u00e9cise dans la brochure\u2009\u00e9dit\u00e9 par l\u2019\u00e9tablissement culturel: <b>\u00ab\u00a0<\/b>\u2009La programmation th\u00e9\u00e2trale sera rythm\u00e9e par plusieurs temps forts. Le premier sera d\u00e9di\u00e9 aux femmes vaillantes, le deuxi\u00e8me fera la part belle aux marionnettes et le troisi\u00e8me, \u00e0 travers la figure de Frida Kahlo notamment, c\u00e9l\u00e9brera la r\u00e9silience\u2009\u00a0\u00bb.<\/p>\n<p class=\" wall-content\">La compagnie Catherine Delattres, le 13\u00a0novembre, proposera quant \u00e0 elle un vaudeville d\u2019Emilio Carballido.<\/p>\n<p>Vid\u00e9os : en ce moment sur Actu<\/p>\n<p class=\" wall-content\">De la Renaissance au jazz manouche, en passant par la chanson fran\u00e7aise humoristique, la programmation musicale sera \u00e9galement tr\u00e8s vari\u00e9e.<\/p>\n<p class=\" wall-content\">L\u2019\u00e9tablissement poursuit aussi sa programmation hors les murs, nouant des partenariats avec des associations et institutions locales, dont un nouveau r\u00e9seau, l\u2019Entente des Falaises. Dans ce cadre, le spectacle de jonglage et magie Eclipse sera jou\u00e9 en mars\u00a02026 \u00e0 Criel-sur-Mer, Eu et Gamaches.<\/p>\n<p>Votre r\u00e9gion, votre actu !<\/p>\n<p>Recevez chaque jour les infos qui comptent pour vous.<\/p>\n<p>\t<a href=\"https:\/\/actu.fr\/newsletter\" class=\"ac-btn ac-btn--corner ac-btn--medium ac-btn--blue800\" target=\"_blank\" rel=\"noopener\">S&rsquo;incrire<\/a><br \/>\nLa commission culturelle<\/p>\n<p class=\" wall-content\">La commission culturelle de la ville d\u2019Eu fait pareillement sa rentr\u00e9e. Cinq propositions sont annonc\u00e9es au Th\u00e9\u00e2tre du Ch\u00e2teau et \u00e0 la chapelle du Coll\u00e8ge. De Ravel \u00e0 Ben Herbert Larue, le spectre est large.<\/p>\n<p class=\" wall-content\">La premi\u00e8re aura lieu le samedi 4\u00a0octobre, \u00e0 18\u2009h, avec la retransmission en direct depuis l\u2019Op\u00e9ra de Rouen de La Traviata de Giuseppe Verdi.<\/p>\n<p>Le vendredi 3 octobre, au Th\u00e9\u00e2tre du ch\u00e2teau d\u2019Eu, \u00e0 19 h. R\u00e9servation indispensable au 02 35 50 20 97 ou par e-mail \u00e0 <a href=\"https:\/\/actu.fr\/cdn-cgi\/l\/email-protection\" class=\"__cf_email__\" data-cfemail=\"43202c2d3722203703372b26223731262736202b22372622366d2531\" target=\"_blank\" rel=\"noopener\">[email\u00a0protected]<\/a>\u00a0Le programme peut \u00eatre consult\u00e9 sur le site Internet : <a href=\"https:\/\/www.theatreduchateau.fr\/\" target=\"_blank\" rel=\"noopener\">www.theatreduchateau.fr\u00a0<\/a><\/p>\n<p class=\" wall-content\">Personnalisez votre actualit\u00e9 en ajoutant vos villes et m\u00e9dias en favori avec <a href=\"https:\/\/moncompte.actu.fr\" title=\"D\u00e9couvez Mon Actu\" rel=\"nofollow noopener\" data-trk=\"{&quot;cta&quot;:{&quot;action&quot;:&quot;https:\\\/\\\/moncompte.actu.fr&quot;,&quot;category&quot;:&quot;mon compte&quot;,&quot;from&quot;:&quot;article footer&quot;,&quot;name&quot;:&quot;Mon actu&quot;,&quot;type&quot;:&quot;cta&quot;}}\" target=\"_blank\">Mon Actu<\/a>.<\/p>\n","protected":false},"excerpt":{"rendered":"Par J\u00e9r\u00f4me Buresi Publi\u00e9 le 28 sept. 2025 \u00e0 20h00 Le Th\u00e9\u00e2tre du ch\u00e2teau d\u2019Eu, en Seine-Maritime, vous&hellip;\n","protected":false},"author":2,"featured_media":424816,"comment_status":"","ping_status":"","sticky":false,"template":"","format":"standard","meta":{"footnotes":""},"categories":[1586],"tags":[11,6121,1777,674,1779,1011,27,1652,12,25,55376,1778,364,3587],"class_list":{"0":"post-424815","1":"post","2":"type-post","3":"status-publish","4":"format-standard","5":"has-post-thumbnail","7":"category-europe","8":"tag-actualites","9":"tag-droits-des-femmes","10":"tag-eu","11":"tag-europe","12":"tag-european-union","13":"tag-fr","14":"tag-france","15":"tag-loisirs-culture","16":"tag-news","17":"tag-republique-francaise","18":"tag-theatre-du-chateau","19":"tag-ue","20":"tag-union-europeenne","21":"tag-villes-soeurs"},"share_on_mastodon":{"url":"https:\/\/pubeurope.com\/@fr\/115284553683164538","error":""},"_links":{"self":[{"href":"https:\/\/www.europesays.com\/fr\/wp-json\/wp\/v2\/posts\/424815","targetHints":{"allow":["GET"]}}],"collection":[{"href":"https:\/\/www.europesays.com\/fr\/wp-json\/wp\/v2\/posts"}],"about":[{"href":"https:\/\/www.europesays.com\/fr\/wp-json\/wp\/v2\/types\/post"}],"author":[{"embeddable":true,"href":"https:\/\/www.europesays.com\/fr\/wp-json\/wp\/v2\/users\/2"}],"replies":[{"embeddable":true,"href":"https:\/\/www.europesays.com\/fr\/wp-json\/wp\/v2\/comments?post=424815"}],"version-history":[{"count":0,"href":"https:\/\/www.europesays.com\/fr\/wp-json\/wp\/v2\/posts\/424815\/revisions"}],"wp:featuredmedia":[{"embeddable":true,"href":"https:\/\/www.europesays.com\/fr\/wp-json\/wp\/v2\/media\/424816"}],"wp:attachment":[{"href":"https:\/\/www.europesays.com\/fr\/wp-json\/wp\/v2\/media?parent=424815"}],"wp:term":[{"taxonomy":"category","embeddable":true,"href":"https:\/\/www.europesays.com\/fr\/wp-json\/wp\/v2\/categories?post=424815"},{"taxonomy":"post_tag","embeddable":true,"href":"https:\/\/www.europesays.com\/fr\/wp-json\/wp\/v2\/tags?post=424815"}],"curies":[{"name":"wp","href":"https:\/\/api.w.org\/{rel}","templated":true}]}}