{"id":424819,"date":"2025-09-28T23:38:11","date_gmt":"2025-09-28T23:38:11","guid":{"rendered":"https:\/\/www.europesays.com\/fr\/424819\/"},"modified":"2025-09-28T23:38:11","modified_gmt":"2025-09-28T23:38:11","slug":"psg-les-nouvelles-rassurantes-des-blesses-avant-le-barca","status":"publish","type":"post","link":"https:\/\/www.europesays.com\/fr\/424819\/","title":{"rendered":"PSG, les nouvelles rassurantes des bless\u00e9s avant le Bar\u00e7a"},"content":{"rendered":"<p data-testid=\"article-teaser\">Le PSG a donn\u00e9 des nouvelles de ses joueurs bless\u00e9s, dimanche, \u00e0 trois jours du choc contre le Bar\u00e7a en Ligue des Champions. <\/p>\n<p>\u00c0 trois jours d\u2019un rendez-vous capital contre le FC Barcelone en Ligue des Champions, le Paris Saint-Germain vit dans l\u2019attente des nouvelles m\u00e9dicales concernant plusieurs de ses cadres. L\u2019infirmerie parisienne est charg\u00e9e, mais certaines informations apportent un souffle d\u2019optimisme. Entre inqui\u00e9tudes, retours esp\u00e9r\u00e9s et choix tactiques forc\u00e9s pour Luis Enrique, la situation des bless\u00e9s dessine les contours d\u2019un match d\u00e9j\u00e0 sous haute tension.<\/p>\n","protected":false},"excerpt":{"rendered":"Le PSG a donn\u00e9 des nouvelles de ses joueurs bless\u00e9s, dimanche, \u00e0 trois jours du choc contre le&hellip;\n","protected":false},"author":2,"featured_media":424820,"comment_status":"","ping_status":"","sticky":false,"template":"","format":"standard","meta":{"footnotes":""},"categories":[2],"tags":[11,34081,55378,448,5695,55377,1011,27,3557,447,12,91,25,13296],"class_list":{"0":"post-424819","1":"post","2":"type-post","3":"status-publish","4":"format-standard","5":"has-post-thumbnail","7":"category-actualites","8":"tag-actualites","9":"tag-barcelona","10":"tag-barcelona-vs-paris-saint-germain","11":"tag-champions-league","12":"tag-fc-barcelone","13":"tag-fc-barcelone-vs-paris-saint-germain","14":"tag-fr","15":"tag-france","16":"tag-k-kvaratskhelia","17":"tag-ligue-des-champions","18":"tag-news","19":"tag-paris-saint-germain","20":"tag-republique-francaise","21":"tag-vitinha"},"share_on_mastodon":{"url":"https:\/\/pubeurope.com\/@fr\/115284561570805909","error":""},"_links":{"self":[{"href":"https:\/\/www.europesays.com\/fr\/wp-json\/wp\/v2\/posts\/424819","targetHints":{"allow":["GET"]}}],"collection":[{"href":"https:\/\/www.europesays.com\/fr\/wp-json\/wp\/v2\/posts"}],"about":[{"href":"https:\/\/www.europesays.com\/fr\/wp-json\/wp\/v2\/types\/post"}],"author":[{"embeddable":true,"href":"https:\/\/www.europesays.com\/fr\/wp-json\/wp\/v2\/users\/2"}],"replies":[{"embeddable":true,"href":"https:\/\/www.europesays.com\/fr\/wp-json\/wp\/v2\/comments?post=424819"}],"version-history":[{"count":0,"href":"https:\/\/www.europesays.com\/fr\/wp-json\/wp\/v2\/posts\/424819\/revisions"}],"wp:featuredmedia":[{"embeddable":true,"href":"https:\/\/www.europesays.com\/fr\/wp-json\/wp\/v2\/media\/424820"}],"wp:attachment":[{"href":"https:\/\/www.europesays.com\/fr\/wp-json\/wp\/v2\/media?parent=424819"}],"wp:term":[{"taxonomy":"category","embeddable":true,"href":"https:\/\/www.europesays.com\/fr\/wp-json\/wp\/v2\/categories?post=424819"},{"taxonomy":"post_tag","embeddable":true,"href":"https:\/\/www.europesays.com\/fr\/wp-json\/wp\/v2\/tags?post=424819"}],"curies":[{"name":"wp","href":"https:\/\/api.w.org\/{rel}","templated":true}]}}