{"id":424831,"date":"2025-09-28T23:47:12","date_gmt":"2025-09-28T23:47:12","guid":{"rendered":"https:\/\/www.europesays.com\/fr\/424831\/"},"modified":"2025-09-28T23:47:12","modified_gmt":"2025-09-28T23:47:12","slug":"cyclisme-championnats-du-monde-primoz-roglic-cetait-un-peu-de-la-torture","status":"publish","type":"post","link":"https:\/\/www.europesays.com\/fr\/424831\/","title":{"rendered":"Cyclisme. Championnats du monde &#8211; Primoz Roglic : \u00abC&rsquo;\u00e9tait un peu de la torture&#8230;\u00bb"},"content":{"rendered":"<p><strong><a href=\"https:\/\/www.cyclismactu.net\/..\/news-cyclisme-route-championnats-du-monde-tadej-pogacar-j-ai-du-me-battre-contre-moi-meme-90354.html\" target=\"_blank\" rel=\"noopener\">Tadej Pogacar<\/a><\/strong> et la Slov\u00e9nie sont encore une fois au sommet du cyclisme mondial ! Le meilleur coureur du monde a r\u00e9alis\u00e9 une nouvelle d\u00e9monstration ce dimanche sur le parcours rwandais de la course en ligne des <strong>Championnats du monde sur route 2025<\/strong> pour offrir \u00e0 son pays de seulement 2 millions d&rsquo;habitants un deuxi\u00e8me maillot arc-en-ciel de suite. Forc\u00e9ment une fiert\u00e9 nationale pour tous les Slov\u00e8nes, et donc pour l&rsquo;autre grande star du pays, <strong>Primoz Roglic<\/strong>. A 35 ans, le quadruple vainqueur de <strong>La Vuelta<\/strong> n&rsquo;a certes pas pes\u00e9 dans le final mais il n&rsquo;a pas d\u00e9m\u00e9rit\u00e9, terminant finalement aux portes du top 10 de cette course d&rsquo;une difficult\u00e9 rare (11e \u00e0 9&rsquo;05\u00a0\u00bb de son compatriote). Comme souvent tout sourire en interview, <strong>Roglic<\/strong> a \u00e9voqu\u00e9 cette journ\u00e9e historique au micro d&rsquo;Eurosport en zone mixte.<\/p>\n<p>Vid\u00e9o &#8211; Tadej Pogacar et la Slov\u00e9nie encore champions du monde ! Lire la suite de l&rsquo;article&#13;<\/p>\n<p>\u00a0<\/p>\n<p>&#13;<br \/>\n\u00ab\u00a0Chapeau \u00e0 Pogacar, il est juste incroyable\u00a0\u00bb&#13;<\/p>\n<p>\u00ab\u00a0Il est juste incroyable ! Chapeau \u00e0 lui, et \u00e0 toute l&rsquo;\u00e9quipe, \u00e0 tous les mecs, ils ont tous fait un super travail. Et me concernant, je suis heureux d&rsquo;\u00eatre arriv\u00e9, \u00e7a a mis du temps (rires) ! C&rsquo;\u00e9tait un peu de la torture. C&rsquo;est parti \u00e0 fond, et ensuite \u00e7a ne s&rsquo;est jamais vraiment arr\u00eat\u00e9 jusqu&rsquo;\u00e0 la fin. Mais c&rsquo;\u00e9tait sympa. Ce qu&rsquo;on accomplit avec la Slov\u00e9nie en tant que petit pays ? Je ne sais pas quoi dire, c&rsquo;est incroyable. D\u00e9sol\u00e9, je suis fatigu\u00e9&#8230;\u00a0\u00bb, a conclu un <strong>Primoz Roglic<\/strong> \u00e0 court de mots et d&rsquo;inspiration pour qualifier ce r\u00e9sultat r\u00eav\u00e9.<\/p>\n<p>Championnats du monde &#8211; Course en ligne Elite Hommes &#8211; Classement g\u00e9n\u00e9ral<\/p>\n","protected":false},"excerpt":{"rendered":"Tadej Pogacar et la Slov\u00e9nie sont encore une fois au sommet du cyclisme mondial ! Le meilleur coureur&hellip;\n","protected":false},"author":2,"featured_media":424832,"comment_status":"","ping_status":"","sticky":false,"template":"","format":"standard","meta":{"footnotes":""},"categories":[1411],"tags":[22448,1154,207,211,1011,27,209,60,210,212,208,213],"class_list":{"0":"post-424831","1":"post","2":"type-post","3":"status-publish","4":"format-standard","5":"has-post-thumbnail","7":"category-cyclisme","8":"tag-championnats-du-monde","9":"tag-cycling","10":"tag-cyclisme","11":"tag-ffc","12":"tag-fr","13":"tag-france","14":"tag-route","15":"tag-sports","16":"tag-tour-de-france","17":"tag-uci","18":"tag-velo","19":"tag-world-tour"},"share_on_mastodon":{"url":"https:\/\/pubeurope.com\/@fr\/115284596711382064","error":""},"_links":{"self":[{"href":"https:\/\/www.europesays.com\/fr\/wp-json\/wp\/v2\/posts\/424831","targetHints":{"allow":["GET"]}}],"collection":[{"href":"https:\/\/www.europesays.com\/fr\/wp-json\/wp\/v2\/posts"}],"about":[{"href":"https:\/\/www.europesays.com\/fr\/wp-json\/wp\/v2\/types\/post"}],"author":[{"embeddable":true,"href":"https:\/\/www.europesays.com\/fr\/wp-json\/wp\/v2\/users\/2"}],"replies":[{"embeddable":true,"href":"https:\/\/www.europesays.com\/fr\/wp-json\/wp\/v2\/comments?post=424831"}],"version-history":[{"count":0,"href":"https:\/\/www.europesays.com\/fr\/wp-json\/wp\/v2\/posts\/424831\/revisions"}],"wp:featuredmedia":[{"embeddable":true,"href":"https:\/\/www.europesays.com\/fr\/wp-json\/wp\/v2\/media\/424832"}],"wp:attachment":[{"href":"https:\/\/www.europesays.com\/fr\/wp-json\/wp\/v2\/media?parent=424831"}],"wp:term":[{"taxonomy":"category","embeddable":true,"href":"https:\/\/www.europesays.com\/fr\/wp-json\/wp\/v2\/categories?post=424831"},{"taxonomy":"post_tag","embeddable":true,"href":"https:\/\/www.europesays.com\/fr\/wp-json\/wp\/v2\/tags?post=424831"}],"curies":[{"name":"wp","href":"https:\/\/api.w.org\/{rel}","templated":true}]}}