{"id":424837,"date":"2025-09-28T23:50:21","date_gmt":"2025-09-28T23:50:21","guid":{"rendered":"https:\/\/www.europesays.com\/fr\/424837\/"},"modified":"2025-09-28T23:50:21","modified_gmt":"2025-09-28T23:50:21","slug":"ce-designer-a-renove-un-loft-et-sest-inspire-dun-film","status":"publish","type":"post","link":"https:\/\/www.europesays.com\/fr\/424837\/","title":{"rendered":"Ce designer a r\u00e9nov\u00e9 un loft et s&rsquo;est inspir\u00e9 d\u2019un film"},"content":{"rendered":"\n<p>\u00c0 New York, dans le quartier de SoHo, se trouve un loft pour le moins original. La couleur de ses murs et de ses rideaux impressionne, effraie m\u00eame au premier abord. Selon un article paru dans Elle Decoration, sa d\u00e9coration ne vient pas de nulle part et s\u00a0\u00bbinspirerait m\u00eame d&rsquo;un film culte.<\/p>\n<p>    Ce d\u00e9corateur r\u00e9nove un loft en s&rsquo;inspirant d&rsquo;un film culte <\/p>\n<p>Connaissez-vous le roman American Psycho de Bret Easton Ellis ? <strong>Publi\u00e9 en 1991 et adapt\u00e9 en film en 2000<\/strong>, cette \u0153uvre met en sc\u00e8ne Patrick Bateman, un conseiller en gestion de patrimoine travaillant \u00e0 Wall Street. L&rsquo;univers du roman continue de fasciner, un nouveau film est d&rsquo;ailleurs en pr\u00e9paration. C&rsquo;est pr\u00e9cis\u00e9ment cet univers que le designer Michael Ellison a choisi pour r\u00e9inventer <strong>un loft situ\u00e9 <a href=\"https:\/\/www.lejournaldelamaison.fr\/le-journal-de-la-maison\/reportages-maisons\/appartements\/a-new-york-un-appartement-manquant-declat-renove-en-un-lieu-epure-et-lumineux-475470.html\" rel=\"nofollow noopener\" target=\"_blank\">\u00e0 New York<\/a><\/strong>.<\/p>\n<p>Cependant, ce cr\u00e9ateur ne souhaitait pas simplement <strong>copier l&rsquo;appartement de Patrick Bateman<\/strong> dans American Psycho, avec <a href=\"https:\/\/www.lejournaldelamaison.fr\/le-journal-de-la-maison\/piece-par-piece\/cuisine-salle-a-manger-le-journal-de-la-maison\/cuisine\/adieu-blanc-immacule-couleurs-imposent-desormais-murs-cuisine-519996.html\" rel=\"nofollow noopener\" target=\"_blank\">ses murs enti\u00e8rement blancs<\/a>. \u00ab\u00a0La pr\u00e9sentation que nous avons pr\u00e9par\u00e9e pour le client <strong>\u00e9tait presque perverse<\/strong>\u00ab\u00a0, confiait Michael Ellison en riant.<\/p>\n<p>    La d\u00e9coration de ce loft a de quoi \u00e9tonner <\/p>\n<p>Bien s\u00fbr, <a href=\"https:\/\/www.lejournaldelamaison.fr\/le-journal-de-la-maison\/reportages-maisons\/lofts-duplex-sousplex\/malik-bentalha-loft-parisien-507405.html\" rel=\"nofollow noopener\" target=\"_blank\">ce loft new-yorkais<\/a> <strong>n&rsquo;a rien d&rsquo;une sc\u00e8ne de crime<\/strong>. Il s&rsquo;agit plut\u00f4t d&rsquo;un pied-\u00e0-terre d&rsquo;un homme d\u2019affaires du Connecticut, totalement fascin\u00e9 par l&rsquo;\u00e9l\u00e9gance d&rsquo;American Psycho. Il n&rsquo;avait qu&rsquo;une seule demande \u00e0 faire \u00e0 Michael Ellison : que son int\u00e9rieur provoque de vives r\u00e9actions. <strong>\u00ab\u00a0Je voulais quelque chose qui fasse parler\u00a0\u00bb<\/strong>, explique d&rsquo;ailleurs ce dernier.<\/p>\n<p>Apr\u00e8s avoir travaill\u00e9 plusieurs ann\u00e9es pour d&rsquo;autres clients, <strong>sur des projets beaucoup plus sobres<\/strong>, comme une maison traditionnelle \u00e0 Nantucket, Michael Ellison a trouv\u00e9 avec ce loft un moyen de faire parler sa cr\u00e9ativit\u00e9. Ce logement se trouve dans un ancien immeuble d&rsquo;artistes et poss\u00e8de un haut plafond de 3,6 m\u00e8tres. <strong>Les colonnes d&rsquo;acier d&rsquo;origine<\/strong> ajoutent \u00e0 l&rsquo;ensemble <a href=\"https:\/\/www.lejournaldelamaison.fr\/le-journal-de-la-maison\/nouveautes\/tendances\/tendances-deco\/adoptez-la-deco-mix-and-match-pour-donner-du-cachet-a-votre-interieur-452277.html\" rel=\"nofollow noopener\" target=\"_blank\">un cachet inimitable<\/a>.<\/p>\n<blockquote class=\"instagram-media \" style=\"background: #ffffff;border: 0;margin: 1px;width: 100%;padding: 0;max-width: 500px;\" data-instgrm-permalink=\"https:\/\/www.instagram.com\/p\/DNx20bf2kJm\/?hl=fr&amp;img_index=1\" data-instgrm-version=\"14\"\/><p>    Une esth\u00e9tique sombre et sophistiqu\u00e9e <\/p>\n<p>L&rsquo;int\u00e9rieur de ce loft est tout \u00e0 fait \u00e9tonnant.<strong> Un treillis m\u00e9tallique<\/strong> s\u00e9pare par exemple le hall de la pi\u00e8ce principale. Le salon est sombre, avec des murs noirs et des rideaux bordeaux. Pour le meubler, le designer a choisi <a href=\"https:\/\/www.lejournaldelamaison.fr\/le-journal-de-la-maison\/nouveautes\/tendances\/tendances-deco\/fini-canape-uni-grande-tendance-inspiree-annees-70-80-cartonne-521460.html\" rel=\"nofollow noopener\" target=\"_blank\">un canap\u00e9 vintage<\/a>, une m\u00e9ridienne suspendue et des \u0153uvres <strong>sign\u00e9es Vik Muniz ou Wayne Pate<\/strong> accroch\u00e9es aux murs.<\/p>\n<p><strong>Le logement a \u00e9t\u00e9 enti\u00e8rement r\u00e9nov\u00e9<\/strong> : les planchers refaits, l&rsquo;\u00e9clairage modernis\u00e9 et la cuisine agr\u00e9ment\u00e9e d&rsquo;un <a href=\"https:\/\/www.lejournaldelamaison.fr\/le-journal-de-la-maison\/piece-par-piece\/cuisine-salle-a-manger-le-journal-de-la-maison\/cuisine\/adieu-cuisines-classiques-nouvelle-tendance-rentree-491547.html\" rel=\"nofollow noopener\" target=\"_blank\">\u00eelot central en marbre<\/a> Arabescato Orobico. Une couleur plus claire qui tranche avec les autres meubles noirs. Pour cr\u00e9er un int\u00e9rieur \u00e0 l&rsquo;image de Patrick Bateman, Michael Ellison a d\u00fb <strong>faire preuve de beaucoup d&rsquo;audace<\/strong>.<\/p>\n<p>                <script async src=\"\/\/www.instagram.com\/embed.js\"><\/script><\/p>\n","protected":false},"excerpt":{"rendered":"\u00c0 New York, dans le quartier de SoHo, se trouve un loft pour le moins original. La couleur&hellip;\n","protected":false},"author":2,"featured_media":424838,"comment_status":"","ping_status":"","sticky":false,"template":"","format":"standard","meta":{"footnotes":""},"categories":[1358],"tags":[1348,1384,1385,1386,58,59,1011,27],"class_list":{"0":"post-424837","1":"post","2":"type-post","3":"status-publish","4":"format-standard","5":"has-post-thumbnail","7":"category-arts-et-design","8":"tag-arts","9":"tag-arts-and-design","10":"tag-arts-et-design","11":"tag-design","12":"tag-divertissement","13":"tag-entertainment","14":"tag-fr","15":"tag-france"},"share_on_mastodon":{"url":"https:\/\/pubeurope.com\/@fr\/115284608524700136","error":""},"_links":{"self":[{"href":"https:\/\/www.europesays.com\/fr\/wp-json\/wp\/v2\/posts\/424837","targetHints":{"allow":["GET"]}}],"collection":[{"href":"https:\/\/www.europesays.com\/fr\/wp-json\/wp\/v2\/posts"}],"about":[{"href":"https:\/\/www.europesays.com\/fr\/wp-json\/wp\/v2\/types\/post"}],"author":[{"embeddable":true,"href":"https:\/\/www.europesays.com\/fr\/wp-json\/wp\/v2\/users\/2"}],"replies":[{"embeddable":true,"href":"https:\/\/www.europesays.com\/fr\/wp-json\/wp\/v2\/comments?post=424837"}],"version-history":[{"count":0,"href":"https:\/\/www.europesays.com\/fr\/wp-json\/wp\/v2\/posts\/424837\/revisions"}],"wp:featuredmedia":[{"embeddable":true,"href":"https:\/\/www.europesays.com\/fr\/wp-json\/wp\/v2\/media\/424838"}],"wp:attachment":[{"href":"https:\/\/www.europesays.com\/fr\/wp-json\/wp\/v2\/media?parent=424837"}],"wp:term":[{"taxonomy":"category","embeddable":true,"href":"https:\/\/www.europesays.com\/fr\/wp-json\/wp\/v2\/categories?post=424837"},{"taxonomy":"post_tag","embeddable":true,"href":"https:\/\/www.europesays.com\/fr\/wp-json\/wp\/v2\/tags?post=424837"}],"curies":[{"name":"wp","href":"https:\/\/api.w.org\/{rel}","templated":true}]}}