{"id":424839,"date":"2025-09-28T23:51:14","date_gmt":"2025-09-28T23:51:14","guid":{"rendered":"https:\/\/www.europesays.com\/fr\/424839\/"},"modified":"2025-09-28T23:51:14","modified_gmt":"2025-09-28T23:51:14","slug":"cent-ans-de-livres-jeunesse-au-carre-dart","status":"publish","type":"post","link":"https:\/\/www.europesays.com\/fr\/424839\/","title":{"rendered":"Cent ans de livres jeunesse au Carr\u00e9 d\u2019Art"},"content":{"rendered":"\n<p>C\u2019est un peu une madeleine de Proust pour plusieurs g\u00e9n\u00e9rations. Jusqu\u2019au 13 d\u00e9cembre, le Carr\u00e9 d\u2019Art accueille Dessine-moi une histoire, une exposition qui plonge le visiteur dans plus d\u2019un si\u00e8cle de livres destin\u00e9s \u00e0 la jeunesse. Albums illustr\u00e9s, bandes dessin\u00e9es, contes et p\u00e9riodiques y racontent l\u2019\u00e9volution d\u2019un genre litt\u00e9raire, miroir de la soci\u00e9t\u00e9 et source d\u2019\u00e9motions intemporelles.<\/p>\n<p>\u00c0 l\u2019origine de ce fonds exceptionnel, il y a l\u2019histoire d\u2019une famille c\u00e9venole. Sur trois g\u00e9n\u00e9rations, de la grand-m\u00e8re \u00e0 la petite-fille, 350 ouvrages ont \u00e9t\u00e9 soigneusement conserv\u00e9s et transmis. En 2020, Sylvie Lucas, derni\u00e8re d\u00e9positaire de ce patrimoine intime, a choisi de confier la biblioth\u00e8que au Carr\u00e9 d\u2019Art. \u00ab\u00a0Nous n\u2019avions pas de fonds sp\u00e9cifique pour l\u2019\u00e9dition jeunesse. Ce don est venu combler un vide\u00a0\u00bb, souligne B\u00e9n\u00e9dicte Tellier, biblioth\u00e9caire au service Patrimoine. Les traces laiss\u00e9es par les enfants (coloriages, d\u00e9dicaces, signatures) rappellent qu\u2019il ne s\u2019agit pas seulement d\u2019une collection, mais bien d\u2019une biblioth\u00e8que vivante, t\u00e9moin d\u2019une filiation.<\/p>\n<p>Une collection vari\u00e9e<\/p>\n<p>Dans les vitrines, le visiteur passe des fables de La Fontaine aux aventures de Robinson Cruso\u00e9, des \u00e9ditions illustr\u00e9es par Gustave Dor\u00e9 aux albums color\u00e9s de Benjamin Rabier. Plus pr\u00e8s de nous, Bibi Fricotin, B\u00e9cassine ou Martine c\u00f4toient Harry Potter ou Le Petit Prince. Chaque g\u00e9n\u00e9ration y retrouve des h\u00e9ros familiers, et certains visiteurs avouent leur \u00e9motion en revoyant les couvertures de leur enfance.<\/p>\n<p>Le parcours mus\u00e9al se d\u00e9ploie sur plusieurs espaces\u00a0: dans l\u2019atrium du Carr\u00e9 d\u2019Art, la diversit\u00e9 des documents raconte l\u2019essor de la litt\u00e9rature jeunesse depuis la fin du XIX\u1d49 si\u00e8cle\u00a0; \u00e0 l\u2019\u00e9tage, la section jeunesse met en avant le monde animal et son imaginaire\u00a0; tandis qu\u2019\u00e0 la biblioth\u00e8que Serre Cavalier, les h\u00e9ros et h\u00e9ro\u00efnes embl\u00e9matiques des lectures d\u2019enfance tiennent le devant de la sc\u00e8ne. L\u2019exposition dialogue aussi avec le patrimoine litt\u00e9raire local. Une vitrine est consacr\u00e9e aux \u00e9diteurs gardois\u00a0: Grandie, Lirabelle ou encore Papier Coup\u00e9s. Plus pr\u00e9cieux encore, le manuscrit de Dhuoda, r\u00e9dig\u00e9 \u00e0 Uz\u00e8s au IX\u1d49 si\u00e8cle, est pr\u00e9sent\u00e9 comme l\u2019un des premiers textes europ\u00e9ens destin\u00e9s \u00e0 un enfant, \u00e9crit par une m\u00e8re pour son fils. Des rendez-vous ponctuent l\u2019exposition\u00a0: ateliers d\u2019\u00e9criture graphique, projections familiales et rencontres avec illustrateurs permettent aux plus jeunes de s\u2019approprier \u00e0 leur tour cet h\u00e9ritage.<\/p>\n","protected":false},"excerpt":{"rendered":"C\u2019est un peu une madeleine de Proust pour plusieurs g\u00e9n\u00e9rations. Jusqu\u2019au 13 d\u00e9cembre, le Carr\u00e9 d\u2019Art accueille Dessine-moi&hellip;\n","protected":false},"author":2,"featured_media":424840,"comment_status":"","ping_status":"","sticky":false,"template":"","format":"standard","meta":{"footnotes":""},"categories":[1357],"tags":[1379,58,59,1011,27,31870,1380],"class_list":{"0":"post-424839","1":"post","2":"type-post","3":"status-publish","4":"format-standard","5":"has-post-thumbnail","7":"category-livres","8":"tag-books","9":"tag-divertissement","10":"tag-entertainment","11":"tag-fr","12":"tag-france","13":"tag-litterature-jeunesse","14":"tag-livres"},"share_on_mastodon":{"url":"https:\/\/pubeurope.com\/@fr\/115284612464057223","error":""},"_links":{"self":[{"href":"https:\/\/www.europesays.com\/fr\/wp-json\/wp\/v2\/posts\/424839","targetHints":{"allow":["GET"]}}],"collection":[{"href":"https:\/\/www.europesays.com\/fr\/wp-json\/wp\/v2\/posts"}],"about":[{"href":"https:\/\/www.europesays.com\/fr\/wp-json\/wp\/v2\/types\/post"}],"author":[{"embeddable":true,"href":"https:\/\/www.europesays.com\/fr\/wp-json\/wp\/v2\/users\/2"}],"replies":[{"embeddable":true,"href":"https:\/\/www.europesays.com\/fr\/wp-json\/wp\/v2\/comments?post=424839"}],"version-history":[{"count":0,"href":"https:\/\/www.europesays.com\/fr\/wp-json\/wp\/v2\/posts\/424839\/revisions"}],"wp:featuredmedia":[{"embeddable":true,"href":"https:\/\/www.europesays.com\/fr\/wp-json\/wp\/v2\/media\/424840"}],"wp:attachment":[{"href":"https:\/\/www.europesays.com\/fr\/wp-json\/wp\/v2\/media?parent=424839"}],"wp:term":[{"taxonomy":"category","embeddable":true,"href":"https:\/\/www.europesays.com\/fr\/wp-json\/wp\/v2\/categories?post=424839"},{"taxonomy":"post_tag","embeddable":true,"href":"https:\/\/www.europesays.com\/fr\/wp-json\/wp\/v2\/tags?post=424839"}],"curies":[{"name":"wp","href":"https:\/\/api.w.org\/{rel}","templated":true}]}}