{"id":424851,"date":"2025-09-28T23:57:12","date_gmt":"2025-09-28T23:57:12","guid":{"rendered":"https:\/\/www.europesays.com\/fr\/424851\/"},"modified":"2025-09-28T23:57:12","modified_gmt":"2025-09-28T23:57:12","slug":"ismael-khelifa-echappees-belles-se-confie-sur-son-enfance","status":"publish","type":"post","link":"https:\/\/www.europesays.com\/fr\/424851\/","title":{"rendered":"Isma\u00ebl Khelifa (\u00ab\u00c9chapp\u00e9es belles\u00bb) se confie sur son enfance"},"content":{"rendered":"<p>    Isma\u00ebl Khelifa dans \u00abUn dimanche \u00e0 la campagne\u00bb<br \/>\n                Capture d&rsquo;\u00e9cran<\/p>\n<p>Le journaliste et pr\u00e9sentateur du magazine diffus\u00e9 sur France 5 \u00e9tait l\u2019invit\u00e9 de Fr\u00e9d\u00e9ric Lopez dans \u00abUn dimanche \u00e0 la campagne\u00bb ce 28 septembre.<\/p>\n<p class=\"fig-paragraph\">Une enfance partag\u00e9e entre deux cultures. Celui qui s\u2019est fait conna\u00eetre du grand public en reprenant les r\u00eanes d\u2019<a href=\"http:\/\/tvmag.lefigaro.fr\/programme-tv\/ce-soir-tele\/a-la-decouverte-du-maroc-gourmand-dans-echappees-belles-sur-france-5-20250329\" target=\"_blank\" data-fig-type=\"Article\" rel=\"noopener nofollow\" data-gtm-custom-categorie=\"navigation\" data-gtm-custom-action=\"crossclick\" data-gtm-custom-label=\"Contextuel\" data-gtm-event=\"customEventSPE\" data-fig-domain=\"TVMAG\">\u00ab\u00c9chapp\u00e9es belles\u00bb<\/a>\u00a0\u00e0 la suite du d\u00e9part de\u00a0<a href=\"http:\/\/tvmag.lefigaro.fr\/programme-tv\/actu-tele\/raphael-de-casabianca-quitte-l-animation-de-rendez-vous-en-terre-inconnue-sur-france-2-20240619\" target=\"_blank\" data-fig-type=\"Article\" rel=\"noopener nofollow\" data-gtm-custom-categorie=\"navigation\" data-gtm-custom-action=\"crossclick\" data-gtm-custom-label=\"Contextuel\" data-gtm-event=\"customEventSPE\" data-fig-domain=\"TVMAG\">Rapha\u00ebl de Casabianca<\/a>\u00a0en 2019 \u00e9tait l\u2019invit\u00e9 de Fr\u00e9d\u00e9ric Lopez. Isma\u00ebl Khelifa s\u2019est ainsi livr\u00e9 entre autres, aux c\u00f4t\u00e9s de la chanteuse Julie Zenatti et du com\u00e9dien et humoriste Rapha\u00ebl Mezrahi, sur son enfance, \u00e0 la limite entre joie et gravit\u00e9.<\/p>\n<p class=\"fig-paragraph\">Fils d\u2019un p\u00e8re alg\u00e9rien et d\u2019une m\u00e8re haut-savoyarde,<a href=\"http:\/\/www.lefigaro.fr\/decideurs\/portraits\/avoir-ete-guide-m-a-aide-a-devenir-animateur-ismael-khelifa-en-echappee-romanesque-20241028\" target=\"_blank\" data-fig-type=\"Article\" rel=\"noopener nofollow\" data-gtm-custom-categorie=\"navigation\" data-gtm-custom-action=\"crossclick\" data-gtm-custom-label=\"Contextuel\" data-gtm-event=\"customEventSPE\" data-fig-domain=\"LEFIGARO\"><strong>\u00a0Isma\u00ebl Khelifa<\/strong><\/a> \u00a0a toujours su pr\u00e9server et ch\u00e9rir les deux facettes de sa culture. S\u2019il a grandi dans un petit village pr\u00e8s d\u2019Annecy, il allait r\u00e9guli\u00e8rement en vacances en Alg\u00e9rie dans sa famille paternelle. Jusqu\u2019au jour o\u00f9 un \u00e9v\u00e9nement traumatisant chamboule ces habitudes\u00a0: l\u2019assassinat d\u2019un policier sous ses yeux.\u00a0<\/p>\n<p class=\"fig-body-link\">\n            \u00c0 lire aussi<br \/>\n        <a class=\"fig-body-link__link\" href=\"http:\/\/tvmag.lefigaro.fr\/programme-tv\/actu-tele\/plus-ca-va-et-plus-je-comprends-frederic-lopez-raphael-de-casabianca-se-confie-sur-le-rythme-intense-des-tournages-en-terres-inconnues-20231116\" target=\"_blank\" data-fig-type=\"Article\" rel=\"noopener nofollow\" data-gtm-custom-categorie=\"navigation\" data-gtm-custom-action=\"crossclick\" data-gtm-custom-label=\"Contextuel\" data-gtm-event=\"customEventSPE\" data-fig-domain=\"TVMAG\">\u00abPlus \u00e7a va et plus je comprends Fr\u00e9d\u00e9ric Lopez\u00bb\u00a0: Rapha\u00ebl de Casabianca se confie sur l\u2019intensit\u00e9 des tournages en \u00abterres inconnues\u00bb<br \/>\n    <\/a>\n<\/p>\n<p>                                    <a class=\"fig-a11y-skip a11y-hidden\" href=\"#fig-a11y-skip-main-inarticle\"><br \/>\n        Passer la publicit\u00e9<br \/>\n    <\/a><\/p>\n<p class=\"fig-paragraph\">\u00abOn rentre d\u2019une plage pr\u00e8s d\u2019Alger. Je me souviens qu\u2019on est dans la 504 noire de mon cousin o\u00f9 il y a des si\u00e8ges en ska\u00ef marron. Ma m\u00e8re est \u00e0 l\u2019avant, mon cousin conduit et ma s\u0153ur et moi on est \u00e0 l\u2019arri\u00e8re\u00bb, se rem\u00e9more pr\u00e9cis\u00e9ment l\u2019homme de 46 ans tout en donnant des \u00e9l\u00e9ments de contexte g\u00e9opolitique. \u00abL\u2019islamisme monte fortement \u00e0 ce moment-l\u00e0 en Alg\u00e9rie et d\u2019un coup, dans le flot de voiture, notre voiture se retrouve prise entre une mar\u00e9e blanche d\u2019hommes barbus &#8211; ce sont les islamistes &#8211; et de l\u2019autre d\u2019un cordon de policiers. [&#8230;] Un de ces hommes avec une barbe \u00e9norme et le regard inject\u00e9 de sang prend un policier sur le capot de notre voiture, sort un grand couteau et je vois le geste partir. Et ma m\u00e8re qui nous dit de nous baisser, la t\u00eate dans les jambes. Derri\u00e8re c\u2019est le chaos, je sais juste qu\u2019on arrive \u00e0 repartir\u00bb, partage-t-il comme s\u2019il y \u00e9tait encore.<\/p>\n<p class=\"fig-paragraph\">\u00abMa m\u00e8re ce jour-l\u00e0 nous a dit\u00a0: \u201cje pense que l\u2019Alg\u00e9rie, c\u2019est fini pour au moins vingt ans.\u201d\u00bb En r\u00e9alit\u00e9, trente ann\u00e9es vont s\u00e9parer Isma\u00ebl Khelifa de sa famille alg\u00e9rienne. \u00abMon p\u00e8re acquiert la nationalit\u00e9 fran\u00e7aise, donc ma grand-m\u00e8re alg\u00e9rienne lui dit de ne plus venir parce que \u00e7a devient dangereux pour elle. On va se couper de ces gens. [&#8230;] Mes parents veulent vraiment qu\u2019on s\u2019ancre en France, qu\u2019on soit Fran\u00e7ais et qu\u2019on n\u2019ait pas de doute l\u00e0-dessus. Et d\u2019un autre c\u00f4t\u00e9, dans le village de mes grands-parents on \u00e9tait un peu les enfants de l\u2019arabe. On me demandait des fois si je portais un couteau sur moi parce que je suis un fils d\u2019alg\u00e9rien.\u00bb\u00a0<\/p>\n<p class=\"fig-paragraph\">Jusqu\u2019au jour o\u00f9 ses parents, souhaitant int\u00e9grer davantage Isma\u00ebl et sa s\u0153ur en France, leur demandent une chose impensable. \u00abMes parents m\u2019ont demand\u00e9 de changer de pr\u00e9nom. Isma\u00ebl est pass\u00e9 en deuxi\u00e8me pr\u00e9nom pour moi et donc Michel est pass\u00e9 en premier. Sur ma carte d\u2019identit\u00e9 c\u2019est \u00e9crit Michel Isma\u00ebl Khelifa\u00bb, explique le journaliste, alors \u00e2g\u00e9 de 12 ans, tout en ajoutant que ce changement s\u2019effectue non pas sous la contrainte mais dans une d\u00e9marche de confiance envers ses parents. \u00abJe sens que derri\u00e8re il y a quelque chose qui n\u2019est pas dit mais il y a une volont\u00e9 de protection qui est tr\u00e8s forte. Je les sens inquiets\u00bb, a-t-il soulign\u00e9. Et d\u2019ajouter\u00a0: \u00abCe que je ressens, c\u2019est que je n\u2019ai plus le droit d\u2019\u00eatre moi-m\u00eame\u00bb.<\/p>\n","protected":false},"excerpt":{"rendered":"Isma\u00ebl Khelifa dans \u00abUn dimanche \u00e0 la campagne\u00bb Capture d&rsquo;\u00e9cran Le journaliste et pr\u00e9sentateur du magazine diffus\u00e9 sur&hellip;\n","protected":false},"author":2,"featured_media":424852,"comment_status":"","ping_status":"","sticky":false,"template":"","format":"standard","meta":{"footnotes":""},"categories":[8],"tags":[58,59,1011,27,594,9481],"class_list":{"0":"post-424851","1":"post","2":"type-post","3":"status-publish","4":"format-standard","5":"has-post-thumbnail","7":"category-divertissement","8":"tag-divertissement","9":"tag-entertainment","10":"tag-fr","11":"tag-france","12":"tag-france-2","13":"tag-frederic-lopez"},"share_on_mastodon":{"url":"https:\/\/pubeurope.com\/@fr\/115284636075089255","error":""},"_links":{"self":[{"href":"https:\/\/www.europesays.com\/fr\/wp-json\/wp\/v2\/posts\/424851","targetHints":{"allow":["GET"]}}],"collection":[{"href":"https:\/\/www.europesays.com\/fr\/wp-json\/wp\/v2\/posts"}],"about":[{"href":"https:\/\/www.europesays.com\/fr\/wp-json\/wp\/v2\/types\/post"}],"author":[{"embeddable":true,"href":"https:\/\/www.europesays.com\/fr\/wp-json\/wp\/v2\/users\/2"}],"replies":[{"embeddable":true,"href":"https:\/\/www.europesays.com\/fr\/wp-json\/wp\/v2\/comments?post=424851"}],"version-history":[{"count":0,"href":"https:\/\/www.europesays.com\/fr\/wp-json\/wp\/v2\/posts\/424851\/revisions"}],"wp:featuredmedia":[{"embeddable":true,"href":"https:\/\/www.europesays.com\/fr\/wp-json\/wp\/v2\/media\/424852"}],"wp:attachment":[{"href":"https:\/\/www.europesays.com\/fr\/wp-json\/wp\/v2\/media?parent=424851"}],"wp:term":[{"taxonomy":"category","embeddable":true,"href":"https:\/\/www.europesays.com\/fr\/wp-json\/wp\/v2\/categories?post=424851"},{"taxonomy":"post_tag","embeddable":true,"href":"https:\/\/www.europesays.com\/fr\/wp-json\/wp\/v2\/tags?post=424851"}],"curies":[{"name":"wp","href":"https:\/\/api.w.org\/{rel}","templated":true}]}}