{"id":424867,"date":"2025-09-29T00:11:17","date_gmt":"2025-09-29T00:11:17","guid":{"rendered":"https:\/\/www.europesays.com\/fr\/424867\/"},"modified":"2025-09-29T00:11:17","modified_gmt":"2025-09-29T00:11:17","slug":"video-le-drop-de-segonds-qui-offre-la-victoire-a-bayonne-sur-le-gong-contre-toulon-en-top-14","status":"publish","type":"post","link":"https:\/\/www.europesays.com\/fr\/424867\/","title":{"rendered":"VID\u00c9O. Le drop de Segonds qui offre la victoire \u00e0 Bayonne sur le gong contre Toulon en Top 14 ."},"content":{"rendered":"<p>Joris Segonds endosse le r\u00f4le de sauveur sur le gong pour l\u2019Aviron Bayonnais contre le RC Toulon. Le demi d\u2019ouverture fran\u00e7ais de 28\u00a0ans a inscrit un drop d\u00e9cisif dans la derni\u00e8re minute du temps r\u00e9glementaire pour permettre aux Basques de terrasser in extremis les Varois (35-32),<a href=\"https:\/\/www.ouest-france.fr\/sport\/rugby\/top-14\/direct-bayonne-toulon-suivez-le-match-de-la-4e-journee-de-top-14-en-live-8d3f194d-c721-4ac8-ba4c-1db4374f4640\" target=\"_blank\" rel=\"noopener\"> ce dimanche 28\u00a0septembre en cl\u00f4ture de la 4e journ\u00e9e de Top 14.<\/a><\/p>\n<p>\n                Nous avons bloqu\u00e9 l\u2019affichage de ce contenu pour respecter vos choix en mati\u00e8re de cookies.<br \/>En cliquant sur \u00abConsulter\u00bb, vous acceptez le d\u00e9p\u00f4t de cookies par des services de r\u00e9seaux sociaux tels que Twitter.<br \/>\n                Consulter\n            <\/p>\n<blockquote class=\"twitter-tweet\" wp_automatic_readability=\"2.8333333333333\">\n<p lang=\"fr\" dir=\"ltr\">LE DROP DE LA VICTOIRE SIGN\u00c9 JORIS SEGONDS ??<a href=\"https:\/\/twitter.com\/avironrugbypro?ref_src=twsrc%5Etfw\" target=\"_blank\" rel=\"noopener\">@avironrugbypro<\/a> ??<a href=\"https:\/\/twitter.com\/hashtag\/ABRCT?src=hash&amp;ref_src=twsrc%5Etfw\" target=\"_blank\" rel=\"noopener\">#ABRCT<\/a> <a href=\"https:\/\/t.co\/tz4xN6U2Rd\">pic.twitter.com\/tz4xN6U2Rd<\/a><\/p>\n<p>\u2014 CANAL+ Rugby (@CanalplusRugby) <a href=\"https:\/\/twitter.com\/CanalplusRugby\/status\/1972407212480843883?ref_src=twsrc%5Etfw\" target=\"_blank\" rel=\"noopener\">September 28, 2025<\/a><\/p><\/blockquote>\n<p>Alors qu\u2019il a fait la course en t\u00eate tout au long du match (20-3, \u00e0 la 27\u2019\u00a0; 20-10 \u00e0 la pause), Bayonne a progressivement vu Toulon revenir au fil du match. Jusqu\u2019\u00e0 \u00e9galiser \u00e0 32-32 \u00e0 six minutes de la fin gr\u00e2ce \u00e0 un essai de p\u00e9nalit\u00e9 accord\u00e9 par l\u2019arbitre.<\/p>\n<p>Dans une fin de match \u00e9lectrique, Segonds n\u2019a alors pas trembl\u00e9 pour passer un drop \u00e0 30\u00a0m\u00e8tres en face des perches. Segonds a d\u2019ailleurs inscrit 25\u00a0des 35\u00a0points de l\u2019Aviron au cours du match.<\/p>\n<p><strong>Lire aussi\u00a0: <\/strong> <a href=\"https:\/\/brive.maville.com\/sport\/detail_-rugby.-je-respecte-tous-les-joueurs-fabien-galthie-repond-aux-critiques-de-fred-quercy-_54135-6996838_actu.Htm\" target=\"_blank\" rel=\"noopener\">\u00ab\u00a0Je respecte tous les joueurs\u00a0\u00bb\u00a0: Fabien Galthi\u00e9 r\u00e9pond aux critiques de Fred Quercy<\/a><\/p>\n<p>Ce geste permet \u00e0 Bayonne de remporter son troisi\u00e8me match de la saison apr\u00e8s quatre journ\u00e9es. De son c\u00f4t\u00e9, Toulon subit son premier revers en Top 14.<\/p>\n<p>\u00a0<\/p>\n<p>\t\t<script async src=\"https:\/\/platform.twitter.com\/widgets.js\" charset=\"utf-8\"><\/script><\/p>\n","protected":false},"excerpt":{"rendered":"Joris Segonds endosse le r\u00f4le de sauveur sur le gong pour l\u2019Aviron Bayonnais contre le RC Toulon. Le&hellip;\n","protected":false},"author":2,"featured_media":424868,"comment_status":"","ping_status":"","sticky":false,"template":"","format":"standard","meta":{"footnotes":""},"categories":[9619],"tags":[1111,11,3809,1465,1777,674,63,1011,27,1792,1922,12,882,25,479,4937,517,2310,1470],"class_list":{"0":"post-424867","1":"post","2":"type-post","3":"status-publish","4":"format-standard","5":"has-post-thumbnail","7":"category-toulon","8":"tag-actu","9":"tag-actualites","10":"tag-ball","11":"tag-basket","12":"tag-eu","13":"tag-europe","14":"tag-football","15":"tag-fr","16":"tag-france","17":"tag-handball","18":"tag-info","19":"tag-news","20":"tag-provence-alpes-cote-dazur","21":"tag-republique-francaise","22":"tag-rugby","23":"tag-saint-brieuc","24":"tag-sport","25":"tag-toulon","26":"tag-volley"},"share_on_mastodon":{"url":"https:\/\/pubeurope.com\/@fr\/115284691088679434","error":""},"_links":{"self":[{"href":"https:\/\/www.europesays.com\/fr\/wp-json\/wp\/v2\/posts\/424867","targetHints":{"allow":["GET"]}}],"collection":[{"href":"https:\/\/www.europesays.com\/fr\/wp-json\/wp\/v2\/posts"}],"about":[{"href":"https:\/\/www.europesays.com\/fr\/wp-json\/wp\/v2\/types\/post"}],"author":[{"embeddable":true,"href":"https:\/\/www.europesays.com\/fr\/wp-json\/wp\/v2\/users\/2"}],"replies":[{"embeddable":true,"href":"https:\/\/www.europesays.com\/fr\/wp-json\/wp\/v2\/comments?post=424867"}],"version-history":[{"count":0,"href":"https:\/\/www.europesays.com\/fr\/wp-json\/wp\/v2\/posts\/424867\/revisions"}],"wp:featuredmedia":[{"embeddable":true,"href":"https:\/\/www.europesays.com\/fr\/wp-json\/wp\/v2\/media\/424868"}],"wp:attachment":[{"href":"https:\/\/www.europesays.com\/fr\/wp-json\/wp\/v2\/media?parent=424867"}],"wp:term":[{"taxonomy":"category","embeddable":true,"href":"https:\/\/www.europesays.com\/fr\/wp-json\/wp\/v2\/categories?post=424867"},{"taxonomy":"post_tag","embeddable":true,"href":"https:\/\/www.europesays.com\/fr\/wp-json\/wp\/v2\/tags?post=424867"}],"curies":[{"name":"wp","href":"https:\/\/api.w.org\/{rel}","templated":true}]}}