{"id":424891,"date":"2025-09-29T00:29:12","date_gmt":"2025-09-29T00:29:12","guid":{"rendered":"https:\/\/www.europesays.com\/fr\/424891\/"},"modified":"2025-09-29T00:29:12","modified_gmt":"2025-09-29T00:29:12","slug":"previsions-du-lundi-29-septembre-2025-2","status":"publish","type":"post","link":"https:\/\/www.europesays.com\/fr\/424891\/","title":{"rendered":"pr\u00e9visions du lundi 29 septembre 2025"},"content":{"rendered":"<p>Aujourd&rsquo;hui, les Bordelais vont pouvoir b\u00e9n\u00e9ficier d&rsquo;un soleil magnifique. Les valeurs seront comprises entre 11 et 24\u00b0C. Un l\u00e9ger vent de nord sera ressenti par les habitants. Les temp\u00e9ratures vont monter pendant l&rsquo;apr\u00e8s-midi de plusieurs degr\u00e9s. Les valeurs seront de 21\u00b0C au plus bas et de 24\u00b0C au maximum. Le ciel sera relativement lumineux, avec quelques \u00e9claircies le soir. Il fera en moyenne 16\u00b0C. Le ciel sera d\u00e9pourvu de nuages dans la nuit de lundi \u00e0 mardi.<\/p>\n<p>Un bel ensoleillement est pr\u00e9vu demain \u00e0 Bordeaux. Il va faire 18\u00b0C en moyenne. Un vent de nord rafra\u00eechira sensiblement l&rsquo;atmosph\u00e8re. Les temp\u00e9ratures vont enregistrer une hausse de plusieurs degr\u00e9s dans l&rsquo;apr\u00e8s-midi. Les valeurs iront de 21 \u00e0 24\u00b0C. Le ciel va s&rsquo;\u00e9claircir au cours de la soir\u00e9e.<\/p>\n<p>Les jours qui suivent s&rsquo;annoncent identiques. Comptez sur 18\u00b0C en moyenne qui accompagneront des journ\u00e9es ensoleill\u00e9es.<\/p>\n<p><\/p>\n","protected":false},"excerpt":{"rendered":"Aujourd&rsquo;hui, les Bordelais vont pouvoir b\u00e9n\u00e9ficier d&rsquo;un soleil magnifique. Les valeurs seront comprises entre 11 et 24\u00b0C. Un&hellip;\n","protected":false},"author":2,"featured_media":424892,"comment_status":"","ping_status":"","sticky":false,"template":"","format":"standard","meta":{"footnotes":""},"categories":[2817],"tags":[1111,11,1997,1777,674,1011,27,12,2219,2119,25],"class_list":{"0":"post-424891","1":"post","2":"type-post","3":"status-publish","4":"format-standard","5":"has-post-thumbnail","7":"category-bordeaux","8":"tag-actu","9":"tag-actualites","10":"tag-bordeaux","11":"tag-eu","12":"tag-europe","13":"tag-fr","14":"tag-france","15":"tag-news","16":"tag-nouvelle-aquitaine","17":"tag-previsions-meteo","18":"tag-republique-francaise"},"share_on_mastodon":{"url":"https:\/\/pubeurope.com\/@fr\/115284761952970940","error":""},"_links":{"self":[{"href":"https:\/\/www.europesays.com\/fr\/wp-json\/wp\/v2\/posts\/424891","targetHints":{"allow":["GET"]}}],"collection":[{"href":"https:\/\/www.europesays.com\/fr\/wp-json\/wp\/v2\/posts"}],"about":[{"href":"https:\/\/www.europesays.com\/fr\/wp-json\/wp\/v2\/types\/post"}],"author":[{"embeddable":true,"href":"https:\/\/www.europesays.com\/fr\/wp-json\/wp\/v2\/users\/2"}],"replies":[{"embeddable":true,"href":"https:\/\/www.europesays.com\/fr\/wp-json\/wp\/v2\/comments?post=424891"}],"version-history":[{"count":0,"href":"https:\/\/www.europesays.com\/fr\/wp-json\/wp\/v2\/posts\/424891\/revisions"}],"wp:featuredmedia":[{"embeddable":true,"href":"https:\/\/www.europesays.com\/fr\/wp-json\/wp\/v2\/media\/424892"}],"wp:attachment":[{"href":"https:\/\/www.europesays.com\/fr\/wp-json\/wp\/v2\/media?parent=424891"}],"wp:term":[{"taxonomy":"category","embeddable":true,"href":"https:\/\/www.europesays.com\/fr\/wp-json\/wp\/v2\/categories?post=424891"},{"taxonomy":"post_tag","embeddable":true,"href":"https:\/\/www.europesays.com\/fr\/wp-json\/wp\/v2\/tags?post=424891"}],"curies":[{"name":"wp","href":"https:\/\/api.w.org\/{rel}","templated":true}]}}