{"id":424905,"date":"2025-09-29T00:38:10","date_gmt":"2025-09-29T00:38:10","guid":{"rendered":"https:\/\/www.europesays.com\/fr\/424905\/"},"modified":"2025-09-29T00:38:10","modified_gmt":"2025-09-29T00:38:10","slug":"lyon-croque-lille-brest-se-reveille","status":"publish","type":"post","link":"https:\/\/www.europesays.com\/fr\/424905\/","title":{"rendered":"Lyon croque Lille, Brest se r\u00e9veille"},"content":{"rendered":"<p class=\"mb-4 text-lg md:leading-8 break-words\">Toujours aussi solide, Lyon (2e) s&rsquo;est impos\u00e9 dimanche \u00e0 Lille (1-0) dans le choc de la 6e journ\u00e9e pour rejoindre le Paris Saint-Germain (1er) au sommet de la Ligue 1 et Brest s&rsquo;est extrait de la zone de rel\u00e9gation en gagnant \u00e0 Angers (2-0).<\/p>\n<p class=\"mb-4 text-lg md:leading-8 break-words\">Un puissant coup de t\u00eate de l&rsquo;Anglais Tyler Morton a suffi \u00e0 l&rsquo;OL pour signer une cinqui\u00e8me victoire en six matches de championnat (15 points) et repasser devant Marseille (3e, 12 pts).<\/p>\n<p class=\"mb-4 text-lg md:leading-8 break-words\">La meilleure d\u00e9fense de L1 avec 3 buts encaiss\u00e9s a r\u00e9sist\u00e9 aux assauts d&rsquo;Olivier Giroud et ses partenaires dans un match tendu, o\u00f9 l&rsquo;entra\u00eeneur du Losc Bruno Genesio a \u00e9t\u00e9 exclu pour avoir contest\u00e9 avec v\u00e9h\u00e9mence l&rsquo;arbitrage. \u00ab\u00a0Vous \u00eates nuls!\u00a0\u00bb, a-t-il notamment lanc\u00e9, capt\u00e9 par les micros de t\u00e9l\u00e9vision.<\/p>\n<p class=\"mb-4 text-lg md:leading-8 break-words\">Lille, d\u00e9j\u00e0 lourdement battu dans le derby \u00e0 Lens (3-0) la semaine derni\u00e8re, stagne \u00e0 la 6e place du classement. Les Dogues restent sur deux d\u00e9faites de rang en championnat avant de se rendre chez l&rsquo;AS Rome jeudi en Ligue Europa. L&rsquo;OL recevra Utrecht.<\/p>\n<p class=\"mb-4 text-lg md:leading-8 break-words\">Le troisi\u00e8me club fran\u00e7ais engag\u00e9 dans cette comp\u00e9tition, Nice, qui se rend \u00e0 Istanbul affronter le Fenerbah\u00e7e, a manqu\u00e9 l&rsquo;occasion d&rsquo;interrompre sa mauvaise s\u00e9rie en se faisant rejoindre en fin de match par le Paris FC (1-1).<\/p>\n<p class=\"mb-4 text-lg md:leading-8 break-words\">Le PFC a \u00e9galis\u00e9 sur un penalty de Jean-Philippe Krasso siffl\u00e9 une minute apr\u00e8s une interruption du match de quelques minutes \u00e0 cause des chants homophobes entonn\u00e9s par des supporters ni\u00e7ois.<\/p>\n<p class=\"mb-4 text-lg md:leading-8 break-words\">&#8211; Les deux premiers 0-0 &#8211;<\/p>\n<p class=\"mb-4 text-lg md:leading-8 break-words\">L&rsquo;OGCN (12e) n&rsquo;a remport\u00e9 que deux matches depuis le d\u00e9but de la saison, toutes comp\u00e9titions confondues, pour six d\u00e9faites et ce nul \u00e0 domicile.<\/p>\n<p class=\"mb-4 text-lg md:leading-8 break-words\">Dans la lutte pour le maintien, le Stade Brestois redresse la t\u00eate avec une deuxi\u00e8me victoire de rang. Apr\u00e8s Nice (4-1) les joueurs d&rsquo;\u00c9ric Roy ont gagn\u00e9 \u00e0 Angers avec notamment l&rsquo;ouverture du score de R\u00e9my Labeau-Lascary, un joueur dont le pr\u00eat cet \u00e9t\u00e9 au&#8230; SCO avait \u00e9t\u00e9 invalid\u00e9 par la DNCG, le contr\u00f4le de gestion du football fran\u00e7ais.<\/p>\n<p class=\"mb-4 text-lg md:leading-8 break-words\">Si Brest grimpe \u00e0 la 9e place, Angers reste avant-dernier.<\/p>\n<p class=\"mb-4 text-lg md:leading-8 break-words\">Dans l&rsquo;autre duel de mal class\u00e9s, le dernier Metz (18e) est rest\u00e9 muet devant le 15e Le Havre (0-0). Les Grenats restent la seule \u00e9quipe sans la moindre victoire en Ligue 1 depuis le d\u00e9but de la saison.<\/p>\n<p class=\"mb-4 text-lg md:leading-8 break-words\">C&rsquo;\u00e9tait le premier score vierge depuis le d\u00e9but de la saison en L1. Le second a suivi dans la soir\u00e9e entre Rennes et Lens (0-0), mais cette fois la rencontre \u00e9tait spectaculaire.<\/p>\n<p class=\"mb-4 text-lg md:leading-8 break-words\">M\u00eame r\u00e9duits \u00e0 dix d\u00e8s la 1re minute apr\u00e8s l&rsquo;exclusion de Jonathan Gradit en position de dernier d\u00e9fenseur, les Sang et Or men\u00e9s par Florian Thauvin ont domin\u00e9. En fin de match les Bretons auraient pu marquer \u00e0 leur tour mais le gardien lensois Robin Risser a priv\u00e9 Esteban Lepaul d&rsquo;un but magnifique en se d\u00e9tendant sur son ciseau acrobatique. Un beau 0-0.<\/p>\n<p class=\"mb-4 text-lg md:leading-8 break-words\">eba\/ole\/llb\/hpa<\/p>\n","protected":false},"excerpt":{"rendered":"Toujours aussi solide, Lyon (2e) s&rsquo;est impos\u00e9 dimanche \u00e0 Lille (1-0) dans le choc de la 6e journ\u00e9e&hellip;\n","protected":false},"author":2,"featured_media":424906,"comment_status":"","ping_status":"","sticky":false,"template":"","format":"standard","meta":{"footnotes":""},"categories":[1889],"tags":[1111,11,1438,2430,3450,48875,1777,674,43563,1011,27,55386,3281,203,1307,2428,6212,12,91,584,25,30933,4449,55385],"class_list":{"0":"post-424905","1":"post","2":"type-post","3":"status-publish","4":"format-standard","5":"has-post-thumbnail","7":"category-lyon","8":"tag-actu","9":"tag-actualites","10":"tag-angers","11":"tag-auvergne-rhone-alpes","12":"tag-brest","13":"tag-esteban-lepaul","14":"tag-eu","15":"tag-europe","16":"tag-florian-thauvin","17":"tag-fr","18":"tag-france","19":"tag-jonathan-gradit","20":"tag-la-ligue-1","21":"tag-la-tete","22":"tag-lille","23":"tag-lyon","24":"tag-metz","25":"tag-news","26":"tag-paris-saint-germain","27":"tag-rennes","28":"tag-republique-francaise","29":"tag-robin-risser","30":"tag-stade-brestois","31":"tag-tyler-morton"},"share_on_mastodon":{"url":"https:\/\/pubeurope.com\/@fr\/115284797305693238","error":""},"_links":{"self":[{"href":"https:\/\/www.europesays.com\/fr\/wp-json\/wp\/v2\/posts\/424905","targetHints":{"allow":["GET"]}}],"collection":[{"href":"https:\/\/www.europesays.com\/fr\/wp-json\/wp\/v2\/posts"}],"about":[{"href":"https:\/\/www.europesays.com\/fr\/wp-json\/wp\/v2\/types\/post"}],"author":[{"embeddable":true,"href":"https:\/\/www.europesays.com\/fr\/wp-json\/wp\/v2\/users\/2"}],"replies":[{"embeddable":true,"href":"https:\/\/www.europesays.com\/fr\/wp-json\/wp\/v2\/comments?post=424905"}],"version-history":[{"count":0,"href":"https:\/\/www.europesays.com\/fr\/wp-json\/wp\/v2\/posts\/424905\/revisions"}],"wp:featuredmedia":[{"embeddable":true,"href":"https:\/\/www.europesays.com\/fr\/wp-json\/wp\/v2\/media\/424906"}],"wp:attachment":[{"href":"https:\/\/www.europesays.com\/fr\/wp-json\/wp\/v2\/media?parent=424905"}],"wp:term":[{"taxonomy":"category","embeddable":true,"href":"https:\/\/www.europesays.com\/fr\/wp-json\/wp\/v2\/categories?post=424905"},{"taxonomy":"post_tag","embeddable":true,"href":"https:\/\/www.europesays.com\/fr\/wp-json\/wp\/v2\/tags?post=424905"}],"curies":[{"name":"wp","href":"https:\/\/api.w.org\/{rel}","templated":true}]}}