{"id":424911,"date":"2025-09-29T00:43:12","date_gmt":"2025-09-29T00:43:12","guid":{"rendered":"https:\/\/www.europesays.com\/fr\/424911\/"},"modified":"2025-09-29T00:43:12","modified_gmt":"2025-09-29T00:43:12","slug":"legislative-a-paris-michel-barnier-elu-depute","status":"publish","type":"post","link":"https:\/\/www.europesays.com\/fr\/424911\/","title":{"rendered":"L\u00e9gislative \u00e0 Paris : Michel Barnier \u00e9lu d\u00e9put\u00e9"},"content":{"rendered":"<p class=\"mb-4 text-lg md:leading-8 break-words\"><strong>retour gagnant &#8211; L\u2019ancien Premier ministre, Michel Barnier a \u00e9t\u00e9 \u00e9lu d\u00e9put\u00e9 de la deuxi\u00e8me circonscription de Paris qui comprend le Ve et une partie du VIe et du VIIe arrondissement<\/strong><\/p>\n<p class=\"mb-4 text-lg md:leading-8 break-words\">L\u2019ex-Premier ministre <a href=\"https:\/\/www.20minutes.fr\/dossier\/michel_barnier?at_medium=RSS%20feed&amp;at_campaign=ynews&amp;utm_source=yahoo&amp;utm_medium=rss&amp;utm_campaign=news_feed&amp;utm_content=in_article_link\" rel=\"nofollow noopener\" target=\"_blank\" data-ylk=\"slk:Michel Barnier;elm:context_link;itc:0;sec:content-canvas\" class=\"link \">Michel Barnier<\/a> (LR) a annonc\u00e9 dimanche soir sa victoire \u00e0 l\u2019<a href=\"https:\/\/www.20minutes.fr\/politique\/4174374-20250921-legislative-paris-michel-barnier-tete-1er-tour-affrontera-socialiste-frederique-bredin?at_medium=RSS%20feed&amp;at_campaign=ynews&amp;utm_source=yahoo&amp;utm_medium=rss&amp;utm_campaign=news_feed&amp;utm_content=in_article_link\" rel=\"nofollow noopener\" target=\"_blank\" data-ylk=\"slk:\u00e9lection l\u00e9gislative partielle;elm:context_link;itc:0;sec:content-canvas\" class=\"link \">\u00e9lection l\u00e9gislative partielle<\/a> dans la 2e circonscription de Paris, r\u00e9put\u00e9e imperdable pour la droite, avec \u00ab\u00a0plus de 62\u00a0%\u00a0\u00bb des suffrages exprim\u00e9s. Il \u00e9tait oppos\u00e9 \u00e0 la socialiste <a href=\"https:\/\/www.20minutes.fr\/cinema\/1180411-20130626-20130626-ancienne-ministre-frederique-bredin-nommee-presidente-cnc?at_medium=RSS%20feed&amp;at_campaign=ynews&amp;utm_source=yahoo&amp;utm_medium=rss&amp;utm_campaign=news_feed&amp;utm_content=in_article_link\" rel=\"nofollow noopener\" target=\"_blank\" data-ylk=\"slk:Fr\u00e9d\u00e9rique Bredin;elm:context_link;itc:0;sec:content-canvas\" class=\"link \">Fr\u00e9d\u00e9rique Bredin<\/a>, ancienne ministre de <a href=\"https:\/\/www.20minutes.fr\/dossier\/francois_mitterrand?at_medium=RSS%20feed&amp;at_campaign=ynews&amp;utm_source=yahoo&amp;utm_medium=rss&amp;utm_campaign=news_feed&amp;utm_content=in_article_link\" rel=\"nofollow noopener\" target=\"_blank\" data-ylk=\"slk:Fran\u00e7ois Mitterrand;elm:context_link;itc:0;sec:content-canvas\" class=\"link \">Fran\u00e7ois Mitterrand<\/a>, qui a obtenu 38\u00a0% des suffrages exprim\u00e9s.<\/p>\n<p class=\"mb-4 text-lg md:leading-8 break-words\">\u00ab\u00a0Mes premiers mots sont \u00e9videmment pour remercier tous les habitants et habitantes de la 2e circonscription qui nous ont apport\u00e9 leurs voix et leur confiance \u00e0 hauteur de plus de 62\u00a0% des suffrages exprim\u00e9s, et qui nous ont mis en t\u00eate dans les trois arrondissements de cette circonscription\u00a0\u00bb, \u00e0 cheval sur les Ve, VIe et VIIe, a d\u00e9clar\u00e9 Michel Barnier dans une courte d\u00e9claration \u00e0 la presse.<\/p>\n<p>Publicit\u00e9<\/p>\n<p>Publicit\u00e9<\/p>\n<p>Publicit\u00e9<\/p>\n<p>Publicit\u00e9<\/p>\n<p class=\"mb-4 text-lg md:leading-8 break-words\">Le scrutin a cependant \u00e9t\u00e9 marqu\u00e9 par une importante abstention. Seuls 24\u00a0% des 74.000 parisiens inscrits sur les listes se sont rendus dans leur bureau de vote ce dimanche.<\/p>\n<p class=\"mb-4 text-lg md:leading-8 break-words\">Michel Barnier avait \u00e9t\u00e9 \u00e9lu d\u00e9put\u00e9 pour la premi\u00e8re fois en\u00a01978 en Savoie.<\/p>\n<p class=\"mb-4 text-lg md:leading-8 break-words\"><a href=\"https:\/\/www.20minutes.fr\/paris\/4175743-20250928-legislative-paris-michel-barnier-elu-depute?at_medium=RSS%20feed&amp;at_campaign=ynews&amp;utm_source=yahoo&amp;utm_medium=rss&amp;utm_campaign=news_feed&amp;utm_content=read_more_link&quot;\" rel=\"nofollow noopener\" target=\"_blank\" data-ylk=\"slk:Lire la suite sur 20minutes;elm:context_link;itc:0;sec:content-canvas\" class=\"link \">Lire la suite sur 20minutes<\/a><\/p>\n<p>\u00c0 lire aussi :<br \/><a href=\"https:\/\/www.20minutes.fr\/politique\/4169940-20250828-legislative-paris-pourquoi-michel-barnier-pourra-voter-michel-barnier?at_medium=RSS%20feed&amp;at_campaign=ynews&amp;utm_source=yahoo&amp;utm_medium=rss&amp;utm_campaign=news_feed&amp;utm_content=related_content_link\" rel=\"nofollow noopener\" target=\"_blank\" data-ylk=\"slk:L\u00e9gislative \u00e0 Paris\u00a0: Pourquoi Michel Barnier ne pourra pas voter pour Michel Barnier\u00a0?;elm:context_link;itc:0;sec:content-canvas\" class=\"link \">L\u00e9gislative \u00e0 Paris\u00a0: Pourquoi Michel Barnier ne pourra pas voter pour Michel Barnier\u00a0?<\/a><br \/><a href=\"https:\/\/www.20minutes.fr\/politique\/4163984-20250717-legislative-partielle-paris-vers-guerre-entre-rachida-dati-michel-barnier?at_medium=RSS%20feed&amp;at_campaign=ynews&amp;utm_source=yahoo&amp;utm_medium=rss&amp;utm_campaign=news_feed&amp;utm_content=related_content_link\" rel=\"nofollow noopener\" target=\"_blank\" data-ylk=\"slk:L\u00e9gislative partielle \u00e0 Paris\u00a0: Vers une guerre entre Rachida Dati et Michel Barnier\u00a0?;elm:context_link;itc:0;sec:content-canvas\" class=\"link \">L\u00e9gislative partielle \u00e0 Paris\u00a0: Vers une guerre entre Rachida Dati et Michel Barnier\u00a0?<\/a><\/p>\n","protected":false},"excerpt":{"rendered":"retour gagnant &#8211; L\u2019ancien Premier ministre, Michel Barnier a \u00e9t\u00e9 \u00e9lu d\u00e9put\u00e9 de la deuxi\u00e8me circonscription de Paris&hellip;\n","protected":false},"author":2,"featured_media":424912,"comment_status":"","ping_status":"","sticky":false,"template":"","format":"standard","meta":{"footnotes":""},"categories":[1888],"tags":[1111,1928,11,1927,1777,674,1011,27,27636,12,1926,626,1925,3363,25,55388,55387],"class_list":{"0":"post-424911","1":"post","2":"type-post","3":"status-publish","4":"format-standard","5":"has-post-thumbnail","7":"category-paris","8":"tag-actu","9":"tag-actu-paris","10":"tag-actualites","11":"tag-actualites-paris","12":"tag-eu","13":"tag-europe","14":"tag-fr","15":"tag-france","16":"tag-michel-barnier","17":"tag-news","18":"tag-news-paris","19":"tag-paris","20":"tag-paris-news","21":"tag-premier-ministre","22":"tag-republique-francaise","23":"tag-suffrages-exprimes","24":"tag-viie-arrondissement"},"share_on_mastodon":{"url":"https:\/\/pubeurope.com\/@fr\/115284816963937850","error":""},"_links":{"self":[{"href":"https:\/\/www.europesays.com\/fr\/wp-json\/wp\/v2\/posts\/424911","targetHints":{"allow":["GET"]}}],"collection":[{"href":"https:\/\/www.europesays.com\/fr\/wp-json\/wp\/v2\/posts"}],"about":[{"href":"https:\/\/www.europesays.com\/fr\/wp-json\/wp\/v2\/types\/post"}],"author":[{"embeddable":true,"href":"https:\/\/www.europesays.com\/fr\/wp-json\/wp\/v2\/users\/2"}],"replies":[{"embeddable":true,"href":"https:\/\/www.europesays.com\/fr\/wp-json\/wp\/v2\/comments?post=424911"}],"version-history":[{"count":0,"href":"https:\/\/www.europesays.com\/fr\/wp-json\/wp\/v2\/posts\/424911\/revisions"}],"wp:featuredmedia":[{"embeddable":true,"href":"https:\/\/www.europesays.com\/fr\/wp-json\/wp\/v2\/media\/424912"}],"wp:attachment":[{"href":"https:\/\/www.europesays.com\/fr\/wp-json\/wp\/v2\/media?parent=424911"}],"wp:term":[{"taxonomy":"category","embeddable":true,"href":"https:\/\/www.europesays.com\/fr\/wp-json\/wp\/v2\/categories?post=424911"},{"taxonomy":"post_tag","embeddable":true,"href":"https:\/\/www.europesays.com\/fr\/wp-json\/wp\/v2\/tags?post=424911"}],"curies":[{"name":"wp","href":"https:\/\/api.w.org\/{rel}","templated":true}]}}