{"id":424928,"date":"2025-09-29T00:52:16","date_gmt":"2025-09-29T00:52:16","guid":{"rendered":"https:\/\/www.europesays.com\/fr\/424928\/"},"modified":"2025-09-29T00:52:16","modified_gmt":"2025-09-29T00:52:16","slug":"moldavie-le-parti-pro-ue-au-pouvoir-arrive-en-tete-des-legislatives-28-09-2025-a-2158","status":"publish","type":"post","link":"https:\/\/www.europesays.com\/fr\/424928\/","title":{"rendered":"Moldavie-Le parti pro-UE au pouvoir arrive en t\u00eate des l\u00e9gislatives &#8211; 28\/09\/2025 \u00e0 21:58"},"content":{"rendered":"<p>\n (Actualis\u00e9 apr\u00e8s d\u00e9pouillement de la moiti\u00e9 des bulletins<br \/>\nenviron)\n<\/p>\n<p>\n par Dan Peleschuk\n<\/p>\n<p>\n Le Parti d&rsquo;action et de solidarit\u00e9 (PAS) au pouvoir en<br \/>\nMoldavie est arriv\u00e9 en t\u00eate des \u00e9lections l\u00e9gislatives<br \/>\norganis\u00e9es dimanche avec un score provisoire de 42% apr\u00e8s<br \/>\nd\u00e9pouillement de pr\u00e8s de la moiti\u00e9 des bulletins de vote, selon<br \/>\nles r\u00e9sultats du scrutin compil\u00e9s par la Commission \u00e9lectorale.\n<\/p>\n<p>\n Le Bloc patriotique pro-russe est pour sa part cr\u00e9dit\u00e9<br \/>\nde 30% des suffrages.\n<\/p>\n<p>\n L&rsquo;issue de ces \u00e9lections s&rsquo;annonce d\u00e9terminante pour la<br \/>\ncandidature de la Moldavie \u00e0 l&rsquo;Union europ\u00e9enne (UE) dans un<br \/>\ncontexte marqu\u00e9, selon les autorit\u00e9s, par une campagne russe<br \/>\nvisant \u00e0 influencer le scrutin.\n<\/p>\n<p>\n En l&rsquo;absence de majorit\u00e9 \u00e0 la chambre de 101 si\u00e8ges, des<br \/>\ntractations seraient susceptibles de perturber encore davantage<br \/>\nl&rsquo;un des pays les plus pauvres d&rsquo;Europe, secou\u00e9 par la guerre en<br \/>\nUkraine voisine et par une ing\u00e9rence russe pr\u00e9sum\u00e9e.\n<\/p>\n<p>\n Alors que la pr\u00e9sidente Maia Sandu et le PAS, son parti,<br \/>\naspirent \u00e0 rejoindre l&rsquo;UE, le contr\u00f4le du Parlement est<br \/>\nessentiel \u00e0 la concr\u00e9tisation de leurs projets europ\u00e9ens.\n<\/p>\n<p>\n Le pouvoir de l&rsquo;ancienne r\u00e9publique sovi\u00e9tique oscille<br \/>\ndepuis des d\u00e9cennies entre pro-europ\u00e9ens et pro-russes. Environ<br \/>\nun tiers du pays \u2013 la Transnistrie, \u00e0 l&rsquo;est du Dniestr \u2013 est<br \/>\ncontr\u00f4l\u00e9 par une administration pro-russe s\u00e9paratiste et abrite<br \/>\nune petite garnison russe.\n<\/p>\n<p>\n Maia Sandu a fait de l&rsquo;\u00e9lection de dimanche un test<br \/>\nexistentiel pour le pays de 2,4 millions d&rsquo;habitants &#8211; qui<br \/>\nentretient \u00e9galement des liens culturels et linguistiques<br \/>\n\u00e9troits avec son voisin occidental, la Roumanie -, affirmant<br \/>\nqu&rsquo;une vaste campagne russe visant \u00e0 influencer le vote<br \/>\nconstituait une menace directe.\n<\/p>\n<p>\n Les forces d&rsquo;opposition comme le Bloc patriotique ont<br \/>\nexploit\u00e9 le malaise des \u00e9lecteurs face aux turbulences<br \/>\n\u00e9conomiques et \u00e0 la lenteur des r\u00e9formes, des griefs aggrav\u00e9s<br \/>\npar ce que des responsables qualifient de d\u00e9sinformation.\n<\/p>\n<p>\n Ces derni\u00e8res semaines, les autorit\u00e9s ont multipli\u00e9 les<br \/>\nraids ciblant le financement ill\u00e9gal des partis et les r\u00e9seaux<br \/>\npr\u00e9tendument soutenus par la Russie &#8211; dans le but de susciter<br \/>\ndes troubles autour du vote -, interdisant \u00e0 plusieurs d&rsquo;entre<br \/>\neux de participer aux \u00e9lections de dimanche.\n<\/p>\n<p>\n Moscou a ni\u00e9 toute ing\u00e9rence et d\u00e9clar\u00e9 que le gouvernement<br \/>\ncontr\u00f4l\u00e9 par le PAS propageait une hyst\u00e9rie antirusse pour<br \/>\ngagner des voix.\n<\/p>\n<p>\n Maia Sandu et le PAS consid\u00e8rent l&rsquo;int\u00e9gration europ\u00e9enne<br \/>\ncomme la cl\u00e9 de l&rsquo;avenir de la Moldavie et de la sortie de<br \/>\nl&rsquo;influence de Moscou, r\u00e9miniscence de l&rsquo;\u00e8re sovi\u00e9tique.\n<\/p>\n<p>\n Mais de nombreux \u00e9lecteurs se sont davantage concentr\u00e9s les<br \/>\nquestions int\u00e9rieures, inquiets des cons\u00e9quences d&rsquo;un<br \/>\nrapprochement avec l&rsquo;UE pour l&rsquo;\u00e9conomie moldave, fortement ax\u00e9e<br \/>\nsur l&rsquo;agriculture\n<\/p>\n<p>\n (Dan Peleschuk, avec Alexander Tanas et Andriy Pryimachenko \u00e0<br \/>\nChisnau, Alexandru Fedas \u00e0 Balti ; version fran\u00e7aise Elizabeth<br \/>\nPineau et Benjamin Mallet)<\/p>\n","protected":false},"excerpt":{"rendered":"(Actualis\u00e9 apr\u00e8s d\u00e9pouillement de la moiti\u00e9 des bulletins environ) par Dan Peleschuk Le Parti d&rsquo;action et de solidarit\u00e9&hellip;\n","protected":false},"author":2,"featured_media":2486,"comment_status":"","ping_status":"","sticky":false,"template":"","format":"standard","meta":{"footnotes":""},"categories":[1586],"tags":[400,11,398,408,405,1777,674,1779,1011,27,403,402,399,404,12,25,401,406,1778,364,407],"class_list":{"0":"post-424928","1":"post","2":"type-post","3":"status-publish","4":"format-standard","5":"has-post-thumbnail","7":"category-europe","8":"tag-action-cac-40","9":"tag-actualites","10":"tag-bourse-de-paris","11":"tag-boursorama","12":"tag-cotations","13":"tag-eu","14":"tag-europe","15":"tag-european-union","16":"tag-fr","17":"tag-france","18":"tag-indices-devises","19":"tag-investir","20":"tag-investissement","21":"tag-marche-boursier","22":"tag-news","23":"tag-republique-francaise","24":"tag-sicav","25":"tag-trackers","26":"tag-ue","27":"tag-union-europeenne","28":"tag-warrants"},"share_on_mastodon":{"url":"https:\/\/pubeurope.com\/@fr\/115284852353690372","error":""},"_links":{"self":[{"href":"https:\/\/www.europesays.com\/fr\/wp-json\/wp\/v2\/posts\/424928","targetHints":{"allow":["GET"]}}],"collection":[{"href":"https:\/\/www.europesays.com\/fr\/wp-json\/wp\/v2\/posts"}],"about":[{"href":"https:\/\/www.europesays.com\/fr\/wp-json\/wp\/v2\/types\/post"}],"author":[{"embeddable":true,"href":"https:\/\/www.europesays.com\/fr\/wp-json\/wp\/v2\/users\/2"}],"replies":[{"embeddable":true,"href":"https:\/\/www.europesays.com\/fr\/wp-json\/wp\/v2\/comments?post=424928"}],"version-history":[{"count":0,"href":"https:\/\/www.europesays.com\/fr\/wp-json\/wp\/v2\/posts\/424928\/revisions"}],"wp:featuredmedia":[{"embeddable":true,"href":"https:\/\/www.europesays.com\/fr\/wp-json\/wp\/v2\/media\/2486"}],"wp:attachment":[{"href":"https:\/\/www.europesays.com\/fr\/wp-json\/wp\/v2\/media?parent=424928"}],"wp:term":[{"taxonomy":"category","embeddable":true,"href":"https:\/\/www.europesays.com\/fr\/wp-json\/wp\/v2\/categories?post=424928"},{"taxonomy":"post_tag","embeddable":true,"href":"https:\/\/www.europesays.com\/fr\/wp-json\/wp\/v2\/tags?post=424928"}],"curies":[{"name":"wp","href":"https:\/\/api.w.org\/{rel}","templated":true}]}}