{"id":424942,"date":"2025-09-29T01:02:09","date_gmt":"2025-09-29T01:02:09","guid":{"rendered":"https:\/\/www.europesays.com\/fr\/424942\/"},"modified":"2025-09-29T01:02:09","modified_gmt":"2025-09-29T01:02:09","slug":"le-come-back-des-americains-na-pas-suffi-leurope-conserve-son-titre-eurosport","status":"publish","type":"post","link":"https:\/\/www.europesays.com\/fr\/424942\/","title":{"rendered":"Le come-back des Am\u00e9ricains n&#039;a pas suffi : L&#039;Europe conserve son titre &#8211; Eurosport"},"content":{"rendered":"<ol>\n<li><a href=\"https:\/\/news.google.com\/rss\/articles\/CBMi_gFBVV95cUxNMVpabk5MQmlib0NRNlpua3BBdldHUzNxMjAyd1Q3OFR5ZkVvX0RRYlNtQ3BHOGNDVkRyeTdiUTV4ZFJPS1NlMVdmUllVUUhmc1ZZUEs1ZGY4R0RFa3hBRTZpYXRCMUg4bkRtVUdYUDVaVnFEcEVZVTRyZUhlb2ZzaGdYZVUzbWI3S0V6X0VVeHhwMmUyM2xKUFlMSEVIeXVtLWJEZ3VScmhTdjBQOHpUZTlZc01MOTdhVGdpR19Sb25iTk13LWJtMFczcjI1QklPVmt0OXhrM2RWQ0NqS2UxNTNNTjhyRkFVY1hXdl9tams1S3ZoVmpOSkpHRW01QQ?oc=5\" target=\"_blank\" rel=\"noopener\">Le come-back des Am\u00e9ricains n&rsquo;a pas suffi : L&rsquo;Europe conserve son titre<\/a>&nbsp;&nbsp;Eurosport<\/li>\n<li><a href=\"https:\/\/news.google.com\/rss\/articles\/CBMi-gFBVV95cUxPZWphc3ZfY3JGUXlzSUdNTkZLRjdUejFna185UUdWMVF3ZTN1QjdzXy03RVpBX0xoSHR5MVZjN1o2YWQxWHVSLVR2a0k0N2xSZVZwcFg4eFV4RlYzX1FhTDFEZVlEbDlITVd2NGtzSDltYjc4SGdDMndqbUN6c201S19sZXZCNUt1QjY2a0JmS2t5dW56dGRZa2JkbjFDaTVhZDJPdm9Nbk9ESVE1STd0TjBnSnczSUVvUmJVQ09MSDNOQ3JXV2hVdDJuYmNwM1ZlVVpKb25UUDFheG54TW1aZ2IwWVhRbGZyY0U5b1dSQ3g1d2dtMVM5NnBB?oc=5\" target=\"_blank\" rel=\"noopener\">\u00ab Nous ne devrions pas accepter cela dans le golf \u00bb : Rory McIlroy fustige les d\u00e9bordements du public am\u00e9ricain en Ryder Cup<\/a>&nbsp;&nbsp;L&rsquo;\u00c9quipe<\/li>\n<li><a href=\"https:\/\/news.google.com\/rss\/articles\/CBMi4wFBVV95cUxPenNPMHpJejRZY0xFWjJlekgzWjROX1l2Z3ZhU2lLQ3E4cTR6R3V4WU9DVjY1UDZPOHJNa21rVm5QN2ZXZlZPSC0xb1dBMUxYbFdCV2puSlVHRV9ZNnQ3bFdTZE1XMkNfS1Z1TFZUakhGRFpBOTg0WUZ6V19Ed2ZVejIxMUdiRF8zWVZ1MFBjR1J3dE15cEpqdWI4M2EtZVJQRTgwTTlYaXFYVjNoZ2UwX3dnV1NaYjlBTlpyUnlQSHR3WlNMaHFueWRQYkQzcHB3MnhwT05ocWlLWTVuRXRvZ0x5ONIB6AFBVV95cUxOMGJwUEdPaFdZWU54NXVscVlZTXdhWHBDakd0ejY4aGZ2cXdnMldHQzdQSTB4UkQxVk01aERCSG1iU3A3dmJtVnpneC1MMjdzeDVoNkUyWlZmWDZYaUtkbVVRS2g2c2NuZlZaRGlnd1ZGTFNJcmRnTC1jMmx0MU12VTFXVDhvNnNoS0Jnc1JoTU1lQmhjak9US2VpWVhsYk5lNzJScjk2b1NlZGJFeVpYYWNhQ3Q3OUxlRGdtU25ZWEZqYzJzcmEwWndTTFg4TXlHNHlJbkQ4cm1yQlM1Z1FQaEJxVXprVUJk?oc=5\" target=\"_blank\" rel=\"noopener\">Golf-L&rsquo;Europe bat les Etats-Unis et conserve la Ryder Cup<\/a>&nbsp;&nbsp;Boursorama<\/li>\n<li><a href=\"https:\/\/news.google.com\/rss\/articles\/CBMi3AFBVV95cUxPTDhlSUpQcDAwSlJKRzZycHdER2pWa1JWVHV5MEhQY0VRN081UWZfSklKa3dzSUNlUTBnMW5ueWRXclVOOFhMQVdjOEN0ckg0anpja0ZqVlY1QXR4NWVHWDU1RzllRkhtc243YlVyTUMtX3MxUVZfNEIwaGRzMVd2bXdtZFJkRks4ZEZvMEh4YXJxcXBKVmNGaGRQMmRtb0FxczA0anNCbmZLdzdhQ3BpZTZqV0xBMGtneTZvM1FjZkROSTVZaExFQ25oa25vZmxTbmwxdGYxTUZpNXc0?oc=5\" target=\"_blank\" rel=\"noopener\">\u00c0 la Ryder Cup, des fans am\u00e9ricains \u201cgrotesques\u201d d\u00e9cha\u00een\u00e9s contre les golfeurs europ\u00e9ens<\/a>&nbsp;&nbsp;Courrier international<\/li>\n<li><a href=\"https:\/\/news.google.com\/rss\/articles\/CBMi-wFBVV95cUxOYVVIbXBPWVhON0FHU1JacExwaVFzZWUxYUozcjdzdmoyek9rNHlRMExvMzI5bGN3YmNmRFl5Y0t1S1JtUzlDUW1zcVVaSVYwbGNBR2ZrR0FOOTlvNEhjVEFNZmpaWl9oNlAtaWNiSHZHQS1ZZkFxZk10c0t0MkxZLWFJV2JlUkRlQ1Y1UGZXYU9pMGl6WUNibTJsNTI3M1BQcVJnaWp6dnR0V29COURlVmMyWmlmYkZLbWVqUlpDdHRwYjB2a1lIMGFnakkyYWFoSGlrZXAxRy1TNU5pMHJSQzJ1bmliYk5KRHpVZlRSMVpOTFdmN3JKa0pwUQ?oc=5\" target=\"_blank\" rel=\"noopener\">\u00ab Quelle aventure ! Quelle journ\u00e9e formidable ! \u00bb: le capitaine am\u00e9ricain de Ryder Cup Keagan Bradley rend hommage \u00e0 ses joueurs<\/a>&nbsp;&nbsp;L&rsquo;\u00c9quipe<\/li>\n<\/ol>\n","protected":false},"excerpt":{"rendered":"Le come-back des Am\u00e9ricains n&rsquo;a pas suffi : L&rsquo;Europe conserve son titre&nbsp;&nbsp;Eurosport \u00ab Nous ne devrions pas accepter&hellip;\n","protected":false},"author":2,"featured_media":395849,"comment_status":"","ping_status":"","sticky":false,"template":"","format":"standard","meta":{"footnotes":""},"categories":[1412],"tags":[1451,1452,1453,1454,1455,1011,27,60],"class_list":{"0":"post-424942","1":"post","2":"type-post","3":"status-publish","4":"format-standard","5":"has-post-thumbnail","7":"category-f1","8":"tag-f1","9":"tag-formula-1","10":"tag-formula1","11":"tag-formule-1","12":"tag-formule1","13":"tag-fr","14":"tag-france","15":"tag-sports"},"share_on_mastodon":{"url":"https:\/\/pubeurope.com\/@fr\/115284891597819142","error":""},"_links":{"self":[{"href":"https:\/\/www.europesays.com\/fr\/wp-json\/wp\/v2\/posts\/424942","targetHints":{"allow":["GET"]}}],"collection":[{"href":"https:\/\/www.europesays.com\/fr\/wp-json\/wp\/v2\/posts"}],"about":[{"href":"https:\/\/www.europesays.com\/fr\/wp-json\/wp\/v2\/types\/post"}],"author":[{"embeddable":true,"href":"https:\/\/www.europesays.com\/fr\/wp-json\/wp\/v2\/users\/2"}],"replies":[{"embeddable":true,"href":"https:\/\/www.europesays.com\/fr\/wp-json\/wp\/v2\/comments?post=424942"}],"version-history":[{"count":0,"href":"https:\/\/www.europesays.com\/fr\/wp-json\/wp\/v2\/posts\/424942\/revisions"}],"wp:featuredmedia":[{"embeddable":true,"href":"https:\/\/www.europesays.com\/fr\/wp-json\/wp\/v2\/media\/395849"}],"wp:attachment":[{"href":"https:\/\/www.europesays.com\/fr\/wp-json\/wp\/v2\/media?parent=424942"}],"wp:term":[{"taxonomy":"category","embeddable":true,"href":"https:\/\/www.europesays.com\/fr\/wp-json\/wp\/v2\/categories?post=424942"},{"taxonomy":"post_tag","embeddable":true,"href":"https:\/\/www.europesays.com\/fr\/wp-json\/wp\/v2\/tags?post=424942"}],"curies":[{"name":"wp","href":"https:\/\/api.w.org\/{rel}","templated":true}]}}