{"id":424964,"date":"2025-09-29T01:14:14","date_gmt":"2025-09-29T01:14:14","guid":{"rendered":"https:\/\/www.europesays.com\/fr\/424964\/"},"modified":"2025-09-29T01:14:14","modified_gmt":"2025-09-29T01:14:14","slug":"vous-pensiez-etre-protege-des-virus-de-lhiver-par-votre-masque-barriere-voici-la-verite","status":"publish","type":"post","link":"https:\/\/www.europesays.com\/fr\/424964\/","title":{"rendered":"Vous pensiez \u00eatre prot\u00e9g\u00e9 des virus de l&rsquo;hiver par votre masque barri\u00e8re ? Voici la v\u00e9rit\u00e9"},"content":{"rendered":"<p>Faut-il encore porter un masque barri\u00e8re en 2025, alors que la<br \/>\nsituation sanitaire semble apais\u00e9e mais qu\u2019une nouvelle saison<br \/>\nautomnale pointe le bout de son nez ? Si le souvenir des visages<br \/>\nmasqu\u00e9s dans les transports ou les supermarch\u00e9s reste vivace, le<br \/>\nd\u00e9bat ressurgit dans la soci\u00e9t\u00e9 fran\u00e7aise d\u00e8s les premiers<br \/>\n\u00e9ternuements collectifs de septembre. <strong>Promu par les uns<br \/>\ncomme garde-fou indispensable<\/strong>, critiqu\u00e9 par les autres qui<br \/>\nd\u00e9noncent un \u00ab r\u00e9flexe d\u00e9pass\u00e9 \u00bb, l\u2019objet masque divise toujours<br \/>\nautant. Entre habitudes acquises, controverses persistantes et<br \/>\nquestions rest\u00e9es en suspens, il m\u00e9rite qu\u2019on s\u2019attarde sur ce<br \/>\nqu\u2019il apporte vraiment \u2013 et dans quelles circonstances il conserve<br \/>\ntoute sa pertinence.<\/p>\n<p>Quand le masque divise : radiographie<br \/>\nd\u2019une pol\u00e9mique persistanteNaissance d\u2019un objet controvers\u00e9 : de<br \/>\nla peur \u00e0 l\u2019incompr\u00e9hension<\/p>\n<p>Du printemps 2020 jusqu\u2019\u00e0 aujourd\u2019hui, le masque barri\u00e8re s\u2019est<br \/>\nimpos\u00e9 tour \u00e0 tour comme symbole de protection, puis source<br \/>\nd\u2019injonctions contradictoires. <strong>Souvent per\u00e7u comme une<br \/>\nr\u00e9ponse urgente \u00e0 l\u2019incertitude sanitaire<\/strong>, il a<br \/>\ncristallis\u00e9 un m\u00e9lange de peur \u2013 face \u00e0 l\u2019invisible \u2013 et de doutes<br \/>\nquant \u00e0 sa r\u00e9elle efficacit\u00e9. L\u2019objet du quotidien est ainsi devenu<br \/>\nle th\u00e9\u00e2tre de d\u00e9bats passionn\u00e9s : accessoire utile ou co\u00fbteuse<br \/>\ncontrainte ?<\/p>\n<p>Les multiples discours : entre<br \/>\ninjonctions et doutes populaires<\/p>\n<p>Ballott\u00e9s entre les recommandations officielles et les analyses<br \/>\ncontradictoires, nombreux sont celles et ceux qui ont vu leur<br \/>\nconfiance s\u2019\u00e9mousser. <strong>Certains y voient<\/strong> un<br \/>\ngeste altruiste essentiel, d\u2019autres fustigent les obligations<br \/>\nqui en d\u00e9coulent. R\u00e9sultat : le rapport au masque d\u00e9pend aussi des<br \/>\nexp\u00e9riences individuelles et de la mani\u00e8re dont le message public<br \/>\nest relay\u00e9. Un sentiment d\u2019incoh\u00e9rence persiste, alimentant la<br \/>\ndiscorde.<\/p>\n<p>\u00c0 chaque environnement son risque :<br \/>\nl\u2019influence d\u00e9cisive du contexteL\u2019effet cocktail : agglom\u00e9rations,<br \/>\nespaces clos, \u00e9v\u00e9nements<\/p>\n<p><strong>Tous les lieux ne se valent pas en mati\u00e8re de<br \/>\ntransmission virale<\/strong>. Les transports bond\u00e9s \u00e0 l\u2019heure de<br \/>\npointe, les salles de r\u00e9union mal ventil\u00e9es ou les grands<br \/>\nrassemblements favorisent m\u00e9caniquement la contamination. \u00c0<br \/>\nl\u2019approche de l\u2019automne, quand la promiscuit\u00e9 redevient courante et<br \/>\nque la circulation du virus repart doucement \u00e0 la hausse, la<br \/>\nprudence conserve tout son sens, au moins dans certains<br \/>\ncontextes.<\/p>\n<p>Dehors versus dedans : l\u00e0 o\u00f9 le masque<br \/>\nchange vraiment la donne<\/p>\n<p>L\u2019air libre dilue naturellement les particules<br \/>\npotentiellement dangereuses, ce qui rend l\u2019utilit\u00e9 du masque<br \/>\nplus discutable en plein air \u2013 hors foule dense. <strong>C\u2019est donc<br \/>\n\u00e0 l\u2019int\u00e9rieur que le masque r\u00e9v\u00e8le toute son efficacit\u00e9<\/strong>,<br \/>\nen r\u00e9duisant le risque de transmission par a\u00e9rosols et<br \/>\ngouttelettes, surtout lorsque l\u2019a\u00e9ration fait d\u00e9faut.<\/p>\n<p>Tous les masques ne se valent pas :<br \/>\nrep\u00e9rer le bon alli\u00e9Chirurgicaux, FFP2, tissu : comprendre<br \/>\nles grandes familles<\/p>\n<p>Face \u00e0 la diversit\u00e9 des masques propos\u00e9s, difficile parfois d\u2019y<br \/>\nvoir clair. <strong>Le masque chirurgical demeure la r\u00e9f\u00e9rence \u00e0<br \/>\nusage courant<\/strong> : il filtre les projections mais laisse<br \/>\npasser de fines particules. Le FFP2, souvent r\u00e9serv\u00e9 aux situations<br \/>\n\u00e0 risques, offre un niveau de protection sup\u00e9rieur lorsqu\u2019il est<br \/>\nbien ajust\u00e9. Quant aux masques en tissu, leur performance d\u00e9pend<br \/>\nbeaucoup de la mati\u00e8re et du nombre de couches.<\/p>\n<p>Le talon d\u2019Achille des masques en<br \/>\ntissu : efficacit\u00e9 relative ou r\u00e9elle faille ?<\/p>\n<p>Si le masque en tissu s\u2019est impos\u00e9 pour sa praticit\u00e9 et son<br \/>\ncaract\u00e8re r\u00e9utilisable, son pouvoir filtrant varie<br \/>\nfortement. <strong>Un tissu mal choisi, un lavage mal r\u00e9alis\u00e9<br \/>\nou une confection approximative en r\u00e9duisent consid\u00e9rablement<br \/>\nl\u2019efficacit\u00e9<\/strong>. De nombreux Fran\u00e7ais ont ainsi opt\u00e9 pour des<br \/>\nmod\u00e8les plus filtrants d\u00e8s lors que le contexte sanitaire<br \/>\nl\u2019exige.<\/p>\n<p>Porter n\u2019est pas jouer : les secrets<br \/>\nd\u2019un masque r\u00e9ellement protecteurAjustement, usage, dur\u00e9e : l\u2019art<br \/>\n(m\u00e9connu) du port efficace<\/p>\n<p>M\u00eame le meilleur des masques perd de son efficacit\u00e9 en cas de<br \/>\nmauvaise utilisation. <strong>Un ajustement pr\u00e9cis \u2013 couvrant bien<br \/>\nle nez et la bouche sans laisser de jour<\/strong> \u2013 est<br \/>\nindispensable pour limiter l\u2019entr\u00e9e ou la sortie de particules. Le<br \/>\ntemps de port compte \u00e9galement : au-del\u00e0 de quelques heures, un<br \/>\nmasque chirurgical humide perd de sa capacit\u00e9 filtrante.<\/p>\n<p>Les erreurs courantes qui sapent<br \/>\nl\u2019efficacit\u00e9 du masque<\/p>\n<p>Mettre et retirer le masque sans se laver les mains, laisser le<br \/>\nnez \u00e0 l\u2019air ou le r\u00e9utiliser ind\u00e9finiment font partie des gestes<br \/>\nqui r\u00e9duisent \u00e0 n\u00e9ant les b\u00e9n\u00e9fices attendus. <strong>Un masque<br \/>\ntrop grand ou mal entretenu cr\u00e9e un faux sentiment de<br \/>\ns\u00e9curit\u00e9<\/strong>. Mieux vaut donc se rappeler les r\u00e8gles d\u2019usage<br \/>\npour pr\u00e9server sa r\u00e9elle utilit\u00e9.<\/p>\n<p>\u00c9clairages scientifiques : ce que<br \/>\ndisent (vraiment) les donn\u00e9esLes derni\u00e8res \u00e9tudes en question :<br \/>\nentre protection et nuances<\/p>\n<p><strong>Les donn\u00e9es confirment globalement que le masque limite<br \/>\nla transmission dans les espaces clos et dens\u00e9ment<br \/>\nfr\u00e9quent\u00e9s<\/strong>. Cependant, son efficacit\u00e9 reste conditionn\u00e9e<br \/>\npar la bonne utilisation et le choix d\u2019un mod\u00e8le adapt\u00e9. Les<br \/>\nchiffres relatifs \u00e0 la r\u00e9duction de contamination en milieu ferm\u00e9<br \/>\nconfortent sa place d\u2019outil compl\u00e9mentaire \u2013 sans jamais \u00eatre une<br \/>\ngarantie absolue.<\/p>\n<p>La r\u00e9alit\u00e9 du terrain : que constatent<br \/>\nles professionnels de sant\u00e9 ?<\/p>\n<p>L\u2019exp\u00e9rience de ces derni\u00e8res ann\u00e9es le prouve : l\u00e0 o\u00f9 le<br \/>\nmasque est port\u00e9 correctement dans les environnements \u00e0 risque, la<br \/>\ncirculation virale recule sensiblement. <strong>La prudence<br \/>\nreste cependant de mise lors de p\u00e9riodes d\u2019\u00e9pid\u00e9mie<\/strong> ou<br \/>\ndans des contextes tr\u00e8s expos\u00e9s.<\/p>\n<p>Et maintenant ? Repenser le masque<br \/>\nselon les situationsVers une utilisation raisonn\u00e9e et<br \/>\ncontextuelle<\/p>\n<p>La solution n\u2019est ni dans le rejet, ni dans l\u2019adh\u00e9sion aveugle.<br \/>\n<strong>Le masque conserve sa place pour limiter la transmission de<br \/>\nvirus<\/strong>, d\u00e8s lors que les conditions (type de masque,<br \/>\najustement, dur\u00e9e, contexte) sont r\u00e9unies. Adopter une approche<br \/>\nnuanc\u00e9e \u2013 porter le masque dans les situations risqu\u00e9es, s\u2019abstenir<br \/>\nailleurs \u2013 concilie confort et s\u00e9curit\u00e9.<\/p>\n<p>Conseils pratiques pour d\u00e9cider :<br \/>\nmettre sa confiance (et son masque) \u00e0 la bonne place<\/p>\n<p>Avant de sortir son masque en toute occasion, il est utile de se<br \/>\nposer quelques questions simples : Suis-je en contact rapproch\u00e9 ?<br \/>\nMon interlocuteur est-il fragile ? L\u2019a\u00e9ration est-elle suffisante ?<br \/>\n<strong>Ce sont les r\u00e9ponses \u00e0 ces questions qui permettent d\u2019opter<br \/>\n\u2013 ou non \u2013 pour le masque barri\u00e8re<\/strong>, selon les<br \/>\ncirconstances de la vie courante.<\/p>\n<p>Enjeux d\u2019avenir : synth\u00e8se et<br \/>\nperspectives pour le masque barri\u00e8reCe que le d\u00e9bat r\u00e9v\u00e8le sur nos<br \/>\nsoci\u00e9t\u00e9s et notre rapport au risque<\/p>\n<p>Loin de n\u2019\u00eatre qu\u2019une affaire m\u00e9dicale, la controverse du<br \/>\nmasque interroge notre rapport collectif \u00e0 la pr\u00e9caution, aux<br \/>\nlibert\u00e9s individuelles et \u00e0 la solidarit\u00e9. <strong>Le d\u00e9bat<br \/>\nr\u00e9v\u00e8le nos strat\u00e9gies d\u2019adaptation face \u00e0 l\u2019incertitude<\/strong>,<br \/>\nentre d\u00e9sir de contr\u00f4le et besoin de normalit\u00e9.<\/p>\n<p>Les prochaines \u00e9tapes : entre<br \/>\ninnovations, p\u00e9dagogie et nouvelles habitudes<\/p>\n<p><strong>Le futur du masque pourrait bien s\u2019appuyer sur des<br \/>\nmat\u00e9riaux plus performants<\/strong>, un meilleur confort<br \/>\nd\u2019utilisation, et une p\u00e9dagogie renforc\u00e9e pour adapter le geste \u00e0<br \/>\nla situation. En s\u2019appropriant la question de fa\u00e7on plus souple,<br \/>\nchacun peut devenir acteur de sa propre protection, tout en<br \/>\npr\u00e9servant celle des autres.<\/p>\n<p>Face au retour de l\u2019automne et aux premi\u00e8res \u00e9pid\u00e9mies<br \/>\nsaisonni\u00e8res, la question du port du masque restera toujours<br \/>\nnuanc\u00e9e. <strong>Comprendre les conditions d\u2019efficacit\u00e9 du masque<br \/>\net reconna\u00eetre ses limites<\/strong> permet de d\u00e9cider avec<br \/>\ndiscernement, offrant ainsi la meilleure chance de conjuguer<br \/>\nquotidien, sant\u00e9 et s\u00e9r\u00e9nit\u00e9. Alors que les habitudes \u00e9voluent, le<br \/>\nchoix raisonn\u00e9 reste entre nos mains\u2026 et parfois sur notre<br \/>\nvisage.<\/p>\n","protected":false},"excerpt":{"rendered":"Faut-il encore porter un masque barri\u00e8re en 2025, alors que la situation sanitaire semble apais\u00e9e mais qu\u2019une nouvelle&hellip;\n","protected":false},"author":2,"featured_media":424965,"comment_status":"","ping_status":"","sticky":false,"template":"","format":"standard","meta":{"footnotes":""},"categories":[7],"tags":[1011,27,43,40,41,39,42,44],"class_list":{"0":"post-424964","1":"post","2":"type-post","3":"status-publish","4":"format-standard","5":"has-post-thumbnail","7":"category-sciences-et-technologies","8":"tag-fr","9":"tag-france","10":"tag-science","11":"tag-science-and-technology","12":"tag-sciences","13":"tag-sciences-et-technologies","14":"tag-technologies","15":"tag-technology"},"share_on_mastodon":{"url":"https:\/\/pubeurope.com\/@fr\/115284938916870107","error":""},"_links":{"self":[{"href":"https:\/\/www.europesays.com\/fr\/wp-json\/wp\/v2\/posts\/424964","targetHints":{"allow":["GET"]}}],"collection":[{"href":"https:\/\/www.europesays.com\/fr\/wp-json\/wp\/v2\/posts"}],"about":[{"href":"https:\/\/www.europesays.com\/fr\/wp-json\/wp\/v2\/types\/post"}],"author":[{"embeddable":true,"href":"https:\/\/www.europesays.com\/fr\/wp-json\/wp\/v2\/users\/2"}],"replies":[{"embeddable":true,"href":"https:\/\/www.europesays.com\/fr\/wp-json\/wp\/v2\/comments?post=424964"}],"version-history":[{"count":0,"href":"https:\/\/www.europesays.com\/fr\/wp-json\/wp\/v2\/posts\/424964\/revisions"}],"wp:featuredmedia":[{"embeddable":true,"href":"https:\/\/www.europesays.com\/fr\/wp-json\/wp\/v2\/media\/424965"}],"wp:attachment":[{"href":"https:\/\/www.europesays.com\/fr\/wp-json\/wp\/v2\/media?parent=424964"}],"wp:term":[{"taxonomy":"category","embeddable":true,"href":"https:\/\/www.europesays.com\/fr\/wp-json\/wp\/v2\/categories?post=424964"},{"taxonomy":"post_tag","embeddable":true,"href":"https:\/\/www.europesays.com\/fr\/wp-json\/wp\/v2\/tags?post=424964"}],"curies":[{"name":"wp","href":"https:\/\/api.w.org\/{rel}","templated":true}]}}