{"id":424966,"date":"2025-09-29T01:15:14","date_gmt":"2025-09-29T01:15:14","guid":{"rendered":"https:\/\/www.europesays.com\/fr\/424966\/"},"modified":"2025-09-29T01:15:14","modified_gmt":"2025-09-29T01:15:14","slug":"mauvaise-eleve-la-france-surclassee-par-les-anciens-pigs","status":"publish","type":"post","link":"https:\/\/www.europesays.com\/fr\/424966\/","title":{"rendered":"mauvaise \u00e9l\u00e8ve, la France surclass\u00e9e par les anciens \u00ab\u00a0Pigs\u00a0\u00bb"},"content":{"rendered":"<p>Apr\u00e8s l\u2019Italie et le Portugal, l\u2019Espagne vient de voir ses efforts salu\u00e9s par Fitch et Moody\u2019s. Tout le contraire de la France.<\/p>\n<p class=\"fig-paragraph\">L\u2019Espagne au tableau d\u2019honneur. Simultan\u00e9ment, le pays vient de recevoir les f\u00e9licitations des deux agences de notation mondiales Moody\u2019s et Fitch. La premi\u00e8re a gratifi\u00e9 Madrid d\u2019un A3 tandis que la seconde lui a d\u00e9cern\u00e9 un A, soit son plus haut score depuis 2012. Un double satisfecit, apr\u00e8s celui octroy\u00e9 il y a deux semaines par S&amp;P Global Ratings, qui a relev\u00e9 sa note d\u2019un cran de A \u00e0 A+. L\u2019am\u00e9lioration de la situation \u00e9conomique du pays est applaudie par les trois agences, Moody\u2019s saluant \u00ab\u00a0la vigueur \u00e9conomique de l\u2019Espagne\u00a0\u00bb quand Fitch souligne ses \u00ab\u00a0r\u00e9cents gains de productivit\u00e9\u00a0\u00bb.<\/p>\n<p class=\"fig-paragraph\">Pour la France, l\u2019humiliation est totale. Avant l\u2019Espagne,\u00a0<a href=\"http:\/\/www.lefigaro.fr\/economie\/dette-fitch-releve-la-note-de-l-italie-20250921\" data-fig-type=\"Article\" data-gtm-custom-categorie=\"navigation\" data-gtm-custom-action=\"crossclick\" data-gtm-custom-label=\"Contextuel\" data-gtm-event=\"customEventSPE\" data-fig-domain=\"LEFIGARO\" target=\"_blank\" rel=\"noopener\">l\u2019Italie a vu elle aussi sa notation relev\u00e9e par Fitch<\/a>, \u00ab\u00a0pour refl\u00e9ter une confiance accrue dans la trajectoire budg\u00e9taire\u00a0\u00bb du pays. Mi-septembre, l\u2019agence saluait encore le d\u00e9sendettement du Portugal et rehaussait sa note de A- \u00e0 A.<\/p>\n<p class=\"fig-body-link\">\n            \u00c0 lire aussi<br \/>\n        <a class=\"fig-body-link__link\" href=\"http:\/\/www.lefigaro.fr\/conjoncture\/l-explosion-de-la-dette-publique-francaise-expliquee-en-quatre-infographies-20250626\" data-fig-type=\"NewsFlash\" data-gtm-custom-categorie=\"navigation\" data-gtm-custom-action=\"crossclick\" data-gtm-custom-label=\"Contextuel\" data-gtm-event=\"customEventSPE\" data-fig-domain=\"LEFIGARO\" target=\"_blank\" rel=\"noopener\">L\u2019explosion de la dette publique fran\u00e7aise expliqu\u00e9e en quatre infographies<br \/>\n    <\/a>\n<\/p>\n<p>                                    <a class=\"fig-a11y-skip a11y-hidden\" href=\"#fig-a11y-skip-main-inarticle\"><br \/>\n        Passer la publicit\u00e9<br \/>\n    <\/a><\/p>\n<p>Nouveaux avertissements<\/p>\n<p class=\"fig-paragraph\">Le bulletin de ses voisins m\u00e9diterran\u00e9ens, autrefois d\u00e9nomm\u00e9s \u00ab\u00a0Pigs\u00a0\u00bb avec un peu de m\u00e9pris, s\u2019am\u00e9liore tandis que la France\u00a0<a href=\"http:\/\/www.lefigaro.fr\/politique\/la-degradation-de-la-note-souveraine-de-la-france-accentue-la-pression-sur-le-gouvernement-lecornu-20250914\" data-fig-type=\"Article\" data-gtm-custom-categorie=\"navigation\" data-gtm-custom-action=\"crossclick\" data-gtm-custom-label=\"Contextuel\" data-gtm-event=\"customEventSPE\" data-fig-domain=\"LEFIGARO\" target=\"_blank\" rel=\"noopener\">collectionne les mauvaises notes<\/a>. Fitch a\u00a0d\u00e9grad\u00e9 la note de la France le 13\u00a0septembre dernier, en raison de son instabilit\u00e9 politique persistante et des incertitudes budg\u00e9taires.<\/p>\n<p class=\"fig-paragraph\">Encore vendredi, l\u2019Hexagone a re\u00e7u un nouvel avertissement, de l\u2019agence de notation Scope Ratings. Cette derni\u00e8re a confirm\u00e9 la note de la dette fran\u00e7aise, apr\u00e8s l\u2019avoir d\u00e9grad\u00e9e il y a un an. Mais elle a r\u00e9vis\u00e9 sa perspective de stable \u00e0 n\u00e9gative. Motif\u00a0: un \u00ab\u00a0risque d\u2019impasse l\u00e9gislative\u00a0\u00bb sur le budget. La France serait-elle le nouveau cancre de la zone euro\u00a0?<\/p>\n","protected":false},"excerpt":{"rendered":"Apr\u00e8s l\u2019Italie et le Portugal, l\u2019Espagne vient de voir ses efforts salu\u00e9s par Fitch et Moody\u2019s. Tout le&hellip;\n","protected":false},"author":2,"featured_media":424967,"comment_status":"","ping_status":"","sticky":false,"template":"","format":"standard","meta":{"footnotes":""},"categories":[6],"tags":[35,7993,33,34,1011,27],"class_list":{"0":"post-424966","1":"post","2":"type-post","3":"status-publish","4":"format-standard","5":"has-post-thumbnail","7":"category-economie","8":"tag-business","9":"tag-dette-publique","10":"tag-economie","11":"tag-economy","12":"tag-fr","13":"tag-france"},"share_on_mastodon":{"url":"https:\/\/pubeurope.com\/@fr\/115284942859906511","error":""},"_links":{"self":[{"href":"https:\/\/www.europesays.com\/fr\/wp-json\/wp\/v2\/posts\/424966","targetHints":{"allow":["GET"]}}],"collection":[{"href":"https:\/\/www.europesays.com\/fr\/wp-json\/wp\/v2\/posts"}],"about":[{"href":"https:\/\/www.europesays.com\/fr\/wp-json\/wp\/v2\/types\/post"}],"author":[{"embeddable":true,"href":"https:\/\/www.europesays.com\/fr\/wp-json\/wp\/v2\/users\/2"}],"replies":[{"embeddable":true,"href":"https:\/\/www.europesays.com\/fr\/wp-json\/wp\/v2\/comments?post=424966"}],"version-history":[{"count":0,"href":"https:\/\/www.europesays.com\/fr\/wp-json\/wp\/v2\/posts\/424966\/revisions"}],"wp:featuredmedia":[{"embeddable":true,"href":"https:\/\/www.europesays.com\/fr\/wp-json\/wp\/v2\/media\/424967"}],"wp:attachment":[{"href":"https:\/\/www.europesays.com\/fr\/wp-json\/wp\/v2\/media?parent=424966"}],"wp:term":[{"taxonomy":"category","embeddable":true,"href":"https:\/\/www.europesays.com\/fr\/wp-json\/wp\/v2\/categories?post=424966"},{"taxonomy":"post_tag","embeddable":true,"href":"https:\/\/www.europesays.com\/fr\/wp-json\/wp\/v2\/tags?post=424966"}],"curies":[{"name":"wp","href":"https:\/\/api.w.org\/{rel}","templated":true}]}}