{"id":424988,"date":"2025-09-29T01:33:16","date_gmt":"2025-09-29T01:33:16","guid":{"rendered":"https:\/\/www.europesays.com\/fr\/424988\/"},"modified":"2025-09-29T01:33:16","modified_gmt":"2025-09-29T01:33:16","slug":"thauvin-le-dragster-lepaul-un-n9-tout-neuf-gradit-desolant-beye-desesperant-les-tops-et-flops","status":"publish","type":"post","link":"https:\/\/www.europesays.com\/fr\/424988\/","title":{"rendered":"Thauvin le dragster, Lepaul un n\u00b09 \u00abtout neuf\u00bb, Gradit d\u00e9solant, Beye d\u00e9sesp\u00e9rant&#8230; Les tops et flops"},"content":{"rendered":"<p>En cl\u00f4ture de la 6e journ\u00e9e de Ligue 1, Rennais et Lensois ont partag\u00e9 les points dimanche soir, au Roazhon Park (0-0). D\u00e9couvrez ce qui a plu&#8230; et d\u00e9plu \u00e0 la r\u00e9daction du Figaro.<\/p>\n<p class=\"fig-paragraph\"><strong>TOPS<\/strong><\/p>\n<p>Florian Thauvin le dragster<\/p>\n<p class=\"fig-paragraph\">Depuis son retour en France et\u00a0<a href=\"http:\/\/www.lefigaro.fr\/sports\/football\/transferts\/foot-quatre-ans-apres-son-depart-de-l-om-que-vaut-florian-thauvin-proche-de-signer-a-lens-20250804\" data-fig-type=\"NewsFlash\" data-gtm-custom-categorie=\"navigation\" data-gtm-custom-action=\"crossclick\" data-gtm-custom-label=\"Contextuel\" data-gtm-event=\"customEventSPE\" data-fig-domain=\"LEFIGARO\" target=\"_blank\" rel=\"noopener\">son arriv\u00e9e \u00e0 Lens<\/a>, le champion du monde 2018 semble avoir retrouv\u00e9 le niveau qui enthousiasmait ses anciens supporters. En cette nouvelle saison, l\u2019ancien Marseillais a d\u00e9montr\u00e9 qu\u2019il \u00e9tait plus qu\u2019un simple renfort\u00a0: d\u00e9termin\u00e9, pr\u00e9cis dans ses interventions et capable de faire la diff\u00e9rence dans les moments cl\u00e9s. Sa palette technique demeure toujours aussi large. Dimanche soir, lors du\u00a0<a href=\"http:\/\/www.lefigaro.fr\/sports\/football\/ligue-1\/ligue-1-a-10-contre-11-lens-prend-un-point-a-rennes-20250928\" data-fig-type=\"NewsFlash\" data-gtm-custom-categorie=\"navigation\" data-gtm-custom-action=\"crossclick\" data-gtm-custom-label=\"Contextuel\" data-gtm-event=\"customEventSPE\" data-fig-domain=\"LEFIGARO\" target=\"_blank\" rel=\"noopener\">match nul entre le Stade Rennais et le RCL<\/a>\u00a0(<a href=\"https:\/\/www.lefigaro.fr\/sports\/football\/live\/ligue-1\/2025\/2568480\/rennes-lens\" data-fig-type=\"Live\" data-gtm-custom-categorie=\"navigation\" data-gtm-custom-action=\"crossclick\" data-gtm-custom-label=\"Contextuel\" data-gtm-event=\"customEventSPE\" data-fig-domain=\"LEFIGARO\" target=\"_blank\" rel=\"noopener\">0-0<\/a>), nous en avons encore eu la preuve.<\/p>\n<p>                                    <a class=\"fig-a11y-skip a11y-hidden\" href=\"#fig-a11y-skip-main-inarticle\"><br \/>\n        Passer la publicit\u00e9<br \/>\n    <\/a><\/p>\n<p class=\"fig-paragraph\">Le meneur de jeu nordiste n\u2019a cess\u00e9 de percuter, de provoquer, de rentrer \u00e0 l\u2019int\u00e9rieur du jeu, sur son pied fort, le gauche. Quasiment 70 ballons touch\u00e9s pour lui face aux Bretons, avec pas loin de 70 % de passes r\u00e9ussies ainsi que sept occasions cr\u00e9\u00e9es \u00e0 son tableau de chasse. L\u2019homme fort de l\u2019attaque art\u00e9sienne, v\u00e9ritable plaque tournante des offensives de l\u2019\u00e9quipe de\u00a0<a href=\"http:\/\/www.lefigaro.fr\/sports\/football\/ligue-1\/ligue-1-lens-fait-le-choix-pierre-sage-20250602\" data-fig-type=\"NewsFlash\" data-gtm-custom-categorie=\"navigation\" data-gtm-custom-action=\"crossclick\" data-gtm-custom-label=\"Contextuel\" data-gtm-event=\"customEventSPE\" data-fig-domain=\"LEFIGARO\" target=\"_blank\" rel=\"noopener\">Pierre Sage<\/a>. D\u00e9j\u00e0 indispensable.<\/p>\n<p>Est\u00e9ban Lepaul, \u00abpur\u00bb n\u00b09<\/p>\n<p class=\"fig-paragraph\">Lui aussi impressionne. Et dans un style diff\u00e9rent.\u00a0<a href=\"http:\/\/www.lefigaro.fr\/sports\/football\/transferts\/mercato-rennes-casse-sa-tirelire-et-engage-l-attaquant-angevin-lepaul-20250828\" data-fig-type=\"NewsFlash\" data-gtm-custom-categorie=\"navigation\" data-gtm-custom-action=\"crossclick\" data-gtm-custom-label=\"Contextuel\" data-gtm-event=\"customEventSPE\" data-fig-domain=\"LEFIGARO\" target=\"_blank\" rel=\"noopener\">Plus \u00abgrosse\u00bb recrue rennaise cet \u00e9t\u00e9<\/a>, arriv\u00e9 en provenance d\u2019Angers pour 15 M\u20ac, l\u2019avant-centre de 25 ans a mis en exergue l\u2019int\u00e9gralit\u00e9 de ses qualit\u00e9s qui font de lui un \u00abvrai\u00bb buteur, ou \u00abrenard des surfaces\u00bb. En t\u00e9moigne son sublime ciseau acrobatique en fin de match (84e), par\u00e9 par la main ferme de Brice Samba. Au-del\u00e0 de cette action spectaculaire, l\u2019ancien attaquant du SCO termine la rencontre avec trois tirs au compteur. Un danger permanent pour la d\u00e9fense adverse.<\/p>\n<p class=\"fig-body-link\">\n            \u00c0 lire aussi<br \/>\n        <a class=\"fig-body-link__link\" href=\"http:\/\/www.lefigaro.fr\/sports\/football\/ligue-1\/ligue-1-a-10-contre-11-lens-prend-un-point-a-rennes-20250928\" data-fig-type=\"NewsFlash\" data-gtm-custom-categorie=\"navigation\" data-gtm-custom-action=\"crossclick\" data-gtm-custom-label=\"Contextuel\" data-gtm-event=\"customEventSPE\" data-fig-domain=\"LEFIGARO\" target=\"_blank\" rel=\"noopener\">Ligue 1\u00a0: \u00e0 10 contre 11, Lens prend un point \u00e0 Rennes<br \/>\n    <\/a>\n<\/p>\n<p>L\u2019abn\u00e9gation nordiste<\/p>\n<p class=\"fig-paragraph\">Ils n\u2019ont rien l\u00e2ch\u00e9. Tr\u00e8s vite affaiblis et r\u00e9duits \u00e0 10 contre 11 suite \u00e0 l\u2019expulsion extr\u00eamement pr\u00e9matur\u00e9e de Jonathan Gradit (1e), on pouvait promettre le supplice aux Sang et Or. Il n\u2019en a rien \u00e9t\u00e9, bien au contraire. En inf\u00e9riorit\u00e9 num\u00e9rique, les Nordistes ont \u00e9t\u00e9 galvanis\u00e9s et ont cr\u00e2nement jou\u00e9 leur chance. La premi\u00e8re p\u00e9riode leur revient naturellement, au vu des occasions et des situations offensives qu\u2019ils se sont procur\u00e9es. C\u2019est au point o\u00f9 l\u2019on pouvait m\u00eame se demander si ce n\u2019\u00e9tait pas le Stade Rennais en inf\u00e9riorit\u00e9 sur la pelouse&#8230; C\u2019est dire. Ce RCL de Pierre Sage, depuis la reprise du championnat, para\u00eet vraiment coh\u00e9rent et prometteur.<\/p>\n<p class=\"fig-paragraph\"><strong>FLOPS<\/strong><\/p>\n<p>48 secondes et \u00abmerci au revoir\u00bb Jonathan Gradit<\/p>\n<p class=\"fig-paragraph\">Il aura fallu attendre moins d\u2019une minute dimanche soir pour assister au tournant du match. \u00c0 la tra\u00eene sur une passe en profondeur de Ludovic Blas \u00e0 destination de son ancien co\u00e9quipier\u00a0<a href=\"http:\/\/www.lefigaro.fr\/sports\/football\/ligue-1\/ligue-1-seko-fofana-signe-jusqu-en-2029-a-rennes-20250101\" data-fig-type=\"NewsFlash\" data-gtm-custom-categorie=\"navigation\" data-gtm-custom-action=\"crossclick\" data-gtm-custom-label=\"Contextuel\" data-gtm-event=\"customEventSPE\" data-fig-domain=\"LEFIGARO\" target=\"_blank\" rel=\"noopener\">Seko Fofana<\/a>, le d\u00e9fenseur lensois a commis une grotesque faute \u00e0 retardement. Sentence\u00a0? Carton rouge direct. Sur la premi\u00e8re action du match, qui plus est. Son \u00e9quipe partait pour 90 minutes de dur labeur. Chapeau. Quatri\u00e8me joueur de l\u2019histoire de la L1 a regagn\u00e9 les vestiaires aussi rapidement. (Tristement) dans l\u2019histoire.<\/p>\n<p class=\"fig-body-link\">\n            \u00c0 lire aussi<br \/>\n        <a class=\"fig-body-link__link\" href=\"http:\/\/www.lefigaro.fr\/sports\/football\/ligue-1\/ligue-1-lyon-couche-lille-dans-un-match-tendu-et-rejoint-le-psg-en-tete-20250928\" data-fig-type=\"NewsFlash\" data-gtm-custom-categorie=\"navigation\" data-gtm-custom-action=\"crossclick\" data-gtm-custom-label=\"Contextuel\" data-gtm-event=\"customEventSPE\" data-fig-domain=\"LEFIGARO\" target=\"_blank\" rel=\"noopener\">Ligue 1\u00a0: Lyon couche Lille dans un match tendu et rejoint le PSG en t\u00eate<br \/>\n    <\/a>\n<\/p>\n<p>                                    <a class=\"fig-a11y-skip a11y-hidden\" href=\"#fig-a11y-skip-main-inarticle_mtf\"><br \/>\n        Passer la publicit\u00e9<br \/>\n    <\/a><\/p>\n<p>Le Stade Rennais d\u2019Habib beye compl\u00e8tement illisible<\/p>\n<p class=\"fig-paragraph\">Si l\u2019on tire le bilan de l\u2019entra\u00eeneur de 47 ans depuis son arriv\u00e9e la saison pass\u00e9e sur le banc breton, on peut (naturellement) se poser des questions&#8230; et faire la grimace. Des r\u00e9sultats plus qu\u2019inconstants, un jeu qui peine \u00e0 se mettre en place et des choix quelque peu&#8230; illisibles. \u00c0 l\u2019image du remplacement du jeune milieu de terrain de 21 ans Djaoui Ciss\u00e9 d\u00e8s la demi-heure de jeu pour faire entrer&#8230; Mousa Al-Tamari, un profil offensif. Quelle est la plus value et l\u2019int\u00e9r\u00eat de faire sortir un milieu &#8211; qui peut se projeter &#8211; pour un attaquant, qui va laisser un trou b\u00e9ant et de l\u2019espace \u00e0 combler dans l\u2019entrejeu\u00a0? Bonne question. Le principal int\u00e9ress\u00e9 y r\u00e9pondra peut-\u00eatre (ou pas).<\/p>\n<p class=\"fig-paragraph\">Le fait est que, une nouvelle fois, les d\u00e9cisions de l\u2019ancien coach du Red Star semblent plus opaques et n\u00e9buleuses qu\u2019autre chose. Ces derni\u00e8res n\u2019ont absolument\u00a0<a href=\"http:\/\/www.lefigaro.fr\/sports\/football\/ligue-1\/ligue-1-deception-frustration-et-un-peu-d-incomprehension-pour-beye-apres-le-match-nul-de-rennes-a-nantes-20250920\" data-fig-type=\"NewsFlash\" data-gtm-custom-categorie=\"navigation\" data-gtm-custom-action=\"crossclick\" data-gtm-custom-label=\"Contextuel\" data-gtm-event=\"customEventSPE\" data-fig-domain=\"LEFIGARO\" target=\"_blank\" rel=\"noopener\">rien apport\u00e9 \u00e0 la formation bretonne<\/a>, si ce n\u2019est \u00e0 la rendre encore plus friable et coup\u00e9e en deux sur les offensives adverses. Les Lensois se sont r\u00e9gal\u00e9s et peuvent remercier monsieur Beye\u00a0!<\/p>\n","protected":false},"excerpt":{"rendered":"En cl\u00f4ture de la 6e journ\u00e9e de Ligue 1, Rennais et Lensois ont partag\u00e9 les points dimanche soir,&hellip;\n","protected":false},"author":2,"featured_media":424989,"comment_status":"","ping_status":"","sticky":false,"template":"","format":"standard","meta":{"footnotes":""},"categories":[2821],"tags":[1111,11,829,1777,674,43563,1011,27,66,12,2264,584,25,3087],"class_list":{"0":"post-424988","1":"post","2":"type-post","3":"status-publish","4":"format-standard","5":"has-post-thumbnail","7":"category-rennes","8":"tag-actu","9":"tag-actualites","10":"tag-bretagne","11":"tag-eu","12":"tag-europe","13":"tag-florian-thauvin","14":"tag-fr","15":"tag-france","16":"tag-ligue-1","17":"tag-news","18":"tag-rc-lens","19":"tag-rennes","20":"tag-republique-francaise","21":"tag-stade-rennais"},"share_on_mastodon":{"url":"https:\/\/pubeurope.com\/@fr\/115285013483534461","error":""},"_links":{"self":[{"href":"https:\/\/www.europesays.com\/fr\/wp-json\/wp\/v2\/posts\/424988","targetHints":{"allow":["GET"]}}],"collection":[{"href":"https:\/\/www.europesays.com\/fr\/wp-json\/wp\/v2\/posts"}],"about":[{"href":"https:\/\/www.europesays.com\/fr\/wp-json\/wp\/v2\/types\/post"}],"author":[{"embeddable":true,"href":"https:\/\/www.europesays.com\/fr\/wp-json\/wp\/v2\/users\/2"}],"replies":[{"embeddable":true,"href":"https:\/\/www.europesays.com\/fr\/wp-json\/wp\/v2\/comments?post=424988"}],"version-history":[{"count":0,"href":"https:\/\/www.europesays.com\/fr\/wp-json\/wp\/v2\/posts\/424988\/revisions"}],"wp:featuredmedia":[{"embeddable":true,"href":"https:\/\/www.europesays.com\/fr\/wp-json\/wp\/v2\/media\/424989"}],"wp:attachment":[{"href":"https:\/\/www.europesays.com\/fr\/wp-json\/wp\/v2\/media?parent=424988"}],"wp:term":[{"taxonomy":"category","embeddable":true,"href":"https:\/\/www.europesays.com\/fr\/wp-json\/wp\/v2\/categories?post=424988"},{"taxonomy":"post_tag","embeddable":true,"href":"https:\/\/www.europesays.com\/fr\/wp-json\/wp\/v2\/tags?post=424988"}],"curies":[{"name":"wp","href":"https:\/\/api.w.org\/{rel}","templated":true}]}}