{"id":424990,"date":"2025-09-29T01:35:17","date_gmt":"2025-09-29T01:35:17","guid":{"rendered":"https:\/\/www.europesays.com\/fr\/424990\/"},"modified":"2025-09-29T01:35:17","modified_gmt":"2025-09-29T01:35:17","slug":"banderoles-pro-direction-troupe-de-theatre-pour-mettre-lambiance-et-contrer-la-greve-des-ultras-que-sest-il-passe-dans-les-tribunes-de-la-meinau-lors-de-strasbourg-om-2","status":"publish","type":"post","link":"https:\/\/www.europesays.com\/fr\/424990\/","title":{"rendered":"Banderoles pro-direction, troupe de th\u00e9\u00e2tre pour mettre l&rsquo;ambiance et contrer la gr\u00e8ve des ultras&#8230; Que s&rsquo;est-il pass\u00e9 dans les tribunes de la Meinau lors de Strasbourg-OM?"},"content":{"rendered":"<p class=\"mb-4 text-lg md:leading-8 break-words\">\u00ab\u00a0Tous unis derri\u00e8re notre club. Pr\u00e9sident, capitaine, joueurs et staff!\u00a0\u00bb Les banderoles d\u00e9ploy\u00e9es en tribune Est &#8211; face <a href=\"https:\/\/fr.news.yahoo.com\/sport\/aucune-envie-d%C3%A9foncer-cordes-vocales-155846623.html\" data-ylk=\"slk:aux ultras strasbourgeois muets;elm:context_link;itc:0;sec:content-canvas;outcm:mb_qualified_link;_E:mb_qualified_link;ct:story;\" class=\"link  yahoo-link\" target=\"_blank\" rel=\"noopener\">aux ultras strasbourgeois muets<\/a> &#8211; vendredi soir \u00e0 la Meinau <a href=\"https:\/\/rmcsport.bfmtv.com\/football\/ligue-1\/direct-strasbourg-om-suivez-le-match-de-la-6e-journee-de-ligue-1-en-live_LS-202509260415.html\" rel=\"nofollow noopener\" target=\"_blank\" data-ylk=\"slk:contre l&#039;OM;elm:context_link;itc:0;sec:content-canvas\" class=\"link \">contre l&rsquo;OM <\/a>ont surpris quelques-uns de ces derniers. Malgr\u00e9 la gr\u00e8ve des encouragements d\u00e9cr\u00e9t\u00e9e par quatre groupes, en opposition \u00e0 la direction sur la question de la multipropri\u00e9t\u00e9, l&rsquo;enceinte alsacienne a en effet pouss\u00e9 derri\u00e8re son \u00e9quipe et donn\u00e9 le ton d\u00e8s l&rsquo;avant-match, des drapeaux bleus et blancs flottant dans les trav\u00e9es de la Meinau.\u00a0Tambours, chants, \u00ab\u00a0Emegha\u00a0\u00bb scand\u00e9s lorsque l&rsquo;attaquant strasbourgeois restait au sol: l&rsquo;impression d&rsquo;une communion avec une bonne partie du stade \u00e9tait l\u00e0, quand la majorit\u00e9 de la tribune Ouest &#8211; celle des ultras &#8211; restait elle quasi silencieuse. Mais, d&rsquo;apr\u00e8s nos informations, ce soutien populaire a, en coulisses, \u00e9t\u00e9 largement facilit\u00e9 par le club.<\/p>\n<p class=\"mb-4 text-lg md:leading-8 break-words\">Pour que la Meinau donne de la voix contre Marseille, la direction n&rsquo;a pas h\u00e9sit\u00e9 \u00e0 mettre les moyens. Une troupe de th\u00e9\u00e2tre locale, \u00ab\u00a0Les Improvisateurs\u00a0\u00bb, \u00e9tait notamment pr\u00e9sente en tribunes. Maillots du Racing sur le dos et m\u00e9gaphone en mains, ses membres \u00e9taient l\u00e0 pour mettre l&rsquo;ambiance et faire oublier, en quelque sorte, le mutisme des ultras de la tribune Ouest. Ces com\u00e9diens, animateurs d&rsquo;un soir, avaient m\u00eame re\u00e7u une note&#8230; afin de lancer des chants tous les quarts d&rsquo;heures. Des chants pas franchement connus des int\u00e9ress\u00e9s, qui ont donc pour certains laiss\u00e9 le m\u00e9gaphone \u00e0 d&rsquo;anciens capos pr\u00e9sents \u00e0 proximit\u00e9. Le club avait m\u00eame envoy\u00e9 l&rsquo;un de ses salari\u00e9s dans la tribune pour v\u00e9rifier que l&rsquo;ambiance \u00e9tait bien au rendez-vous. \u00ab\u00a0Vous pouvez le laisser lancer les chants\u00a0\u00bb, aurait-il lanc\u00e9 \u00e0 un intermittent du spectacle en \u00e9voquant un ancien capo. \u00ab\u00a0Il g\u00e8re\u00a0\u00bb.<\/p>\n<p>Au club, on reconna\u00eet la pr\u00e9sence d&rsquo;une troupe d&rsquo;improvisation, mais assure que la majorit\u00e9 des associations de supporters va dans son sens<\/p>\n<p class=\"mb-4 text-lg md:leading-8 break-words\">La provenance de la fameuse banderole pro-direction a \u00e9galement \u00e9tonn\u00e9 certains membres d&rsquo;associations de supporters silencieuses. \u00ab\u00a0La typographie, la qualit\u00e9 de la banderole, on se doute que c&rsquo;est une banderole faite par le club. \u00c7a nous fait bien rire quand on entend ensuite le coach dire que 99% du stade \u00e9tait derri\u00e8re l&rsquo;\u00e9quipe\u00a0\u00bb, raille l&rsquo;un d&rsquo;eux. Et ce m\u00eame si trois autres associations revendiquent en \u00eatre \u00e0 l&rsquo;origine, dont les Racing Girls, groupe dont la proximit\u00e9 avec Sabryna Keller, la femme du pr\u00e9sident <a href=\"https:\/\/fr.news.yahoo.com\/sport\/acharnement-contre-multipropri%C3%A9t%C3%A9-r%C3%A9ponse-muscl%C3%A9e-104528630.html\" data-ylk=\"slk:Marc Keller;elm:context_link;itc:0;sec:content-canvas;outcm:mb_qualified_link;_E:mb_qualified_link;ct:story;\" class=\"link  yahoo-link\" target=\"_blank\" rel=\"noopener\">Marc Keller<\/a>, est connue. \u00ab\u00a0Tant pour l&rsquo;id\u00e9e que pour le texte, cette banderole est notre initiative\u00a0\u00bb, assure-t-on de leur c\u00f4t\u00e9. \u00ab\u00a0Le club y a particip\u00e9 de mani\u00e8re indirecte, comme il le faisait d\u00e9j\u00e0 par le pass\u00e9.\u00a0\u00bb<\/p>\n<p class=\"mb-4 text-lg md:leading-8 break-words\">Au sein du club on indique que l&rsquo;initiative vient des Racing Girls et que leur position n&rsquo;est pas isol\u00e9e, puisque 10 associations de supporters sur 14 auraient fait part de leur volont\u00e9 de soutenir l&rsquo;\u00e9quipe, se dissociant ainsi de la position des ultras. Sur la question des \u00ab\u00a0ambianceurs\u00a0\u00bb des tribunes, le club reconnait l\u00e0 que les personnes aper\u00e7ues avec une accr\u00e9ditation autour du cou \u00e9taient bien membres d&rsquo;une troupe d&rsquo;improvisation, mais que l&rsquo;initiative venait de leur c\u00f4t\u00e9, et non de la direction. En assurant surtout que tout le monde a agi b\u00e9n\u00e9volement, sans que personne ne soit pay\u00e9.<\/p>\n<p class=\"mb-4 text-lg md:leading-8 break-words\"><a href=\"https:\/\/rmcsport.bfmtv.com\/football\/clubs\/rc-strasbourg\/banderoles-pro-direction-troupe-de-theatre-pour-mettre-l-ambiance-et-contrer-la-greve-des-ultras-que-s-est-il-passe-dans-les-tribunes-de-la-meinau-lors-de-strasbourg-om_AV-202509280200.html#xtor=AL-68\" rel=\"nofollow noopener\" target=\"_blank\" data-ylk=\"slk:Article original publi\u00e9 sur RMC Sport;elm:context_link;itc:0;sec:content-canvas\" class=\"link \">Article original publi\u00e9 sur RMC Sport<\/a><\/p>\n","protected":false},"excerpt":{"rendered":"\u00ab\u00a0Tous unis derri\u00e8re notre club. Pr\u00e9sident, capitaine, joueurs et staff!\u00a0\u00bb Les banderoles d\u00e9ploy\u00e9es en tribune Est &#8211; face&hellip;\n","protected":false},"author":2,"featured_media":424991,"comment_status":"","ping_status":"","sticky":false,"template":"","format":"standard","meta":{"footnotes":""},"categories":[2820],"tags":[1111,11,1777,674,1011,27,775,55414,35128,6563,12,25,640,55413,2336],"class_list":{"0":"post-424990","1":"post","2":"type-post","3":"status-publish","4":"format-standard","5":"has-post-thumbnail","7":"category-strasbourg","8":"tag-actu","9":"tag-actualites","10":"tag-eu","11":"tag-europe","12":"tag-fr","13":"tag-france","14":"tag-grand-est","15":"tag-intermittent-du-spectacle","16":"tag-la-tribune","17":"tag-le-club","18":"tag-news","19":"tag-republique-francaise","20":"tag-strasbourg","21":"tag-troupe-de-theatre","22":"tag-ultras"},"share_on_mastodon":{"url":"https:\/\/pubeurope.com\/@fr\/115285021344308403","error":""},"_links":{"self":[{"href":"https:\/\/www.europesays.com\/fr\/wp-json\/wp\/v2\/posts\/424990","targetHints":{"allow":["GET"]}}],"collection":[{"href":"https:\/\/www.europesays.com\/fr\/wp-json\/wp\/v2\/posts"}],"about":[{"href":"https:\/\/www.europesays.com\/fr\/wp-json\/wp\/v2\/types\/post"}],"author":[{"embeddable":true,"href":"https:\/\/www.europesays.com\/fr\/wp-json\/wp\/v2\/users\/2"}],"replies":[{"embeddable":true,"href":"https:\/\/www.europesays.com\/fr\/wp-json\/wp\/v2\/comments?post=424990"}],"version-history":[{"count":0,"href":"https:\/\/www.europesays.com\/fr\/wp-json\/wp\/v2\/posts\/424990\/revisions"}],"wp:featuredmedia":[{"embeddable":true,"href":"https:\/\/www.europesays.com\/fr\/wp-json\/wp\/v2\/media\/424991"}],"wp:attachment":[{"href":"https:\/\/www.europesays.com\/fr\/wp-json\/wp\/v2\/media?parent=424990"}],"wp:term":[{"taxonomy":"category","embeddable":true,"href":"https:\/\/www.europesays.com\/fr\/wp-json\/wp\/v2\/categories?post=424990"},{"taxonomy":"post_tag","embeddable":true,"href":"https:\/\/www.europesays.com\/fr\/wp-json\/wp\/v2\/tags?post=424990"}],"curies":[{"name":"wp","href":"https:\/\/api.w.org\/{rel}","templated":true}]}}