{"id":424996,"date":"2025-09-29T01:39:14","date_gmt":"2025-09-29T01:39:14","guid":{"rendered":"https:\/\/www.europesays.com\/fr\/424996\/"},"modified":"2025-09-29T01:39:14","modified_gmt":"2025-09-29T01:39:14","slug":"nemo-robur-et-quelques-autres-dans-sa-trilogie","status":"publish","type":"post","link":"https:\/\/www.europesays.com\/fr\/424996\/","title":{"rendered":"Nemo, Robur et quelques autres dans sa trilogie"},"content":{"rendered":"<p>Bruno Bourdet serait-il, toutes proportions gard\u00e9es, le fils cach\u00e9 de Jules Verne et de Ponson du Terrail\u00a0? Ce jeune auteur nantais qui v\u00e9n\u00e8re par-dessus tout le cr\u00e9ateur de Michel Strogoff et les feuilletonistes de la grande \u00e9poque vient en effet de sortir, en un seul volume, trois romans pour le moins \u00e9chevel\u00e9s, riches en r\u00e9f\u00e9rence et en clins d\u2019\u0153il \u00e0 ses auteurs de chevet et aux grands mythes de la culture populaire. Contant les aventures d\u2019Erwan et Ingrid, un duo de d\u00e9tectives \u00e9voluant dans une Belle \u00c9poque de haute fantaisie, ces r\u00e9cits, voulus tr\u00e9pidants, ont pour particularit\u00e9, outre leur rythme effr\u00e9n\u00e9, de faire revivre non seulement certains personnages de fiction mais \u00e9galement nombre de personnalit\u00e9s historiques. En courant apr\u00e8s sa fianc\u00e9e, r\u00e9guli\u00e8rement kidnapp\u00e9e, Erwan aura en effet l\u2019occasion de croiser, entre autres, Nemo, Robur voire Jules Verne en personne. \u00a0Un truc emprunt\u00e9 \u00e0 Eug\u00e8ne Sue\u00a0, reconna\u00eet notre romancier \u00e0 l\u2019imagination fertile. \u00a0Distiller un peu de r\u00e9el dans la fantaisie, et beaucoup de fantaisie dans le r\u00e9el, est d\u2019ailleurs depuis toujours une de mes recettes\u00a0.<\/p>\n<p><strong>Sur les traces de King Kong<\/strong><\/p>\n<p>\u00c0 ceci pr\u00e8s que chez notre ami nantais la fantaisie et l\u2019amour des r\u00e9f\u00e9rences l\u2019emportent de beaucoup sur le r\u00e9el. Ne craignant pas de verser dans l\u2019irrationnel, il n\u2019h\u00e9site d\u2019ailleurs pas \u00e0 abandonner son h\u00e9ro\u00efne sur une \u00eele infest\u00e9e de d\u00e9mons ou \u00e0 lancer son d\u00e9tective sur les traces d\u2019un primate c\u00e9l\u00e8bre. \u00a0Tout peut enflammer mon imagination\u00a0, conc\u00e8de-t-il. \u00a0Aussi bien une toile de B\u00f6cklin qu\u2019un classique des cin\u00e9math\u00e8ques\u00a0. Il n\u2019en reste pas moins que cet \u00e9tonnant cocktail empruntant tout autant au fantastique classique qu\u2019aux comics \u00e0 l\u2019am\u00e9ricaine a surpris plus d\u2019un \u00e9diteur. \u00a0J\u2019ai d\u2019abord essuy\u00e9 quelques refus. Mais du jour o\u00f9 j\u2019ai fait un envoi group\u00e9 de mes manuscrits Rivi\u00e8re Blanche, qui y a d\u00e9cel\u00e9 une th\u00e9matique commune, a \u00e9t\u00e9 suffisamment s\u00e9duit pour vouloir \u00e9diter cette premi\u00e8re trilogie. Ce qui me donne toute de m\u00eame l\u2019impression curieuse d\u2019entamer ma carri\u00e8re, sinon par mes \u0153uvres compl\u00e8tes, du moins par une anthologie\u00a0, s\u2019amuse-t-il.<\/p>\n<p>Robur et les myst\u00e9rieux rivages, collection \u00ab\u00a0Rivi\u00e8re Blanche\u00a0\u00bb, 349p., 30\u00a0\u20ac. www.riviereblanche.com<\/p>\n<p>\u00a0<\/p>\n","protected":false},"excerpt":{"rendered":"Bruno Bourdet serait-il, toutes proportions gard\u00e9es, le fils cach\u00e9 de Jules Verne et de Ponson du Terrail\u00a0? Ce&hellip;\n","protected":false},"author":2,"featured_media":424997,"comment_status":"","ping_status":"","sticky":false,"template":"","format":"standard","meta":{"footnotes":""},"categories":[2818],"tags":[1111,11,1777,674,1011,27,766,55311,12,2636,25,55415,18591],"class_list":{"0":"post-424996","1":"post","2":"type-post","3":"status-publish","4":"format-standard","5":"has-post-thumbnail","7":"category-nantes","8":"tag-actu","9":"tag-actualites","10":"tag-eu","11":"tag-europe","12":"tag-fr","13":"tag-france","14":"tag-nantes","15":"tag-nemo","16":"tag-news","17":"tag-pays-de-la-loire","18":"tag-republique-francaise","19":"tag-robur","20":"tag-trilogie"},"share_on_mastodon":{"url":"https:\/\/pubeurope.com\/@fr\/115285037207033715","error":""},"_links":{"self":[{"href":"https:\/\/www.europesays.com\/fr\/wp-json\/wp\/v2\/posts\/424996","targetHints":{"allow":["GET"]}}],"collection":[{"href":"https:\/\/www.europesays.com\/fr\/wp-json\/wp\/v2\/posts"}],"about":[{"href":"https:\/\/www.europesays.com\/fr\/wp-json\/wp\/v2\/types\/post"}],"author":[{"embeddable":true,"href":"https:\/\/www.europesays.com\/fr\/wp-json\/wp\/v2\/users\/2"}],"replies":[{"embeddable":true,"href":"https:\/\/www.europesays.com\/fr\/wp-json\/wp\/v2\/comments?post=424996"}],"version-history":[{"count":0,"href":"https:\/\/www.europesays.com\/fr\/wp-json\/wp\/v2\/posts\/424996\/revisions"}],"wp:featuredmedia":[{"embeddable":true,"href":"https:\/\/www.europesays.com\/fr\/wp-json\/wp\/v2\/media\/424997"}],"wp:attachment":[{"href":"https:\/\/www.europesays.com\/fr\/wp-json\/wp\/v2\/media?parent=424996"}],"wp:term":[{"taxonomy":"category","embeddable":true,"href":"https:\/\/www.europesays.com\/fr\/wp-json\/wp\/v2\/categories?post=424996"},{"taxonomy":"post_tag","embeddable":true,"href":"https:\/\/www.europesays.com\/fr\/wp-json\/wp\/v2\/tags?post=424996"}],"curies":[{"name":"wp","href":"https:\/\/api.w.org\/{rel}","templated":true}]}}