{"id":424998,"date":"2025-09-29T01:40:22","date_gmt":"2025-09-29T01:40:22","guid":{"rendered":"https:\/\/www.europesays.com\/fr\/424998\/"},"modified":"2025-09-29T01:40:22","modified_gmt":"2025-09-29T01:40:22","slug":"fc-nantes-vers-une-blessure-serieuse-pour-johann-lepenant","status":"publish","type":"post","link":"https:\/\/www.europesays.com\/fr\/424998\/","title":{"rendered":"FC Nantes. Vers une blessure s\u00e9rieuse pour Johann Lepenant\u00a0?"},"content":{"rendered":"<p>Le FC Nantes retient son souffle pour Johann Lepenant. Alors qu\u2019il livrait <a href=\"https:\/\/nantes.maville.com\/sport\/detail_-toulouse-fc-nantes.-les-trous-d-air-ont-coute-cher-aux-canaris-_8-6996379_actu.Htm\" target=\"_self\" rel=\"nofollow noopener\">un tr\u00e8s bon match \u00e0 Toulouse<\/a>, le milieu des Canaris a \u00e9t\u00e9 victime d\u2019un contact avec Casseres \u00e0 la 77e minute et s\u2019est \u00e9croul\u00e9 sur la pelouse. L\u2019ancien Caennais s\u2019est relev\u00e9 pour reprendre le jeu, avant de stopper son effort quatre minutes plus tard. Il a alors boit\u00e9 vers le banc de touche pour \u00eatre remplac\u00e9 par Kwon.<strong> \u00ab\u00a0J\u2019ai pris un coup sur le tibia,<\/strong> soufflait-il ensuite devant les journalistes, un gros bandage appliqu\u00e9 sur le bas de la jambe droite. <strong>J\u2019ai fait des tests et je dois en refaire demain<\/strong> (aujourd\u2019hui)<strong>. On ne sait pas encore si ce n\u2019est que musculaire ou si l\u2019os est un peu touch\u00e9.\u00a0\u00bb<\/strong><\/p>\n<p>Selon nos informations, le staff du FC Nantes craint une blessure s\u00e9rieuse de son milieu de terrain. Ce serait un \u00e9norme coup dur pour les Canaris au vu du bon d\u00e9but de saison de leur num\u00e9ro\u00a08.<\/p>\n<p><strong>Lire aussi\u00a0: <\/strong> <a href=\"https:\/\/nantes.maville.com\/sport\/detail_-toulouse-fc-nantes.-les-notes-des-nantais-lahdo-leroux-et-amian-en-clair-obscur-_8-6996304_actu.Htm\" target=\"_self\" rel=\"nofollow noopener\">Toulouse &#8211; FC Nantes. Les notes des Nantais\u00a0: Lahdo, Leroux et Amian en clair-obscur<\/a><\/p>\n<p>\u00a0<\/p>\n","protected":false},"excerpt":{"rendered":"Le FC Nantes retient son souffle pour Johann Lepenant. Alors qu\u2019il livrait un tr\u00e8s bon match \u00e0 Toulouse,&hellip;\n","protected":false},"author":2,"featured_media":424999,"comment_status":"","ping_status":"","sticky":false,"template":"","format":"standard","meta":{"footnotes":""},"categories":[2818],"tags":[1111,11,1431,1777,674,12087,1011,27,55417,24808,766,12,2636,25,55416],"class_list":{"0":"post-424998","1":"post","2":"type-post","3":"status-publish","4":"format-standard","5":"has-post-thumbnail","7":"category-nantes","8":"tag-actu","9":"tag-actualites","10":"tag-blessure","11":"tag-eu","12":"tag-europe","13":"tag-fc","14":"tag-fr","15":"tag-france","16":"tag-johann","17":"tag-lepenant","18":"tag-nantes","19":"tag-news","20":"tag-pays-de-la-loire","21":"tag-republique-francaise","22":"tag-serieuse"},"share_on_mastodon":{"url":"https:\/\/pubeurope.com\/@fr\/115285041054900403","error":""},"_links":{"self":[{"href":"https:\/\/www.europesays.com\/fr\/wp-json\/wp\/v2\/posts\/424998","targetHints":{"allow":["GET"]}}],"collection":[{"href":"https:\/\/www.europesays.com\/fr\/wp-json\/wp\/v2\/posts"}],"about":[{"href":"https:\/\/www.europesays.com\/fr\/wp-json\/wp\/v2\/types\/post"}],"author":[{"embeddable":true,"href":"https:\/\/www.europesays.com\/fr\/wp-json\/wp\/v2\/users\/2"}],"replies":[{"embeddable":true,"href":"https:\/\/www.europesays.com\/fr\/wp-json\/wp\/v2\/comments?post=424998"}],"version-history":[{"count":0,"href":"https:\/\/www.europesays.com\/fr\/wp-json\/wp\/v2\/posts\/424998\/revisions"}],"wp:featuredmedia":[{"embeddable":true,"href":"https:\/\/www.europesays.com\/fr\/wp-json\/wp\/v2\/media\/424999"}],"wp:attachment":[{"href":"https:\/\/www.europesays.com\/fr\/wp-json\/wp\/v2\/media?parent=424998"}],"wp:term":[{"taxonomy":"category","embeddable":true,"href":"https:\/\/www.europesays.com\/fr\/wp-json\/wp\/v2\/categories?post=424998"},{"taxonomy":"post_tag","embeddable":true,"href":"https:\/\/www.europesays.com\/fr\/wp-json\/wp\/v2\/tags?post=424998"}],"curies":[{"name":"wp","href":"https:\/\/api.w.org\/{rel}","templated":true}]}}