{"id":425002,"date":"2025-09-29T01:42:17","date_gmt":"2025-09-29T01:42:17","guid":{"rendered":"https:\/\/www.europesays.com\/fr\/425002\/"},"modified":"2025-09-29T01:42:17","modified_gmt":"2025-09-29T01:42:17","slug":"un-harcelement-sexuel-enflamme-une-municipalite-de-gironde","status":"publish","type":"post","link":"https:\/\/www.europesays.com\/fr\/425002\/","title":{"rendered":"un harc\u00e8lement sexuel enflamme une municipalit\u00e9 de Gironde"},"content":{"rendered":"<p>La fatigue de Chantal (1) est m\u00eal\u00e9e de fatalisme. La condamnation d\u00e9finitive de son sup\u00e9rieur hi\u00e9rarchique pour harc\u00e8lement sexuel, le 22\u00a0mai, n\u2019y a rien chang\u00e9. \u00ab\u00a0Le vilain petit canard, c\u2019est toujours moi. En d\u00e9posant plainte, <a href=\"https:\/\/www.sudouest.fr\/gironde\/harcelement-sexuel-a-la-mairie-de-leognan-cinq-exclusions-du-parti-socialiste-en-marge-de-l-affaire-26092805.php\" rel=\"nofollow noopener\" target=\"_blank\">j\u2019ai d\u00e9goupill\u00e9 une grenade<\/a>. On me fait ressentir que j\u2019aurais mieux fait de me taire.\u00a0\u00bb<\/p>\n<p>Cette secr\u00e9taire de direction de la mairie de L\u00e9ognan n\u2019a pas la force de revenir au bureau. \u00ab\u00a0Je me cache. Je fais les courses tr\u00e8s t\u00f4t. Les gens me scrutent, on m\u2019\u00e9vite. Certains ne me saluent plus. Je n\u2019en dors plus. J\u2019ai l\u2019impression que la coupable, c\u2019est moi.\u00a0\u00bb 61\u00a0ans, trente dans la commune de 10\u00a0000 habitants, pr\u00e8s de Bordeaux. Et la sensation de purger une peine sociale. Deux ans de suivi psychologique n\u2019ont pas effac\u00e9 l\u2019id\u00e9e.<\/p>\n<p>\u00ab\u00a0Humour\u00a0\u00bb gras<\/p>\n<p>Son harceleur paye sur le plan p\u00e9nal. Neuf mois de prison avec sursis et l\u2019affichage public de la d\u00e9cision en mairie. Le responsable des manifestations et c\u00e9r\u00e9monies doit verser 6\u00a0000\u00a0euros \u00e0 la victime. Le prix de quatre ans d\u2019enfer, entre 2018 et 2022.<\/p>\n<p>\u00ab\u00a0Je n\u2019avais plus de pr\u00e9nom. C\u2019\u00e9tait \u00ab\u00a0la catin\u00a0\u00bb, \u00ab\u00a0la vieille\u00a0\u00bb, \u00ab\u00a0le boudin\u00a0\u00bb.\u00a0\u00bb Plusieurs t\u00e9moins ont entendu les remarques d\u00e9plac\u00e9es sur sa poitrine. Certains ont vu les mains aux fesses ou les caresses forc\u00e9es. Des ann\u00e9es durant, personne n\u2019a rien dit. Surtout pas Chantal. \u00ab\u00a0Je me sentais bloqu\u00e9e. C\u2019est lui qu\u2019on aurait \u00e9cout\u00e9. Il \u00e9tait bien vu de la hi\u00e9rarchie.\u00a0\u00bb Son harceleur va jusqu\u2019\u00e0 s\u2019imposer lors de s\u00e9ances de kin\u00e9. Il l\u2019observe en sirotant un verre. La th\u00e9rapeute a d\u00e9crit aux enqu\u00eateurs \u00ab\u00a0une pr\u00e9sence g\u00eanante\u00a0\u00bb.<\/p>\n<p>L\u2019homme n\u2019a pas ni\u00e9 des mots d\u00e9plac\u00e9s. Il a dit aux juges n\u2019avoir pas eu conscience de harceler. Faire claquer les \u00e9lastiques du soutien-gorge de Chantal relevait \u00ab\u00a0de l\u2019humour\u00a0\u00bb. Devant les gendarmes, certains cadres l\u2019ont qualifi\u00e9 \u00ab\u00a0d\u2019un peu lourd\u00a0\u00bb. En d\u00e9crivant sa bienveillance, son professionnalisme ou sa gentillesse. \u00ab\u00a0Il n\u2019y a eu aucune compassion pour moi, estime Chantal. Personne ne m\u2019a appel\u00e9.\u00a0\u00bb<\/p>\n<p>Tribune et p\u00e9tition<\/p>\n<p>Un collectif de citoyens s\u2019en est \u00e9mu. Avec l\u2019assentiment de la victime, 24\u00a0ont sign\u00e9 une tribune publique, le 22\u00a0septembre. \u00ab\u00a0La collectivit\u00e9 n\u2019a pas pris toutes les mesures pour garantir la mise en \u0153uvre du jugement [\u2026], et la protection pleine et enti\u00e8re de la victime\u00a0\u00bb, \u00e9crivent-ils, quatre mois apr\u00e8s la fin de la proc\u00e9dure judiciaire, dans laquelle la mairie ne s\u2019est pas port\u00e9e partie civile.<\/p>\n<p>Une partie d\u2019entre eux sont, par ailleurs, candidats \u00e0 la prochaine \u00e9lection sur une liste citoyenne. \u00ab\u00a0Ce n\u2019est pas politique, \u00e9vacue Franck Martinet. Pour ne pas entretenir le syst\u00e8me, \u00e0 un moment, il fallait se mouiller.\u00a0\u00bb L\u2019ex-conseiller municipal a aussi lanc\u00e9 <a href=\"https:\/\/www.change.org\/p\/dignit%C3%A9-et-protection-des-victimes-de-violences-sexistes-dans-nos-services-publics?recruited_by_id=d1530be0-987d-11f0-ac3b-d3d7a13a79a1&amp;utm_source=share_petition&amp;utm_campaign=share_petition&amp;utm_term=share_petition&amp;utm_medium=copylink\" target=\"_blank\" rel=\"nofollow noopener\">une p\u00e9tition<\/a>, forte d\u2019une cinquantaine de signataires. \u00ab\u00a0Il ne se passe rien. C\u2019est cela qui nous heurte, \u00e9claire Claire Gobb\u00e9, professeure retrait\u00e9e. La victime est toujours en arr\u00eat. Pour son harceleur, la vie a repris.\u00a0\u00bb Ils demandent \u00ab\u00a0le respect strict des d\u00e9cisions de justice\u00a0\u00bb et \u00ab\u00a0la saisine du conseil de discipline afin que des sanctions adapt\u00e9es soient prises en interne\u00a0\u00bb.<\/p>\n<p>Le maire se d\u00e9fend de prot\u00e9ger qui que ce soit. \u00ab\u00a0Si des agressions sexistes me sont rapport\u00e9es, elles sont forc\u00e9ment combattues. Nous ex\u00e9cuterons le jugement. Quand il nous aura \u00e9t\u00e9 notifi\u00e9 officiellement\u00a0\u00bb, insiste <a href=\"https:\/\/www.sudouest.fr\/gironde\/leognan\/leognan-laurent-barban-ne-briguera-pas-un-nouveau-mandat-en-2026-24469027.php\" target=\"_blank\" rel=\"follow nofollow noopener\">Laurent Barban<\/a>. La commune a \u00e9crit au parquet, fin ao\u00fbt, pour acc\u00e9l\u00e9rer le mouvement. Le maire rappelle qu\u2019il a accord\u00e9 la protection fonctionnelle \u00e0 la plaignante. D\u00e8s la r\u00e9v\u00e9lation des faits, Chantal a \u00e9t\u00e9 chang\u00e9e de service. La formation de \u00ab\u00a0r\u00e9f\u00e9rents harc\u00e8lement\u00a0\u00bb est en cours.<\/p>\n<p>Mauvaise r\u00e9putation<\/p>\n<p>L\u2019\u00e9lu appuie sur l\u2019enqu\u00eate interne men\u00e9e d\u00e8s 2022. Elle a d\u00e9bouch\u00e9 sur des sanctions disciplinaires, jug\u00e9es \u00ab\u00a0justifi\u00e9es et proportionn\u00e9es\u00a0\u00bb par la justice. Trois jours de mise \u00e0 pied et un stage de sensibilisation que l\u2019auteur reconna\u00eet n\u2019avoir jamais suivi. \u00ab\u00a0Cela a \u00e9t\u00e9 prononc\u00e9 \u00e0 la lumi\u00e8re des faits connus \u00e0 l\u2019\u00e9poque, rappelle Me Lionel Bernadou, l\u2019avocat de la commune. On nous demande de recommencer. La loi n\u2019autorise pas d\u2019enqu\u00eater deux fois sur la m\u00eame chose.\u00a0\u00bb<\/p>\n<p>Reste des \u00e9l\u00e9ments p\u00e9riph\u00e9riques. \u00ab\u00a0Des choses ont \u00e9t\u00e9 mises sous le mouchoir\u00a0\u00bb, assure Chantal. Certaines, comme un \u00e9tat d\u2019alcoolisation au travail, apparaissent dans le jugement. De m\u00eame, cet \u00e9pisode survenu quand la victime a parl\u00e9. Le harceleur, puis le chef du p\u00f4le sports, se sont rendus chez elle. Le premier pour lui intimer de se taire. Le second pour l\u2019avertir \u00ab\u00a0qu\u2019elle allait avoir mauvaise r\u00e9putation\u00a0\u00bb, \u00e9crit le juge. \u00ab\u00a0Le maire peut en tirer les cons\u00e9quences et prendre des mesures\u00a0\u00bb, conc\u00e8de Me Bernadou. Quand le jugement sera arriv\u00e9 sur son bureau. Officiellement.<\/p>\n<p>(1) Le pr\u00e9nom a \u00e9t\u00e9 modifi\u00e9.<\/p>\n","protected":false},"excerpt":{"rendered":"La fatigue de Chantal (1) est m\u00eal\u00e9e de fatalisme. La condamnation d\u00e9finitive de son sup\u00e9rieur hi\u00e9rarchique pour harc\u00e8lement&hellip;\n","protected":false},"author":2,"featured_media":425003,"comment_status":"","ping_status":"","sticky":false,"template":"","format":"standard","meta":{"footnotes":""},"categories":[2817],"tags":[1111,11,1997,1777,674,1011,27,12,2219,25],"class_list":{"0":"post-425002","1":"post","2":"type-post","3":"status-publish","4":"format-standard","5":"has-post-thumbnail","7":"category-bordeaux","8":"tag-actu","9":"tag-actualites","10":"tag-bordeaux","11":"tag-eu","12":"tag-europe","13":"tag-fr","14":"tag-france","15":"tag-news","16":"tag-nouvelle-aquitaine","17":"tag-republique-francaise"},"share_on_mastodon":{"url":"https:\/\/pubeurope.com\/@fr\/115285048976936348","error":""},"_links":{"self":[{"href":"https:\/\/www.europesays.com\/fr\/wp-json\/wp\/v2\/posts\/425002","targetHints":{"allow":["GET"]}}],"collection":[{"href":"https:\/\/www.europesays.com\/fr\/wp-json\/wp\/v2\/posts"}],"about":[{"href":"https:\/\/www.europesays.com\/fr\/wp-json\/wp\/v2\/types\/post"}],"author":[{"embeddable":true,"href":"https:\/\/www.europesays.com\/fr\/wp-json\/wp\/v2\/users\/2"}],"replies":[{"embeddable":true,"href":"https:\/\/www.europesays.com\/fr\/wp-json\/wp\/v2\/comments?post=425002"}],"version-history":[{"count":0,"href":"https:\/\/www.europesays.com\/fr\/wp-json\/wp\/v2\/posts\/425002\/revisions"}],"wp:featuredmedia":[{"embeddable":true,"href":"https:\/\/www.europesays.com\/fr\/wp-json\/wp\/v2\/media\/425003"}],"wp:attachment":[{"href":"https:\/\/www.europesays.com\/fr\/wp-json\/wp\/v2\/media?parent=425002"}],"wp:term":[{"taxonomy":"category","embeddable":true,"href":"https:\/\/www.europesays.com\/fr\/wp-json\/wp\/v2\/categories?post=425002"},{"taxonomy":"post_tag","embeddable":true,"href":"https:\/\/www.europesays.com\/fr\/wp-json\/wp\/v2\/tags?post=425002"}],"curies":[{"name":"wp","href":"https:\/\/api.w.org\/{rel}","templated":true}]}}