{"id":425018,"date":"2025-09-29T01:54:15","date_gmt":"2025-09-29T01:54:15","guid":{"rendered":"https:\/\/www.europesays.com\/fr\/425018\/"},"modified":"2025-09-29T01:54:15","modified_gmt":"2025-09-29T01:54:15","slug":"pour-le-paris-fc-un-match-nul-arrache-qui-pourrait-tout-changer-cette-force-de-caractere-va-nous-servir","status":"publish","type":"post","link":"https:\/\/www.europesays.com\/fr\/425018\/","title":{"rendered":"Pour le Paris FC, un match nul arrach\u00e9 qui pourrait tout changer\u00a0: \u00ab\u00a0Cette force de caract\u00e8re va nous servir\u00a0\u00bb"},"content":{"rendered":"<p class=\"paragraph text_align_left lp-f-body-02\">Dans les tribunes de l\u2019Allianz Riviera, la d\u00e9l\u00e9gation <a href=\"https:\/\/www.leparisien.fr\/sports\/football\/paris-fc\/\" target=\"_self\" rel=\"nofollow noopener\">du Paris FC<\/a> autour d\u2019Antoine Arnault, Pierre Ferracci, Rai ou Marco Neppe, peut esquisser un sourire de soulagement. S\u2019il s\u2019\u00e9tait inclin\u00e9 \u00e0 <a href=\"https:\/\/www.leparisien.fr\/sports\/direct-om-paris-fc-suivez-le-deplacement-tres-attendu-des-parisiens-au-velodrome-23-08-2025-GUUHWO333RAZJJ4YOYOPBJR5Z4.php\" target=\"_blank\" rel=\"noreferrer nofollow noopener\">Marseille (5-2)<\/a> et <a href=\"https:\/\/www.leparisien.fr\/sports\/football\/paris-fc\/paris-fc-strasbourg-2-3-il-faut-faire-moins-de-cadeaux-chez-le-promu-parisien-du-spectacle-mais-des-limites-21-09-2025-2BN3IXQR2NE2BAIECU7N3CN2ZM.php\" target=\"_self\" rel=\"nofollow noopener\">face \u00e0 Strasbourg (2-3)<\/a>, le promu parisien a ramen\u00e9 <a href=\"https:\/\/www.leparisien.fr\/sports\/football\/ligue-1\/nice-paris-fc-1-1-les-parisiens-arrachent-un-point-en-fin-de-match-apres-90-minutes-accrochees-28-09-2025-RPOQGF24TVD47DOBSZ7CR76Y54.php\" target=\"_blank\" rel=\"noreferrer nofollow noopener\">un bon nul (1-1)<\/a> de ce d\u00e9placement chez un autre europ\u00e9en, Nice. Ce point arrach\u00e9 \u00e0 la 88e minute gr\u00e2ce \u00e0 un p\u00e9nalty de Jean-Philippe Krasso, qui \u00e9vite une 4e d\u00e9faite en six matchs, modifie forc\u00e9ment la lecture et la perception de son d\u00e9but de saison.<\/p>\n<p class=\"paragraph text_align_left lp-f-body-02\">Avec 7 unit\u00e9s au compteur, le Paris FC est dans les temps de son objectif avou\u00e9, un maintien tranquille. \u00ab On joue tous les matchs pour les gagner, on ne fait pas de bilan mais c\u2019est toujours bien de faire tourner la machine m\u00eame avec un point \u00bb, confie ainsi Krasso.<\/p>\n","protected":false},"excerpt":{"rendered":"Dans les tribunes de l\u2019Allianz Riviera, la d\u00e9l\u00e9gation du Paris FC autour d\u2019Antoine Arnault, Pierre Ferracci, Rai ou&hellip;\n","protected":false},"author":2,"featured_media":425019,"comment_status":"","ping_status":"","sticky":false,"template":"","format":"standard","meta":{"footnotes":""},"categories":[1888],"tags":[1111,1928,11,1927,1777,674,63,1011,27,66,12,1926,626,1925,25,60],"class_list":{"0":"post-425018","1":"post","2":"type-post","3":"status-publish","4":"format-standard","5":"has-post-thumbnail","7":"category-paris","8":"tag-actu","9":"tag-actu-paris","10":"tag-actualites","11":"tag-actualites-paris","12":"tag-eu","13":"tag-europe","14":"tag-football","15":"tag-fr","16":"tag-france","17":"tag-ligue-1","18":"tag-news","19":"tag-news-paris","20":"tag-paris","21":"tag-paris-news","22":"tag-republique-francaise","23":"tag-sports"},"share_on_mastodon":{"url":"https:\/\/pubeurope.com\/@fr\/115285096280965846","error":""},"_links":{"self":[{"href":"https:\/\/www.europesays.com\/fr\/wp-json\/wp\/v2\/posts\/425018","targetHints":{"allow":["GET"]}}],"collection":[{"href":"https:\/\/www.europesays.com\/fr\/wp-json\/wp\/v2\/posts"}],"about":[{"href":"https:\/\/www.europesays.com\/fr\/wp-json\/wp\/v2\/types\/post"}],"author":[{"embeddable":true,"href":"https:\/\/www.europesays.com\/fr\/wp-json\/wp\/v2\/users\/2"}],"replies":[{"embeddable":true,"href":"https:\/\/www.europesays.com\/fr\/wp-json\/wp\/v2\/comments?post=425018"}],"version-history":[{"count":0,"href":"https:\/\/www.europesays.com\/fr\/wp-json\/wp\/v2\/posts\/425018\/revisions"}],"wp:featuredmedia":[{"embeddable":true,"href":"https:\/\/www.europesays.com\/fr\/wp-json\/wp\/v2\/media\/425019"}],"wp:attachment":[{"href":"https:\/\/www.europesays.com\/fr\/wp-json\/wp\/v2\/media?parent=425018"}],"wp:term":[{"taxonomy":"category","embeddable":true,"href":"https:\/\/www.europesays.com\/fr\/wp-json\/wp\/v2\/categories?post=425018"},{"taxonomy":"post_tag","embeddable":true,"href":"https:\/\/www.europesays.com\/fr\/wp-json\/wp\/v2\/tags?post=425018"}],"curies":[{"name":"wp","href":"https:\/\/api.w.org\/{rel}","templated":true}]}}