{"id":425020,"date":"2025-09-29T01:55:30","date_gmt":"2025-09-29T01:55:30","guid":{"rendered":"https:\/\/www.europesays.com\/fr\/425020\/"},"modified":"2025-09-29T01:55:30","modified_gmt":"2025-09-29T01:55:30","slug":"nice-paris-fc-1-1-les-parisiens-arrachent-un-point-en-fin-de-match-apres-90-minutes-accrochees","status":"publish","type":"post","link":"https:\/\/www.europesays.com\/fr\/425020\/","title":{"rendered":"Nice &#8211; Paris FC (1-1)\u00a0: les Parisiens arrachent un point en fin de match apr\u00e8s 90 minutes accroch\u00e9es"},"content":{"rendered":"<p class=\"paragraph text_align_left lp-f-body-02\">Peu de spectacle \u00e0 l\u2019Allianz Riviera ce dimanche apr\u00e8s-midi pour la 6e Journ\u00e9e de <a href=\"https:\/\/www.leparisien.fr\/sports\/football\/ligue-1\/\" target=\"_self\" rel=\"nofollow noopener\">Ligue 1<\/a>. Au terme de 90 minutes assez longues, parfois soporifiques, le<a href=\"https:\/\/www.leparisien.fr\/sports\/football\/paris-fc\/\" target=\"_self\" rel=\"nofollow noopener\"> Paris FC <\/a>a arrach\u00e9 le nul sur un p\u00e9nalty face au Gym. Les hommes de <a href=\"https:\/\/www.leparisien.fr\/sports\/football\/ligue-1\/je-ne-me-sens-pas-en-danger-malgre-les-changements-au-paris-fc-stephane-gilli-garde-le-cap-26-09-2025-IHXOG324FRDY5OIGU6MIOXXHI4.php\" target=\"_self\" rel=\"nofollow noopener\">St\u00e9phane Gilli<\/a> repartent de la C\u00f4te d\u2019Azur avec un point pr\u00e9cieux obtenu contre un candidat \u00e0 l\u2019Europe.<\/p>\n<p>Geubbels a tout tent\u00e9<\/p>\n<p class=\"paragraph text_align_left lp-f-body-02\">C\u2019est pourtant au c\u0153ur du momentum parisien que les Ni\u00e7ois ouvrent le score. Apr\u00e8s une perte de balle malheureuse d\u2019Ilan Kebbal dans ses trente derniers m\u00e8tres, Mohamed-Ali Cho h\u00e9rite du ballon. D\u2019une passe en profondeur judicieuse dans la course de Sofiane Diop, il d\u00e9livre une passe d\u00e9cisive pour l\u2019ancien mon\u00e9gasque qui trompe ensuite Nkambadio d\u2019une frappe entre les jambes. \u00c0 la 40e minute, le Gym m\u00e8ne 1-0.<\/p>\n<p class=\"paragraph text_align_left lp-f-body-02\">En fin de premi\u00e8re p\u00e9riode, donc, les Parisiens commencent \u00e0 pousser en m\u00eame temps que Maxime Lopez pend le contr\u00f4le du milieu de terrain. Et au retour du vestiaire, Willem Geubbels tente \u00e0 de nombreuses reprises (5 frappes) mais est mis en \u00e9chec par les d\u00e9fenseurs ni\u00e7ois (52e, 55e) et Diouf (55e).<\/p>\n<p>Krasso sauveur<\/p>\n<p class=\"paragraph text_align_left lp-f-body-02\">Le Paris FC continue \u00e0 pousser mais sans vraiment se montrer dangereux, donnant l\u2019impression d\u2019avoir manqu\u00e9 sa chance. Il faut l\u2019interruption du match <a href=\"https:\/\/www.leparisien.fr\/sports\/football\/ligue-1\/nice-paris-fc-1-1-chants-homophobes-en-tribune-le-match-interrompu-quelques-minutes-28-09-2025-65SOA7TW45FLBFN6FOVOITY4XU.php\" target=\"_blank\" rel=\"noreferrer nofollow noopener\">\u00e0 cause de chants homophobes des supporters <\/a>ni\u00e7ois et une saute de concentration de Bombito dans sa surface pour offrir un p\u00e9nalty aux Parisiens.<\/p>\n<p class=\"paragraph text_align_left lp-f-body-02\">Jean-Philippe Krasso, entr\u00e9 un peu plus t\u00f4t \u00e0 la place d\u2019Adama Camara, se pr\u00e9sente face \u00e0 Diouf. Son sang-froid fait la diff\u00e9rence et le ballon fait trembler les filets, 1-1 (88e).<\/p>\n<p class=\"paragraph text_align_left lp-f-body-02\">Le match est de nouveau interrompu dans le temps additionnel avant de reprendre de nouveau et d\u2019aller au bout. B\u00eatise quand tu nous tiens.<\/p>\n<p class=\"paragraph text_align_left lp-f-body-02\">Pour conna\u00eetre les d\u00e9tails de ce match nul du Paris FC en C\u00f4te d\u2019Azur, rendez-vous sur le live sur <a href=\"https:\/\/www.leparisien.fr\/sports\/football\/ligue-1\/direct-nice-paris-fc-suivez-la-rencontre-des-parisiens-sur-la-cote-dazur-28-09-2025-WBNCTPH5QJCO5EBDTVVUIFPKXY.php\" target=\"_self\" rel=\"nofollow noopener\">leparisien.fr<\/a>.<\/p>\n","protected":false},"excerpt":{"rendered":"Peu de spectacle \u00e0 l\u2019Allianz Riviera ce dimanche apr\u00e8s-midi pour la 6e Journ\u00e9e de Ligue 1. Au terme&hellip;\n","protected":false},"author":2,"featured_media":425021,"comment_status":"","ping_status":"","sticky":false,"template":"","format":"standard","meta":{"footnotes":""},"categories":[1888],"tags":[1111,1928,11,1927,1777,674,63,1011,27,66,12,1926,626,1925,25,60],"class_list":{"0":"post-425020","1":"post","2":"type-post","3":"status-publish","4":"format-standard","5":"has-post-thumbnail","7":"category-paris","8":"tag-actu","9":"tag-actu-paris","10":"tag-actualites","11":"tag-actualites-paris","12":"tag-eu","13":"tag-europe","14":"tag-football","15":"tag-fr","16":"tag-france","17":"tag-ligue-1","18":"tag-news","19":"tag-news-paris","20":"tag-paris","21":"tag-paris-news","22":"tag-republique-francaise","23":"tag-sports"},"share_on_mastodon":{"url":"https:\/\/pubeurope.com\/@fr\/115285103617843447","error":""},"_links":{"self":[{"href":"https:\/\/www.europesays.com\/fr\/wp-json\/wp\/v2\/posts\/425020","targetHints":{"allow":["GET"]}}],"collection":[{"href":"https:\/\/www.europesays.com\/fr\/wp-json\/wp\/v2\/posts"}],"about":[{"href":"https:\/\/www.europesays.com\/fr\/wp-json\/wp\/v2\/types\/post"}],"author":[{"embeddable":true,"href":"https:\/\/www.europesays.com\/fr\/wp-json\/wp\/v2\/users\/2"}],"replies":[{"embeddable":true,"href":"https:\/\/www.europesays.com\/fr\/wp-json\/wp\/v2\/comments?post=425020"}],"version-history":[{"count":0,"href":"https:\/\/www.europesays.com\/fr\/wp-json\/wp\/v2\/posts\/425020\/revisions"}],"wp:featuredmedia":[{"embeddable":true,"href":"https:\/\/www.europesays.com\/fr\/wp-json\/wp\/v2\/media\/425021"}],"wp:attachment":[{"href":"https:\/\/www.europesays.com\/fr\/wp-json\/wp\/v2\/media?parent=425020"}],"wp:term":[{"taxonomy":"category","embeddable":true,"href":"https:\/\/www.europesays.com\/fr\/wp-json\/wp\/v2\/categories?post=425020"},{"taxonomy":"post_tag","embeddable":true,"href":"https:\/\/www.europesays.com\/fr\/wp-json\/wp\/v2\/tags?post=425020"}],"curies":[{"name":"wp","href":"https:\/\/api.w.org\/{rel}","templated":true}]}}