{"id":425023,"date":"2025-09-29T01:57:19","date_gmt":"2025-09-29T01:57:19","guid":{"rendered":"https:\/\/www.europesays.com\/fr\/425023\/"},"modified":"2025-09-29T01:57:19","modified_gmt":"2025-09-29T01:57:19","slug":"legislative-a-paris-michel-barnier-elu-depute-2","status":"publish","type":"post","link":"https:\/\/www.europesays.com\/fr\/425023\/","title":{"rendered":"L\u00e9gislative \u00e0 Paris\u00a0: Michel Barnier \u00e9lu d\u00e9put\u00e9"},"content":{"rendered":"<p>L\u2019ex-Premier ministre <a href=\"https:\/\/www.20minutes.fr\/dossier\/michel_barnier\" class=\"c-link c-link--is-underlined\" target=\"_blank\" rel=\"noopener\">Michel Barnier<\/a> (LR) a annonc\u00e9 dimanche soir sa victoire \u00e0 l\u2019<a href=\"https:\/\/www.20minutes.fr\/politique\/4174374-20250921-legislative-paris-michel-barnier-tete-1er-tour-affrontera-socialiste-frederique-bredin\" target=\"_blank\" class=\"c-link c-link--is-underlined\" rel=\"noopener\">\u00e9lection l\u00e9gislative partielle<\/a> dans la 2e circonscription de Paris, r\u00e9put\u00e9e imperdable pour la droite, avec \u00ab\u00a0plus de 62\u00a0%\u00a0\u00bb des suffrages exprim\u00e9s. Il \u00e9tait oppos\u00e9 \u00e0 la socialiste <a href=\"https:\/\/www.20minutes.fr\/cinema\/1180411-20130626-20130626-ancienne-ministre-frederique-bredin-nommee-presidente-cnc\" target=\"_blank\" class=\"c-link c-link--is-underlined\" rel=\"noopener\">Fr\u00e9d\u00e9rique Bredin<\/a>, ancienne ministre de <a href=\"https:\/\/www.20minutes.fr\/dossier\/francois_mitterrand\" class=\"c-link c-link--is-underlined\" target=\"_blank\" rel=\"noopener\">Fran\u00e7ois Mitterrand<\/a>, qui a obtenu 38\u00a0% des suffrages exprim\u00e9s.<\/p>\n<p>\u00ab\u00a0Mes premiers mots sont \u00e9videmment pour remercier tous les habitants et habitantes de la 2e circonscription qui nous ont apport\u00e9 leurs voix et leur confiance \u00e0 hauteur de plus de 62\u00a0% des suffrages exprim\u00e9s, et qui nous ont mis en t\u00eate dans les trois arrondissements de cette circonscription\u00a0\u00bb, \u00e0 cheval sur les Ve, VIe et VIIe, a d\u00e9clar\u00e9 Michel Barnier dans une courte d\u00e9claration \u00e0 la presse.<\/p>\n<\/p>\n<p>Le scrutin a cependant \u00e9t\u00e9 marqu\u00e9 par une importante abstention. Seuls 24\u00a0% des 74.000 parisiens inscrits sur les listes se sont rendus dans leur bureau de vote ce dimanche.<\/p>\n<p>Michel Barnier avait \u00e9t\u00e9 \u00e9lu d\u00e9put\u00e9 pour la premi\u00e8re fois en\u00a01978 en Savoie.<\/p>\n","protected":false},"excerpt":{"rendered":"L\u2019ex-Premier ministre Michel Barnier (LR) a annonc\u00e9 dimanche soir sa victoire \u00e0 l\u2019\u00e9lection l\u00e9gislative partielle dans la 2e&hellip;\n","protected":false},"author":2,"featured_media":425024,"comment_status":"","ping_status":"","sticky":false,"template":"","format":"standard","meta":{"footnotes":""},"categories":[1888],"tags":[47,11,416,422,12122,1777,674,1011,27,662,8335,27636,12,626,316,3363,1306,25],"class_list":{"0":"post-425023","1":"post","2":"type-post","3":"status-publish","4":"format-standard","5":"has-post-thumbnail","7":"category-paris","8":"tag-actualite","9":"tag-actualites","10":"tag-assemblee-nationale","11":"tag-depute","12":"tag-elections-legislatives-2024","13":"tag-eu","14":"tag-europe","15":"tag-fr","16":"tag-france","17":"tag-ile-de-france","18":"tag-les-republicains-lr","19":"tag-michel-barnier","20":"tag-news","21":"tag-paris","22":"tag-politique","23":"tag-premier-ministre","24":"tag-regions","25":"tag-republique-francaise"},"share_on_mastodon":{"url":"","error":""},"_links":{"self":[{"href":"https:\/\/www.europesays.com\/fr\/wp-json\/wp\/v2\/posts\/425023","targetHints":{"allow":["GET"]}}],"collection":[{"href":"https:\/\/www.europesays.com\/fr\/wp-json\/wp\/v2\/posts"}],"about":[{"href":"https:\/\/www.europesays.com\/fr\/wp-json\/wp\/v2\/types\/post"}],"author":[{"embeddable":true,"href":"https:\/\/www.europesays.com\/fr\/wp-json\/wp\/v2\/users\/2"}],"replies":[{"embeddable":true,"href":"https:\/\/www.europesays.com\/fr\/wp-json\/wp\/v2\/comments?post=425023"}],"version-history":[{"count":0,"href":"https:\/\/www.europesays.com\/fr\/wp-json\/wp\/v2\/posts\/425023\/revisions"}],"wp:featuredmedia":[{"embeddable":true,"href":"https:\/\/www.europesays.com\/fr\/wp-json\/wp\/v2\/media\/425024"}],"wp:attachment":[{"href":"https:\/\/www.europesays.com\/fr\/wp-json\/wp\/v2\/media?parent=425023"}],"wp:term":[{"taxonomy":"category","embeddable":true,"href":"https:\/\/www.europesays.com\/fr\/wp-json\/wp\/v2\/categories?post=425023"},{"taxonomy":"post_tag","embeddable":true,"href":"https:\/\/www.europesays.com\/fr\/wp-json\/wp\/v2\/tags?post=425023"}],"curies":[{"name":"wp","href":"https:\/\/api.w.org\/{rel}","templated":true}]}}