{"id":425027,"date":"2025-09-29T01:59:13","date_gmt":"2025-09-29T01:59:13","guid":{"rendered":"https:\/\/www.europesays.com\/fr\/425027\/"},"modified":"2025-09-29T01:59:13","modified_gmt":"2025-09-29T01:59:13","slug":"orban-et-fico-sopposent-a-lelimination-des-importations-denergie-russe-voulue-par-lue-2","status":"publish","type":"post","link":"https:\/\/www.europesays.com\/fr\/425027\/","title":{"rendered":"Orb\u00e1n et Fico s&rsquo;opposent \u00e0 l&rsquo;\u00e9limination des importations d&rsquo;\u00e9nergie russe voulue par l&rsquo;UE"},"content":{"rendered":"<p class=\"mb-4 text-lg md:leading-8 break-words\">Le Premier ministre hongrois Viktor Orb\u00e1n et son homologue slovaque Robert Fico se sont oppos\u00e9s dimanche au projet de l&rsquo;UE d&rsquo;\u00e9liminer progressivement les importations de p\u00e9trole et du gaz russes en r\u00e9ponse \u00e0 la <a href=\"https:\/\/fr.news.yahoo.com\/ukraine-pr%C3%A8s-500-drones-50-101909351.html\" data-ylk=\"slk:guerre d&#039;agression de Moscou en Ukraine;elm:context_link;itc:0;sec:content-canvas;outcm:mb_qualified_link;_E:mb_qualified_link;ct:story;\" class=\"link  yahoo-link\" target=\"_blank\" rel=\"noopener\"><strong>guerre d&rsquo;agression de Moscou en Ukraine<\/strong><\/a>.<\/p>\n<p class=\"mb-4 text-lg md:leading-8 break-words\">Les deux dirigeants sont apparus ensemble \u00e0 l&rsquo;occasion du 130e anniversaire de la construction du pont M\u00e1ria Val\u00e9ria, qui relie \u0160t\u00farovo, en Slovaquie, et Esztergom, en Hongrie, en traversant le Danube.<\/p>\n<p>Des positions pro-russes qui font exception en Europe<\/p>\n<p class=\"mb-4 text-lg md:leading-8 break-words\">Viktor Orb\u00e1n et Robert Fico sont consid\u00e9r\u00e9s comme des exceptions au sein de l&rsquo;UE pour leur r\u00e9ticence \u00e0 couper les liens avec Moscou, ce qui s&rsquo;est refl\u00e9t\u00e9 dans leurs discours.<\/p>\n<p class=\"mb-4 text-lg md:leading-8 break-words\">\u00ab\u00a0Personne ne doit nous dire o\u00f9 acheter du p\u00e9trole et du gaz\u00a0\u00bb, a d\u00e9clar\u00e9 Robert Fico \u00e0 Esztergom, du c\u00f4t\u00e9 hongrois du pont. \u00ab\u00a0En vertu du droit international, c&rsquo;est un pays souverain qui d\u00e9cide de son bouquet \u00e9nerg\u00e9tique\u00a0\u00bb.<\/p>\n<p class=\"mb-4 text-lg md:leading-8 break-words\">\u00ab\u00a0Et je partage l&rsquo;avis du Premier ministre hongrois selon lequel la d\u00e9cision politique id\u00e9ologique de couper enti\u00e8rement l&rsquo;Europe du p\u00e9trole et du gaz russes ne nuira pas seulement \u00e0 la Hongrie et \u00e0 la Slovaquie, mais aussi \u00e0 l&rsquo;ensemble de l&rsquo;Union europ\u00e9enne\u00a0\u00bb, a ajout\u00e9 le dirigeant slovaque avant de c\u00e9der la place \u00e0 Viktor Orb\u00e1n.<\/p>\n<p><img alt=\"Le Premier ministre slovaque Robert Fico prononce un discours lors du 130e anniversaire du pont M\u00e1ria Valeria \u00e0 Esztergom, en Hongrie, le dimanche 28 septembre 2025\" loading=\"lazy\" width=\"808\" height=\"539\" decoding=\"async\" data-nimg=\"1\" class=\"rounded-lg\" style=\"color:transparent\" src=\"https:\/\/www.europesays.com\/fr\/wp-content\/uploads\/2025\/09\/00d8089d3301e6c795de19ca5a131c5f.jpeg\"\/><\/p>\n<p> Le Premier ministre slovaque Robert Fico prononce un discours lors du 130e anniversaire du pont M\u00e1ria Valeria \u00e0 Esztergom, en Hongrie, le dimanche 28 septembre 2025   &#8211; Denes Erdos\/Copyright 2024 The AP. Tous droits r\u00e9serv\u00e9s <\/p>\n<p class=\"mb-4 text-lg md:leading-8 break-words\">\u00ab\u00a0Tout comme les anciens empires qui nous gouvernaient, l&rsquo;Union europ\u00e9enne est devenue un projet de guerre\u00a0\u00bb, a affirm\u00e9 le Premier ministre hongrois. \u00ab\u00a0Aujourd&rsquo;hui, lorsque Bruxelles parle de paix en Europe, cela signifie en fait la guerre\u00a0\u00bb.<\/p>\n<p class=\"mb-4 text-lg md:leading-8 break-words\">Les deux dirigeants se sont oppos\u00e9s \u00e0 des mesures rapides visant \u00e0 \u00e9liminer progressivement le p\u00e9trole et le gaz russes, en invoquant des consid\u00e9rations \u00e9conomiques et de s\u00e9curit\u00e9 \u00e9nerg\u00e9tique, alors que la majeure partie de l&rsquo;Europe cherche \u00e0 \u00e9liminer sa d\u00e9pendance \u00e0 l&rsquo;\u00e9gard des approvisionnements contr\u00f4l\u00e9s par le Kremlin.<\/p>\n<p class=\"mb-4 text-lg md:leading-8 break-words\"><b class=\"c-widget-related__title__text\">Related<\/b><\/p>\n<p class=\"mb-4 text-lg md:leading-8 break-words\">La position de Viktor Orb\u00e1n et de Robert Fico refl\u00e8te des strat\u00e9gies politiques plus larges fond\u00e9es sur une rh\u00e9torique populiste et nationaliste, ainsi qu&rsquo;une gouvernance illib\u00e9rale, qui remet en question les normes de l&rsquo;UE en mati\u00e8re d&rsquo;\u00e9quilibre des pouvoirs d\u00e9mocratiques.<\/p>\n<p class=\"mb-4 text-lg md:leading-8 break-words\">Les critiques soutiennent que leurs positions favorables au Kremlin sapent le front uni de l&rsquo;Europe contre la guerre de la Russie en Ukraine tout en renfor\u00e7ant leur pouvoir national.<\/p>\n","protected":false},"excerpt":{"rendered":"Le Premier ministre hongrois Viktor Orb\u00e1n et son homologue slovaque Robert Fico se sont oppos\u00e9s dimanche au projet&hellip;\n","protected":false},"author":2,"featured_media":425028,"comment_status":"","ping_status":"","sticky":false,"template":"","format":"standard","meta":{"footnotes":""},"categories":[1590],"tags":[11,55420,1777,674,17306,12,3363,27897,220,7247],"class_list":{"0":"post-425027","1":"post","2":"type-post","3":"status-publish","4":"format-standard","5":"has-post-thumbnail","7":"category-ukraine","8":"tag-actualites","9":"tag-esztergom","10":"tag-eu","11":"tag-europe","12":"tag-les-deux","13":"tag-news","14":"tag-premier-ministre","15":"tag-robert-fico","16":"tag-ukraine","17":"tag-viktor-orban"},"share_on_mastodon":{"url":"https:\/\/pubeurope.com\/@fr\/115285115953108508","error":""},"_links":{"self":[{"href":"https:\/\/www.europesays.com\/fr\/wp-json\/wp\/v2\/posts\/425027","targetHints":{"allow":["GET"]}}],"collection":[{"href":"https:\/\/www.europesays.com\/fr\/wp-json\/wp\/v2\/posts"}],"about":[{"href":"https:\/\/www.europesays.com\/fr\/wp-json\/wp\/v2\/types\/post"}],"author":[{"embeddable":true,"href":"https:\/\/www.europesays.com\/fr\/wp-json\/wp\/v2\/users\/2"}],"replies":[{"embeddable":true,"href":"https:\/\/www.europesays.com\/fr\/wp-json\/wp\/v2\/comments?post=425027"}],"version-history":[{"count":0,"href":"https:\/\/www.europesays.com\/fr\/wp-json\/wp\/v2\/posts\/425027\/revisions"}],"wp:featuredmedia":[{"embeddable":true,"href":"https:\/\/www.europesays.com\/fr\/wp-json\/wp\/v2\/media\/425028"}],"wp:attachment":[{"href":"https:\/\/www.europesays.com\/fr\/wp-json\/wp\/v2\/media?parent=425027"}],"wp:term":[{"taxonomy":"category","embeddable":true,"href":"https:\/\/www.europesays.com\/fr\/wp-json\/wp\/v2\/categories?post=425027"},{"taxonomy":"post_tag","embeddable":true,"href":"https:\/\/www.europesays.com\/fr\/wp-json\/wp\/v2\/tags?post=425027"}],"curies":[{"name":"wp","href":"https:\/\/api.w.org\/{rel}","templated":true}]}}