{"id":425050,"date":"2025-09-29T02:13:13","date_gmt":"2025-09-29T02:13:13","guid":{"rendered":"https:\/\/www.europesays.com\/fr\/425050\/"},"modified":"2025-09-29T02:13:13","modified_gmt":"2025-09-29T02:13:13","slug":"ogura-forfait-a-domicile-2","status":"publish","type":"post","link":"https:\/\/www.europesays.com\/fr\/425050\/","title":{"rendered":"Ogura forfait \u00e0 domicile"},"content":{"rendered":"<p>Toujours touch\u00e9 suite \u00e0 sa chute \u00e0 Misano il y a deux semaines, Ai Ogura (Trackhouse MotoGP\u2122 Team) ne participera pas au Grand Prix du Japon dimanche.<\/p>\n<p>Le h\u00e9ros local ressent une g\u00eane \u00e0 la main droite qui s&rsquo;est malheureusement accentu\u00e9e au fil du week-end. Apr\u00e8s le warm-up, le rookie s&rsquo;est rendu au centre m\u00e9dical et, afin de privil\u00e9gier son bien-\u00eatre et sa s\u00e9curit\u00e9, il a \u00e9t\u00e9 confirm\u00e9 qu&rsquo;il ne participerait pas au Grand Prix \u00e0 Motegi.<\/p>\n<p>Trackhouse confirme surveiller l&rsquo;\u00e9tat de sant\u00e9 du pilote japonais en collaboration avec l&rsquo;\u00e9quipe m\u00e9dicale du MotoGP\u2122. Sa participation au Grand Prix d&rsquo;Indon\u00e9sie le week-end prochain sera d\u00e9termin\u00e9e \u00e0 l&rsquo;arriv\u00e9e du team \u00e0 Lombok.<\/p>\n","protected":false},"excerpt":{"rendered":"Toujours touch\u00e9 suite \u00e0 sa chute \u00e0 Misano il y a deux semaines, Ai Ogura (Trackhouse MotoGP\u2122 Team)&hellip;\n","protected":false},"author":2,"featured_media":423027,"comment_status":"","ping_status":"","sticky":false,"template":"","format":"standard","meta":{"footnotes":""},"categories":[1413],"tags":[1011,27,1457,1456,60,2032],"class_list":{"0":"post-425050","1":"post","2":"type-post","3":"status-publish","4":"format-standard","5":"has-post-thumbnail","7":"category-moto","8":"tag-fr","9":"tag-france","10":"tag-moto","11":"tag-motocycle","12":"tag-sports","13":"tag-text"},"share_on_mastodon":{"url":"https:\/\/pubeurope.com\/@fr\/115285171566683600","error":""},"_links":{"self":[{"href":"https:\/\/www.europesays.com\/fr\/wp-json\/wp\/v2\/posts\/425050","targetHints":{"allow":["GET"]}}],"collection":[{"href":"https:\/\/www.europesays.com\/fr\/wp-json\/wp\/v2\/posts"}],"about":[{"href":"https:\/\/www.europesays.com\/fr\/wp-json\/wp\/v2\/types\/post"}],"author":[{"embeddable":true,"href":"https:\/\/www.europesays.com\/fr\/wp-json\/wp\/v2\/users\/2"}],"replies":[{"embeddable":true,"href":"https:\/\/www.europesays.com\/fr\/wp-json\/wp\/v2\/comments?post=425050"}],"version-history":[{"count":0,"href":"https:\/\/www.europesays.com\/fr\/wp-json\/wp\/v2\/posts\/425050\/revisions"}],"wp:featuredmedia":[{"embeddable":true,"href":"https:\/\/www.europesays.com\/fr\/wp-json\/wp\/v2\/media\/423027"}],"wp:attachment":[{"href":"https:\/\/www.europesays.com\/fr\/wp-json\/wp\/v2\/media?parent=425050"}],"wp:term":[{"taxonomy":"category","embeddable":true,"href":"https:\/\/www.europesays.com\/fr\/wp-json\/wp\/v2\/categories?post=425050"},{"taxonomy":"post_tag","embeddable":true,"href":"https:\/\/www.europesays.com\/fr\/wp-json\/wp\/v2\/tags?post=425050"}],"curies":[{"name":"wp","href":"https:\/\/api.w.org\/{rel}","templated":true}]}}