{"id":425051,"date":"2025-09-29T02:14:26","date_gmt":"2025-09-29T02:14:26","guid":{"rendered":"https:\/\/www.europesays.com\/fr\/425051\/"},"modified":"2025-09-29T02:14:26","modified_gmt":"2025-09-29T02:14:26","slug":"rallye-raid-la-perf-surprenante-de-sebastien-loeb-au-portugal","status":"publish","type":"post","link":"https:\/\/www.europesays.com\/fr\/425051\/","title":{"rendered":"Rallye-raid | La perf surprenante de S\u00e9bastien Loeb au Portugal"},"content":{"rendered":"<p><strong>C\u2019est officiel : nous n\u2019aurons plus \u00e0 stresser avec le rallye-raid du Portugal, et un possible succ\u00e8s de S\u00e9bastien Loeb. Pour la simple et bonne raison que celui-ci vient de se terminer.<\/strong><\/p>\n<p>S\u00e9bastien Loeb nous \u00e9pargne un dimanche douloureux<\/p>\n<p>Le rallye-raid du Portugal se terminait ce week-end, et nous allions enfin conna\u00eetre le d\u00e9nouement de cette course. Au programme de la\u00a0derni\u00e8re sp\u00e9ciale, une boucle de 103 kilom\u00e8tres \u00e9tait pr\u00e9vue autour de Lisbonne. La derni\u00e8re chance pour S\u00e9bastien Loeb de ravir la premi\u00e8re place au classement g\u00e9n\u00e9ral, ou le dernier risque plut\u00f4t. Mais\u00a0<a href=\"https:\/\/fflose.com\/race-of-champions-le-record-inadmissible-de-sebastien-loeb\/\" target=\"_blank\" rel=\"noopener\">le pilote Dacia<\/a> termine quatri\u00e8me de la derni\u00e8re \u00e9tape, et reste donc troisi\u00e8me au g\u00e9n\u00e9ral, \u00e0 dix minutes du vainqueur. Cette troisi\u00e8me place est le deuxi\u00e8me podium d\u2019affil\u00e9e du Fran\u00e7ais apr\u00e8s sa seconde place en Afrique du Sud. Tant qu\u2019il ne l\u00e8ve pas les bras sur la ligne d\u2019arriv\u00e9e, on prend.<\/p>\n<blockquote class=\"twitter-tweet\">\n<p dir=\"ltr\" lang=\"en\">\u2139\ufe0f MORAES HOLDS ON TO THE LEAD | ULTIMATE<\/p>\n<p>\ud83d\udd25 The first three Ultimate entries have wrapped up the special. S\u00e9bastien Loeb was faster than Henk Lategan and Lucas Moraes. The Toyota Gazoo Racing W2RC duo crossed swords for the top spot in the overall, with the rest of the field no\u2026 <a href=\"https:\/\/t.co\/H1HCIVlArz\">pic.twitter.com\/H1HCIVlArz<\/a><\/p>\n<p>\u2014 World Rally-Raid Championship \ud83d\ude97 \ud83c\udfcd (@OfficialW2RC) <a href=\"https:\/\/twitter.com\/OfficialW2RC\/status\/1971936828946010362?ref_src=twsrc%5Etfw\" target=\"_blank\" rel=\"noopener\">September 27, 2025<\/a><\/p>\n<\/blockquote>\n<blockquote>\n<p>\u00ab\u00a0C\u2019est un bon r\u00e9sultat. On a fait une petite erreur le deuxi\u00e8me jour, on s\u2019est retrouv\u00e9 avec 15 minutes de retard et c\u2019\u00e9tait d\u00e8s lors difficile d\u2019aller chercher la victoire. Mais la voiture a bien march\u00e9, nous avons bien roul\u00e9, ce qui nous a permis de reprendre un peu de temps. Ce podium est un r\u00e9sultat satisfaisant\u00a0\u00bb <a href=\"https:\/\/www.lequipe.fr\/Rallye-raid\/Actualites\/Lucas-moraes-remporte-le-rallye-raid-du-portugal-sebastien-loeb-termine-3e\/1597375\" target=\"_blank\" rel=\"noopener\">S\u00e9bastien Loeb<\/a><\/p>\n<\/blockquote>\n<p>                         <a href=\"https:\/\/fflose.com\/author\/tomgaleron\/\" class=\"url\" title=\"Tom\" target=\"_blank\" rel=\"noopener\"> <img loading=\"lazy\" decoding=\"async\" alt=\"Tom\" src=\"https:\/\/www.europesays.com\/fr\/wp-content\/uploads\/2025\/09\/1759112066_234_fa539669b9b6c266044bdafc0534c1c7e71784259f6e9e9e6fab2d5d73302c49\"  class=\"avatar avatar-250 photo\" height=\"250\" width=\"250\"\/><\/a> <\/p>\n<p>Natif de Marseille, autant vous dire qu&rsquo;il est pr\u00e9f\u00e9rable de ne pas me parler de football en ce moment. Merci pour votre compr\u00e9hension.<\/p>\n<p> <a href=\"https:\/\/fflose.com\/author\/tomgaleron\/\" class=\"url\" title=\"Tom\" target=\"_blank\" rel=\"noopener\"><img loading=\"lazy\" decoding=\"async\" alt=\"Tom\" src=\"https:\/\/www.europesays.com\/fr\/wp-content\/uploads\/2025\/09\/1759112066_234_fa539669b9b6c266044bdafc0534c1c7e71784259f6e9e9e6fab2d5d73302c49\"  class=\"avatar avatar-250 photo\" height=\"250\" width=\"250\"\/><\/a>  <\/p>\n<p><script async src=\"https:\/\/platform.twitter.com\/widgets.js\" charset=\"utf-8\"><\/script><\/p>\n","protected":false},"excerpt":{"rendered":"C\u2019est officiel : nous n\u2019aurons plus \u00e0 stresser avec le rallye-raid du Portugal, et un possible succ\u00e8s de&hellip;\n","protected":false},"author":2,"featured_media":112678,"comment_status":"","ping_status":"","sticky":false,"template":"","format":"standard","meta":{"footnotes":""},"categories":[1412],"tags":[1451,1452,1453,1454,1455,1011,27,60],"class_list":{"0":"post-425051","1":"post","2":"type-post","3":"status-publish","4":"format-standard","5":"has-post-thumbnail","7":"category-f1","8":"tag-f1","9":"tag-formula-1","10":"tag-formula1","11":"tag-formule-1","12":"tag-formule1","13":"tag-fr","14":"tag-france","15":"tag-sports"},"share_on_mastodon":{"url":"https:\/\/pubeurope.com\/@fr\/115285175376134959","error":""},"_links":{"self":[{"href":"https:\/\/www.europesays.com\/fr\/wp-json\/wp\/v2\/posts\/425051","targetHints":{"allow":["GET"]}}],"collection":[{"href":"https:\/\/www.europesays.com\/fr\/wp-json\/wp\/v2\/posts"}],"about":[{"href":"https:\/\/www.europesays.com\/fr\/wp-json\/wp\/v2\/types\/post"}],"author":[{"embeddable":true,"href":"https:\/\/www.europesays.com\/fr\/wp-json\/wp\/v2\/users\/2"}],"replies":[{"embeddable":true,"href":"https:\/\/www.europesays.com\/fr\/wp-json\/wp\/v2\/comments?post=425051"}],"version-history":[{"count":0,"href":"https:\/\/www.europesays.com\/fr\/wp-json\/wp\/v2\/posts\/425051\/revisions"}],"wp:featuredmedia":[{"embeddable":true,"href":"https:\/\/www.europesays.com\/fr\/wp-json\/wp\/v2\/media\/112678"}],"wp:attachment":[{"href":"https:\/\/www.europesays.com\/fr\/wp-json\/wp\/v2\/media?parent=425051"}],"wp:term":[{"taxonomy":"category","embeddable":true,"href":"https:\/\/www.europesays.com\/fr\/wp-json\/wp\/v2\/categories?post=425051"},{"taxonomy":"post_tag","embeddable":true,"href":"https:\/\/www.europesays.com\/fr\/wp-json\/wp\/v2\/tags?post=425051"}],"curies":[{"name":"wp","href":"https:\/\/api.w.org\/{rel}","templated":true}]}}