{"id":425056,"date":"2025-09-29T02:17:11","date_gmt":"2025-09-29T02:17:11","guid":{"rendered":"https:\/\/www.europesays.com\/fr\/425056\/"},"modified":"2025-09-29T02:17:11","modified_gmt":"2025-09-29T02:17:11","slug":"florent-pagny-evoque-sa-relation-avec-patrick-bruel-dans-20h30-le-dimanche","status":"publish","type":"post","link":"https:\/\/www.europesays.com\/fr\/425056\/","title":{"rendered":"Florent Pagny \u00e9voque sa relation avec Patrick Bruel dans \u00ab20h30 le dimanche\u00bb"},"content":{"rendered":"<p>    Florent Pagny dans \u00ab20h30 le dimanche\u00bb.<br \/>\n                Capture d&rsquo;\u00e9cran<\/p>\n<p>Le chanteur a sorti son dernier album intitul\u00e9 Grandeur nature le 12 septembre dernier. Il \u00e9tait \u00e0 cette occasion l\u2019invit\u00e9 de Laurent Delahousse sur France 2.<\/p>\n<p class=\"fig-paragraph\">Une amiti\u00e9 de longue date.\u00a0<a href=\"https:\/\/www.lefigaro.fr\/tag\/florent-pagny\" target=\"_blank\" rel=\"sponsored noopener\" data-gtm-custom-categorie=\"navigation\" data-gtm-custom-action=\"crossclick\" data-gtm-custom-label=\"Contextuel\" data-gtm-event=\"customEventSPE\">Florent Pagny<\/a>\u00a0\u00e9tait l\u2019invit\u00e9 ce 28 septembre de Laurent Delahousse dans \u00ab20h30 le dimanche\u00bb \u00e0 l\u2019occasion de la sortie r\u00e9cente de son nouvel album, intitul\u00e9 Grandeur nature. Et s\u2019il \u00e9volue et performe dans le monde de la musique depuis plus de trente ans, l\u2019artiste a d\u00e9but\u00e9 sa carri\u00e8re en tant que com\u00e9dien.<\/p>\n<p class=\"fig-paragraph\">En 1976, \u00e0 son arriv\u00e9e \u00e0 Paris, Florent Pagny prend des cours de th\u00e9\u00e2tre pour se faire une place dans le monde du cin\u00e9ma. \u00c0 cette m\u00eame \u00e9poque, il rencontre un confr\u00e8re, bien connu du grand public, un certain \u00abBruldu\u00bb.\u00a0<a href=\"http:\/\/tvmag.lefigaro.fr\/programme-tv\/people\/patrick-bruel-on-aimerait-entendre-la-voix-de-pierre-benichou-aujourd-hui-20250331\" data-fig-type=\"Article\" data-gtm-custom-categorie=\"navigation\" data-gtm-custom-action=\"crossclick\" data-gtm-custom-label=\"Contextuel\" data-gtm-event=\"customEventSPE\" data-fig-domain=\"TVMAG\" target=\"_blank\" rel=\"noopener\">Patrick Bruel.<\/a>\u00a0\u00abC\u2019\u00e9tait incroyable, sur tous les castings qu\u2019on faisait on finissait toujours par nous dire qu\u2019on \u00e9tait plus que deux. Lui, on lui annon\u00e7ait que c\u2019\u00e9tait Pagny, et moi on m\u2019annon\u00e7ait que c\u2019\u00e9tait Bruel\u00bb, se souvient avec tendresse l\u2019interpr\u00e8te de Savoir aimer sans pour autant \u00e9luder une petite rivalit\u00e9.<\/p>\n<p class=\"fig-body-link\">\n            \u00c0 lire aussi<br \/>\n        <a class=\"fig-body-link__link\" href=\"http:\/\/tvmag.lefigaro.fr\/programme-tv\/actu-tele\/paris-match-me-l-a-fait-a-l-envers-malaise-sur-le-plateau-de-c-a-vous-florent-pagny-tacle-le-magazine-20250915\" target=\"_blank\" data-fig-type=\"Article\" rel=\"noopener\" data-gtm-custom-categorie=\"navigation\" data-gtm-custom-action=\"crossclick\" data-gtm-custom-label=\"Contextuel\" data-gtm-event=\"customEventSPE\" data-fig-domain=\"TVMAG\">\u00abParis Match me l\u2019a fait \u00e0 l\u2019envers\u00bb\u00a0: malaise sur le plateau de \u00abC \u00e0 vous\u00bb, Florent Pagny tacle le magazine<br \/>\n    <\/a>\n<\/p>\n<p>                                    <a class=\"fig-a11y-skip a11y-hidden\" href=\"#fig-a11y-skip-main-inarticle\"><br \/>\n        Passer la publicit\u00e9<br \/>\n    <\/a><\/p>\n<p class=\"fig-paragraph\">\u00abLe jour o\u00f9 on s\u2019est rencontr\u00e9s, c\u2019\u00e9tait dans une bo\u00eete, on nous pr\u00e9sente \u00e0 une table, on se regarde en se disant qu\u2019on est vraiment diff\u00e9rents et pourtant on est toujours sur les m\u00eames r\u00f4les\u00bb, partage Florent Pagny avant de reconna\u00eetre que cette soir\u00e9e avait tout chang\u00e9. \u00ab\u00c0 partir de ce soir-l\u00e0, pendant deux ans de notre vie, on ne s\u2019est pas l\u00e2ch\u00e9s. On a vraiment pass\u00e9 toutes nos soir\u00e9es ensemble. Il \u00e9tait au th\u00e9\u00e2tre et \u00e0 l\u2019arm\u00e9e. Donc on allait le chercher, on l\u2019attendait \u00e0 la sortie du th\u00e9\u00e2tre, il repartait \u00e0 la caserne, on le r\u00e9cup\u00e9rait le lendemain\u00bb, explique l\u2019artiste tout en d\u00e9plorant n\u2019avoir partag\u00e9 que tr\u00e8s peu d\u2019instants professionnels avec Patrick Bruel.<\/p>\n<p class=\"fig-paragraph\">\u00abOn a jamais vraiment tourn\u00e9 ensemble\u00bb, souligne-t-il en ajoutant avec le sourire\u00a0: \u00abMais le destin a fait que, m\u00eame dans la chanson, c\u2019est un peu mon alter ego. C\u2019est-\u00e0-dire que c\u2019est ma g\u00e9n\u00e9ration. Il a fait le parcours. Mais lui tourne beaucoup plus que moi, et tant mieux parce que comme \u00e7a moi je peux aller vivre ma vie tranquille.\u00bb Malgr\u00e9 ce lien particulier unissant les deux hommes, ils n\u2019ont jamais d\u00e9velopp\u00e9 cette amiti\u00e9 dans la sph\u00e8re professionnelle.<\/p>\n","protected":false},"excerpt":{"rendered":"Florent Pagny dans \u00ab20h30 le dimanche\u00bb. Capture d&rsquo;\u00e9cran Le chanteur a sorti son dernier album intitul\u00e9 Grandeur nature&hellip;\n","protected":false},"author":2,"featured_media":425057,"comment_status":"","ping_status":"","sticky":false,"template":"","format":"standard","meta":{"footnotes":""},"categories":[1359],"tags":[58,59,3109,1011,27,5473,973],"class_list":{"0":"post-425056","1":"post","2":"type-post","3":"status-publish","4":"format-standard","5":"has-post-thumbnail","7":"category-people","8":"tag-divertissement","9":"tag-entertainment","10":"tag-florent-pagny","11":"tag-fr","12":"tag-france","13":"tag-patrick-bruel","14":"tag-people"},"share_on_mastodon":{"url":"https:\/\/pubeurope.com\/@fr\/115285186575660779","error":""},"_links":{"self":[{"href":"https:\/\/www.europesays.com\/fr\/wp-json\/wp\/v2\/posts\/425056","targetHints":{"allow":["GET"]}}],"collection":[{"href":"https:\/\/www.europesays.com\/fr\/wp-json\/wp\/v2\/posts"}],"about":[{"href":"https:\/\/www.europesays.com\/fr\/wp-json\/wp\/v2\/types\/post"}],"author":[{"embeddable":true,"href":"https:\/\/www.europesays.com\/fr\/wp-json\/wp\/v2\/users\/2"}],"replies":[{"embeddable":true,"href":"https:\/\/www.europesays.com\/fr\/wp-json\/wp\/v2\/comments?post=425056"}],"version-history":[{"count":0,"href":"https:\/\/www.europesays.com\/fr\/wp-json\/wp\/v2\/posts\/425056\/revisions"}],"wp:featuredmedia":[{"embeddable":true,"href":"https:\/\/www.europesays.com\/fr\/wp-json\/wp\/v2\/media\/425057"}],"wp:attachment":[{"href":"https:\/\/www.europesays.com\/fr\/wp-json\/wp\/v2\/media?parent=425056"}],"wp:term":[{"taxonomy":"category","embeddable":true,"href":"https:\/\/www.europesays.com\/fr\/wp-json\/wp\/v2\/categories?post=425056"},{"taxonomy":"post_tag","embeddable":true,"href":"https:\/\/www.europesays.com\/fr\/wp-json\/wp\/v2\/tags?post=425056"}],"curies":[{"name":"wp","href":"https:\/\/api.w.org\/{rel}","templated":true}]}}