{"id":425058,"date":"2025-09-29T02:18:13","date_gmt":"2025-09-29T02:18:13","guid":{"rendered":"https:\/\/www.europesays.com\/fr\/425058\/"},"modified":"2025-09-29T02:18:13","modified_gmt":"2025-09-29T02:18:13","slug":"le-leopard-de-lexposition-ca-cartonne-en-centre-ville-endommage-a-agen","status":"publish","type":"post","link":"https:\/\/www.europesays.com\/fr\/425058\/","title":{"rendered":"Le l\u00e9opard de l\u2019exposition \u00ab\u00a0\u00c7a cartonne en centre-ville\u00a0\u00bb endommag\u00e9 \u00e0 Agen"},"content":{"rendered":"<p>\n                                                                Ce week-end, l\u2019une des sculptures de St\u00e9phane Munoz install\u00e9e place des Laitiers \u00e0 Agen a \u00e9t\u00e9 retrouv\u00e9e d\u00e9tach\u00e9e de son socle.\n                            <\/p>\n<p>Samedi, au petit matin, les habitants du centre-ville d\u2019Agen ont eu une dr\u00f4le de surprise\u00a0: l\u2019une des huit sculptures de l\u2019exposition \u00ab\u00a0\u00c7a cartonne en centre-ville\u00a0\u00bb, install\u00e9e place des Laitiers, a\u00a0\u00e9t\u00e9 retrouv\u00e9e au sol. Le corps du f\u00e9lin orange gisait sur le trottoir, d\u00e9tach\u00e9 de sa patte rest\u00e9e fix\u00e9e sur le socle.<\/p>\n<p>\u00ab\u00a0Je n\u2019en sais pas plus que vous\u00a0\u00bb, confie l\u2019artiste n\u00e9racais St\u00e9phane Munoz, cr\u00e9ateur de ces \u0153uvres en carton. \u00ab\u00a0J\u2019ai appris la nouvelle par un proche qui m\u2019a envoy\u00e9 une photo. Dans l\u2019apr\u00e8s-midi, j\u2019ai su que la sculpture avait \u00e9t\u00e9 r\u00e9cup\u00e9r\u00e9e par les services municipaux.\u00a0\u00bb<\/p>\n<p class=\"std-elt__inline\">\n        <strong>\u00c0 lire aussi :<\/strong><br \/>\n        <a href=\"https:\/\/www.petitbleu.fr\/2025\/06\/12\/le-carton-cest-infini-de-possibilites-lart-sexpose-dans-le-centre-ville-dagen-12757210.php\" rel=\"nofollow noopener\" target=\"_blank\">\u00ab\u00a0Le carton, c\u2019est infini de possibilit\u00e9s\u00a0\u00bb\u00a0: l\u2019art s\u2019expose dans le centre-ville d\u2019Agen<\/a>\n    <\/p>\n<p>\u00ab\u00a0Cela fait partie du jeu\u00a0\u00bb<\/p>\n<p>        <img decoding=\"async\" class=\"std-img__img responsive-img\" src=\"https:\/\/www.europesays.com\/fr\/wp-content\/uploads\/2025\/09\/1759112293_779_image.jpg\" alt=\"Le l\u00e9opard orange avait \u00e9lu domicile sur la place des Laitiers depuis trois mois.\"\/><\/p>\n<p>                Le l\u00e9opard orange avait \u00e9lu domicile sur la place des Laitiers depuis trois mois.<br \/>\n                                    DDM &#8211; MORAD CHERCHARI<\/p>\n<p>L\u2019exposition, lanc\u00e9e il y a trois mois jour pour jour, doit s\u2019achever le 30\u00a0octobre. Jusqu\u2019ici, aucun incident majeur n\u2019avait \u00e9t\u00e9 signal\u00e9, hormis un petit tag, d\u00e9j\u00e0 sur cette m\u00eame sculpture. Une enqu\u00eate devrait rapidement permettre de faire la lumi\u00e8re sur cet acte, la place des Laitiers \u00e9tant \u00e9quip\u00e9e de cam\u00e9ras de surveillance.<\/p>\n<p>\u00ab\u00a0J\u2019avais fait le n\u00e9cessaire pour qu\u2019il n\u2019y ait pas d\u2019accident si jamais quelqu\u2019un montait dessus, mais ce n\u2019est pas fait pour faire du rod\u00e9o\u00a0\u00bb, souligne-t-il. S\u2019il aurait pr\u00e9f\u00e9r\u00e9 \u00e9viter cette m\u00e9saventure, il relativise\u00a0: \u00ab\u00a0quand on expose dans la rue, cela fait partie du jeu\u00a0\u00bb.<\/p>\n<p>La sculpture devrait normalement \u00eatre restaur\u00e9e d\u2019ici les prochains jours.\u00a0\u00ab\u00a0Il faut tout repeindre, tout re-glacer et raccrocher la panth\u00e8re \u00e0 la jambe\u00a0\u00bb, conclut St\u00e9phane Munoz.\u00a0Reste \u00e0 esp\u00e9rer que l\u2019exposition pourra se poursuivre sereinement, sans nouvel incident, jusqu\u2019\u00e0 son terme.<\/p>\n","protected":false},"excerpt":{"rendered":"Ce week-end, l\u2019une des sculptures de St\u00e9phane Munoz install\u00e9e place des Laitiers \u00e0 Agen a \u00e9t\u00e9 retrouv\u00e9e d\u00e9tach\u00e9e&hellip;\n","protected":false},"author":2,"featured_media":425059,"comment_status":"","ping_status":"","sticky":false,"template":"","format":"standard","meta":{"footnotes":""},"categories":[1358],"tags":[1348,1384,1385,1386,58,59,1011,27],"class_list":{"0":"post-425058","1":"post","2":"type-post","3":"status-publish","4":"format-standard","5":"has-post-thumbnail","7":"category-arts-et-design","8":"tag-arts","9":"tag-arts-and-design","10":"tag-arts-et-design","11":"tag-design","12":"tag-divertissement","13":"tag-entertainment","14":"tag-fr","15":"tag-france"},"share_on_mastodon":{"url":"https:\/\/pubeurope.com\/@fr\/115285191617525693","error":""},"_links":{"self":[{"href":"https:\/\/www.europesays.com\/fr\/wp-json\/wp\/v2\/posts\/425058","targetHints":{"allow":["GET"]}}],"collection":[{"href":"https:\/\/www.europesays.com\/fr\/wp-json\/wp\/v2\/posts"}],"about":[{"href":"https:\/\/www.europesays.com\/fr\/wp-json\/wp\/v2\/types\/post"}],"author":[{"embeddable":true,"href":"https:\/\/www.europesays.com\/fr\/wp-json\/wp\/v2\/users\/2"}],"replies":[{"embeddable":true,"href":"https:\/\/www.europesays.com\/fr\/wp-json\/wp\/v2\/comments?post=425058"}],"version-history":[{"count":0,"href":"https:\/\/www.europesays.com\/fr\/wp-json\/wp\/v2\/posts\/425058\/revisions"}],"wp:featuredmedia":[{"embeddable":true,"href":"https:\/\/www.europesays.com\/fr\/wp-json\/wp\/v2\/media\/425059"}],"wp:attachment":[{"href":"https:\/\/www.europesays.com\/fr\/wp-json\/wp\/v2\/media?parent=425058"}],"wp:term":[{"taxonomy":"category","embeddable":true,"href":"https:\/\/www.europesays.com\/fr\/wp-json\/wp\/v2\/categories?post=425058"},{"taxonomy":"post_tag","embeddable":true,"href":"https:\/\/www.europesays.com\/fr\/wp-json\/wp\/v2\/tags?post=425058"}],"curies":[{"name":"wp","href":"https:\/\/api.w.org\/{rel}","templated":true}]}}