{"id":425060,"date":"2025-09-29T02:19:13","date_gmt":"2025-09-29T02:19:13","guid":{"rendered":"https:\/\/www.europesays.com\/fr\/425060\/"},"modified":"2025-09-29T02:19:13","modified_gmt":"2025-09-29T02:19:13","slug":"plus-de-20-000-visiteurs-au-salon-du-livre-a-place-centre-ville-jonquiere","status":"publish","type":"post","link":"https:\/\/www.europesays.com\/fr\/425060\/","title":{"rendered":"Plus de 20\u00a0000\u00a0visiteurs au Salon du livre \u00e0 Place Centre-Ville Jonqui\u00e8re"},"content":{"rendered":"<p class=\"sc-jbo7hw-7 bDkRIk\">Les amateurs de lecture ont \u00e9t\u00e9 au rendez-vous au 61e\u00a0Salon du livre du Saguenay-Lac-Saint-Jean. Plus de 20\u00a0000\u00a0personnes ont pris part \u00e0 l&rsquo;\u00e9v\u00e9nement qui s\u2019est tenu du 25\u00a0au\u00a028\u00a0septembre.<\/p>\n<p class=\"sc-jbo7hw-7 bDkRIk\">C&rsquo;\u00e9tait la premi\u00e8re fois que le Salon se tenait \u00e0 Place Centre-Ville Jonqui\u00e8re. Ce changement \u00e9tait un pari que la co-directrice g\u00e9n\u00e9rale Sylvie Marcoux estime avoir gagn\u00e9.<\/p>\n<p class=\"sc-jbo7hw-7 bDkRIk\">C\u2019\u00e9tait un gros stress, a confi\u00e9 Mme\u00a0Marcoux. En fait, \u00e7a fait 35\u00a0ans que le Salon est au Delta. Donc, changer les habitudes d\u2019au moins deux g\u00e9n\u00e9rations, c\u2019\u00e9tait un grand d\u00e9fi et je pense qu\u2019on l\u2019a relev\u00e9. On a mis beaucoup d\u2019affichage. On l\u2019a r\u00e9p\u00e9t\u00e9, r\u00e9p\u00e9t\u00e9 et r\u00e9p\u00e9t\u00e9 partout, d\u00e8s qu\u2019on avait l\u2019occasion, qu\u2019on changeait pour Place Centre-Ville. Et, les gens, les amoureux du livre, ont suivi.<\/p>\n<p><img decoding=\"async\" alt=\"R\u00e9gis Labeaume et Karine Gagnon en entrevue radio.\" class=\"absolute left-0 top-0 size-full object-cover transition-opacity ease-out print:relative html-dark:brightness-[.8]\" loading=\"lazy\" src=\"https:\/\/www.europesays.com\/fr\/wp-content\/uploads\/2025\/09\/regis-labeaume-karine-gagnon.jpeg\"\/>Ouvrir en mode plein \u00e9cran<\/p>\n<p class=\"sc-ic6be9-2 kYrgAK\">L&rsquo;\u00e9mission de radio de Radio-Canada \u00ab Place publique \u00bb a \u00e9t\u00e9 diffus\u00e9e en direct du Salon du livre, le 26 septembre. <\/p>\n<p class=\"sc-ic6be9-1 cJJtvJ text-gray600 light:text-gray600 dark:text-gray400\">Photo : Radio-Canada \/ Julien B. Gauthier<\/p>\n<p class=\"sc-jbo7hw-7 bDkRIk\">L&rsquo;\u00e9quipe de gestion du Salon du livre devra se concerter avant de d\u00e9terminer si l&rsquo;\u00e9v\u00e9nement demeurera \u00e0  Place Centre-Ville ou s&rsquo;il retournera au Centre des congr\u00e8s de l&rsquo;h\u00f4tel Delta Saguenay, l\u2019an prochain. La co-directrice Virginie Gagnon indique que cette r\u00e9flexion sera amorc\u00e9e rapidement.<\/p>\n<p class=\"sc-jbo7hw-7 bDkRIk\">C\u2019\u00e9tait pour une \u00e9dition, on va voir \u00e9videmment, a-t-elle affirm\u00e9. D\u00e8s que le Salon se termine, on pense d\u00e9j\u00e0 \u00e0 l\u2019ann\u00e9e prochaine, on \u00e9value ce qu\u2019on va faire. Les \u00e9diteurs, les auteurs, la population, nous, on aime le lieu. Donc, c\u2019est s\u00fbr qu\u2019on va voir ce qu\u2019il est possible de faire l\u2019ann\u00e9e prochaine.<\/p>\n<p>Une retraite m\u00e9rit\u00e9e<\/p>\n<p class=\"sc-jbo7hw-7 bDkRIk\">L&rsquo;heure de la retraite a toutefois sonn\u00e9 pour Sylvie Marcoux. Celle qui a \u00e9t\u00e9 \u00e0 la t\u00eate du Salon du livre pendant 15\u00a0ans passe officiellement le flambeau \u00e0 Virginie Gagnon, qui devient l&rsquo;unique directrice g\u00e9n\u00e9rale de l&rsquo;\u00e9v\u00e9nement.<\/p>\n<p class=\"sc-jbo7hw-7 bDkRIk\">Je pense qu\u2019une seule directrice cette ann\u00e9e, avec tous les d\u00e9fis, le dernier mois aurait \u00e9t\u00e9 atroce, a racont\u00e9 Mme\u00a0Marcoux. On n\u2019a pas \u00e9t\u00e9 de trop, d\u2019\u00eatre deux.<\/p>\n<p><img decoding=\"async\" alt=\"Virginie Gagnon et Sylvie Marcoux prennent la pose.\" class=\"absolute left-0 top-0 size-full object-cover transition-opacity ease-out print:relative html-dark:brightness-[.8]\" loading=\"lazy\" src=\"https:\/\/www.europesays.com\/fr\/wp-content\/uploads\/2025\/09\/virginie-gagnon-sylvie-marcoux-salon-du-livre-saguenay-lac-saint-jean.jpg\"\/>Ouvrir en mode plein \u00e9cran<\/p>\n<p class=\"sc-ic6be9-2 kYrgAK\">Virginie Gagnon et Sylvie Marcoux ont codirig\u00e9 le 61e Salon du livre du Saguenay-Lac-Saint-Jean.<\/p>\n<p class=\"sc-ic6be9-1 cJJtvJ text-gray600 light:text-gray600 dark:text-gray400\">Photo : Radio-Canada \/ Jean-Fran\u00e7ois Coulombe<\/p>\n<p class=\"sc-jbo7hw-7 bDkRIk\">Sylvie Marcoux devait prendre sa retraite l&rsquo;an dernier, mais <a tabindex=\"0\" class=\"border-b border-solid transition-colors text-blue600 hover:text-blue600 light:text-blue600 light:hover:text-blue600 dark:text-blue400 dark:hover:text-blue400 border-gray900\/25 light:border-gray900\/25 dark:border-gray100\/25 hover:border-blue600 light:hover:border-blue600 dark:hover:border-blue400 hover:bg-gray999\/10 light:hover:bg-gray999\/10 dark:hover:bg-gray0\/10\" href=\"https:\/\/ici.radio-canada.ca\/nouvelle\/2120176\/litterature-evenement-retour-arts-culture\" target=\"_blank\" rel=\"noopener\">elle est toutefois revenue<\/a> donner un coup de pouce \u00e0 Virginie Gagnon, qui \u00e9tait en cong\u00e9 maternit\u00e9.<\/p>\n<p class=\"sc-jbo7hw-7 bDkRIk\">Ce n\u2019est pas un centre des congr\u00e8s, ici, a ajout\u00e9 Virginie Gagnon. On a transform\u00e9 un local \u00e0 bureaux en centre des congr\u00e8s. Donc, il y avait une direction de salon \u00e0 faire et une direction de centre des congr\u00e8s \u00e0 faire, donc, on a g\u00e9r\u00e9 vraiment dans tous les d\u00e9tails tr\u00e8s techniques. \u00c7a a bien fait qu\u2019on soit deux.<\/p>\n<p class=\"sc-jbo7hw-7 bDkRIk\">Selon l\u2019Association qu\u00e9b\u00e9coise des salons du livre, le prochain salon du Saguenay-Lac-Saint-Jean aura lieu du 1er\u00a0au 4\u00a0octobre\u00a02026.<\/p>\n<p class=\"sc-jbo7hw-7 bDkRIk\">Selon une entrevue de Jean-Fran\u00e7ois Coulombe<\/p>\n","protected":false},"excerpt":{"rendered":"Les amateurs de lecture ont \u00e9t\u00e9 au rendez-vous au 61e\u00a0Salon du livre du Saguenay-Lac-Saint-Jean. Plus de 20\u00a0000\u00a0personnes ont&hellip;\n","protected":false},"author":2,"featured_media":425061,"comment_status":"","ping_status":"","sticky":false,"template":"","format":"standard","meta":{"footnotes":""},"categories":[1357],"tags":[1379,58,59,1011,27,1380],"class_list":{"0":"post-425060","1":"post","2":"type-post","3":"status-publish","4":"format-standard","5":"has-post-thumbnail","7":"category-livres","8":"tag-books","9":"tag-divertissement","10":"tag-entertainment","11":"tag-fr","12":"tag-france","13":"tag-livres"},"share_on_mastodon":{"url":"https:\/\/pubeurope.com\/@fr\/115285194480267277","error":""},"_links":{"self":[{"href":"https:\/\/www.europesays.com\/fr\/wp-json\/wp\/v2\/posts\/425060","targetHints":{"allow":["GET"]}}],"collection":[{"href":"https:\/\/www.europesays.com\/fr\/wp-json\/wp\/v2\/posts"}],"about":[{"href":"https:\/\/www.europesays.com\/fr\/wp-json\/wp\/v2\/types\/post"}],"author":[{"embeddable":true,"href":"https:\/\/www.europesays.com\/fr\/wp-json\/wp\/v2\/users\/2"}],"replies":[{"embeddable":true,"href":"https:\/\/www.europesays.com\/fr\/wp-json\/wp\/v2\/comments?post=425060"}],"version-history":[{"count":0,"href":"https:\/\/www.europesays.com\/fr\/wp-json\/wp\/v2\/posts\/425060\/revisions"}],"wp:featuredmedia":[{"embeddable":true,"href":"https:\/\/www.europesays.com\/fr\/wp-json\/wp\/v2\/media\/425061"}],"wp:attachment":[{"href":"https:\/\/www.europesays.com\/fr\/wp-json\/wp\/v2\/media?parent=425060"}],"wp:term":[{"taxonomy":"category","embeddable":true,"href":"https:\/\/www.europesays.com\/fr\/wp-json\/wp\/v2\/categories?post=425060"},{"taxonomy":"post_tag","embeddable":true,"href":"https:\/\/www.europesays.com\/fr\/wp-json\/wp\/v2\/tags?post=425060"}],"curies":[{"name":"wp","href":"https:\/\/api.w.org\/{rel}","templated":true}]}}