{"id":425064,"date":"2025-09-29T02:22:15","date_gmt":"2025-09-29T02:22:15","guid":{"rendered":"https:\/\/www.europesays.com\/fr\/425064\/"},"modified":"2025-09-29T02:22:15","modified_gmt":"2025-09-29T02:22:15","slug":"ce-chanteur-qui-a-traverse-latlantique-pour-lui-venir-en-aide","status":"publish","type":"post","link":"https:\/\/www.europesays.com\/fr\/425064\/","title":{"rendered":"ce chanteur qui a travers\u00e9 l&rsquo;Atlantique pour lui venir en aide"},"content":{"rendered":"<p><strong>Pilier. <\/strong>Invit\u00e9e dans\u00a0La bo\u00eete \u00e0 secrets pour faire une surprise \u00e0 Garou,\u00a0<a href=\"https:\/\/www.journaldesfemmes.fr\/people\/personnalites\/2696127-natasha-st-pier-age-vie-privee-dals-infos\/\" title=\"Natasha St-Pier\" target=\"_blank\" rel=\"noopener\">Natasha St-Pier<\/a> a expliqu\u00e9 qu&rsquo;il avait toujours \u00e9t\u00e9 un ami fid\u00e8le et qu&rsquo;il avait un jour fait un long voyage pour elle ! \u00ab\u00a0J&rsquo;ai un souvenir. Garou \u00e9tait au Canada, j&rsquo;\u00e9tais triste, je n&rsquo;allais pas bien, j&rsquo;\u00e9tais en tourn\u00e9e en Suisse et je l&rsquo;appelle pour me confier \u00e0 un ami au t\u00e9l\u00e9phone. Il est venu en Suisse me voir pour me remonter le moral. C&rsquo;est un vrai ami\u00a0\u00bb, a, en effet, expliqu\u00e9 la chanteuse de 44 ans.<\/p>\n","protected":false},"excerpt":{"rendered":"Pilier. Invit\u00e9e dans\u00a0La bo\u00eete \u00e0 secrets pour faire une surprise \u00e0 Garou,\u00a0Natasha St-Pier a expliqu\u00e9 qu&rsquo;il avait toujours&hellip;\n","protected":false},"author":2,"featured_media":425065,"comment_status":"","ping_status":"","sticky":false,"template":"","format":"standard","meta":{"footnotes":""},"categories":[1355],"tags":[55421,51761,58,59,52292,1011,27,51766,1031,1361,873,13783],"class_list":{"0":"post-425064","1":"post","2":"type-post","3":"status-publish","4":"format-standard","5":"has-post-thumbnail","7":"category-musique","8":"tag-cms-journaldesfemmes-3242726","9":"tag-controller-content","10":"tag-divertissement","11":"tag-entertainment","12":"tag-format-reportage","13":"tag-fr","14":"tag-france","15":"tag-les-histoires-du-jdf","16":"tag-magazine","17":"tag-music","18":"tag-musique","19":"tag-natasha-st-pier"},"share_on_mastodon":{"url":"https:\/\/pubeurope.com\/@fr\/115285206483277834","error":""},"_links":{"self":[{"href":"https:\/\/www.europesays.com\/fr\/wp-json\/wp\/v2\/posts\/425064","targetHints":{"allow":["GET"]}}],"collection":[{"href":"https:\/\/www.europesays.com\/fr\/wp-json\/wp\/v2\/posts"}],"about":[{"href":"https:\/\/www.europesays.com\/fr\/wp-json\/wp\/v2\/types\/post"}],"author":[{"embeddable":true,"href":"https:\/\/www.europesays.com\/fr\/wp-json\/wp\/v2\/users\/2"}],"replies":[{"embeddable":true,"href":"https:\/\/www.europesays.com\/fr\/wp-json\/wp\/v2\/comments?post=425064"}],"version-history":[{"count":0,"href":"https:\/\/www.europesays.com\/fr\/wp-json\/wp\/v2\/posts\/425064\/revisions"}],"wp:featuredmedia":[{"embeddable":true,"href":"https:\/\/www.europesays.com\/fr\/wp-json\/wp\/v2\/media\/425065"}],"wp:attachment":[{"href":"https:\/\/www.europesays.com\/fr\/wp-json\/wp\/v2\/media?parent=425064"}],"wp:term":[{"taxonomy":"category","embeddable":true,"href":"https:\/\/www.europesays.com\/fr\/wp-json\/wp\/v2\/categories?post=425064"},{"taxonomy":"post_tag","embeddable":true,"href":"https:\/\/www.europesays.com\/fr\/wp-json\/wp\/v2\/tags?post=425064"}],"curies":[{"name":"wp","href":"https:\/\/api.w.org\/{rel}","templated":true}]}}